{"id":25942,"date":"2023-07-04T11:00:25","date_gmt":"2023-07-04T14:00:25","guid":{"rendered":"https:\/\/www.paudalho.pe.gov.br\/portal\/?p=25942"},"modified":"2025-01-08T00:38:52","modified_gmt":"2025-01-08T03:38:52","slug":"inscricoes-abertas-para-casamento-comunitario-em-paudalho","status":"publish","type":"post","link":"https:\/\/www.paudalho.pe.gov.br\/portal\/inscricoes-abertas-para-casamento-comunitario-em-paudalho\/","title":{"rendered":"<strong>Inscri\u00e7\u00f5es abertas para Casamento Comunit\u00e1rio em Paudalho<\/strong>"},"content":{"rendered":"\n<p>A Prefeitura do Paudalho, por meio da Secretaria de Desenvolvimento e Assist\u00eancia Social, abre as inscri\u00e7\u00f5es para o Casamento Comunit\u00e1rio. A a\u00e7\u00e3o \u00e9 gratuita e ocorre do dia 3 a 14 de julho, das 9h \u00e0s 15h, na sede do Programa Bolsa Fam\u00edlia e Cad\u00danico, que fica localizado na Pra\u00e7a Santa Tereza, no Centro do Munic\u00edpio.<\/p>\n\n\n\n<p>Para se inscrever, ambos os noivos precisam estar cadastrados no Cad\u00danico e apresentar os seguintes documentos: RG e CPF originais, foto 3&#215;4 e comprovante de resid\u00eancia. No caso de noivos solteiros, \u00e9 necess\u00e1rio apresentar tamb\u00e9m a certid\u00e3o de nascimento. J\u00e1 para os noivos vi\u00favos, \u00e9 preciso apresentar a certid\u00e3o de casamento com averba\u00e7\u00e3o de \u00f3bito e certid\u00e3o de \u00f3bito do c\u00f4njuge falecido. Para os noivos divorciados, \u00e9 necess\u00e1rio tamb\u00e9m apresentar a certid\u00e3o de casamento com averba\u00e7\u00e3o de div\u00f3rcio.<\/p>\n\n\n\n<p>O Casamento Comunit\u00e1rio busca regularizar a uni\u00e3o de casais, estreitar e fortalecer la\u00e7os familiares, al\u00e9m de realizar sonhos e garantir \u00e0s fam\u00edlias de terem seus direitos civis assegurados.<\/p>\n","protected":false},"excerpt":{"rendered":"<p>A Prefeitura do Paudalho, por meio da Secretaria de Desenvolvimento e Assist\u00eancia Social, abre as inscri\u00e7\u00f5es para o Casamento Comunit\u00e1rio. A a\u00e7\u00e3o \u00e9 gratuita e ocorre do dia 3 a 14 de julho, das 9h \u00e0s 15h, na sede do Programa Bolsa Fam\u00edlia e Cad\u00danico, que fica localizado na Pra\u00e7a Santa Tereza, no Centro do [&hellip;]<\/p>\n","protected":false},"author":10,"featured_media":25966,"comment_status":"open","ping_status":"open","sticky":false,"template":"","format":"standard","meta":{"_jetpack_newsletter_access":"","_jetpack_dont_email_post_to_subs":false,"_jetpack_newsletter_tier_id":0,"_jetpack_memberships_contains_paywalled_content":false,"_jetpack_memberships_contains_paid_content":false,"footnotes":""},"categories":[850,2,1],"tags":[],"class_list":["post-25942","post","type-post","status-publish","format-standard","has-post-thumbnail","hentry","category-assistencia-social","category-destaque","category-noticias"],"jetpack_featured_media_url":"https:\/\/www.paudalho.pe.gov.br\/portal\/wp-content\/uploads\/2023\/06\/IMG_2079-scaled.jpg","jetpack_sharing_enabled":true,"jetpack_shortlink":"https:\/\/wp.me\/p98mS2-6Kq","_links":{"self":[{"href":"https:\/\/www.paudalho.pe.gov.br\/portal\/wp-json\/wp\/v2\/posts\/25942","targetHints":{"allow":["GET"]}}],"collection":[{"href":"https:\/\/www.paudalho.pe.gov.br\/portal\/wp-json\/wp\/v2\/posts"}],"about":[{"href":"https:\/\/www.paudalho.pe.gov.br\/portal\/wp-json\/wp\/v2\/types\/post"}],"author":[{"embeddable":true,"href":"https:\/\/www.paudalho.pe.gov.br\/portal\/wp-json\/wp\/v2\/users\/10"}],"replies":[{"embeddable":true,"href":"https:\/\/www.paudalho.pe.gov.br\/portal\/wp-json\/wp\/v2\/comments?post=25942"}],"version-history":[{"count":1,"href":"https:\/\/www.paudalho.pe.gov.br\/portal\/wp-json\/wp\/v2\/posts\/25942\/revisions"}],"predecessor-version":[{"id":25947,"href":"https:\/\/www.paudalho.pe.gov.br\/portal\/wp-json\/wp\/v2\/posts\/25942\/revisions\/25947"}],"wp:featuredmedia":[{"embeddable":true,"href":"https:\/\/www.paudalho.pe.gov.br\/portal\/wp-json\/wp\/v2\/media\/25966"}],"wp:attachment":[{"href":"https:\/\/www.paudalho.pe.gov.br\/portal\/wp-json\/wp\/v2\/media?parent=25942"}],"wp:term":[{"taxonomy":"category","embeddable":true,"href":"https:\/\/www.paudalho.pe.gov.br\/portal\/wp-json\/wp\/v2\/categories?post=25942"},{"taxonomy":"post_tag","embeddable":true,"href":"https:\/\/www.paudalho.pe.gov.br\/portal\/wp-json\/wp\/v2\/tags?post=25942"}],"curies":[{"name":"wp","href":"https:\/\/api.w.org\/{rel}","templated":true}]}}