{"id":2587,"date":"2018-03-01T19:32:57","date_gmt":"2018-03-01T22:32:57","guid":{"rendered":"http:\/\/www.paudalho.pe.gov.br\/portal\/?p=2587"},"modified":"2018-03-01T19:35:52","modified_gmt":"2018-03-01T22:35:52","slug":"obras-de-1o-etapa-do-minha-casa-minha-vida-em-paudalho-comecam-no-dia-5-de-marco","status":"publish","type":"post","link":"https:\/\/www.paudalho.pe.gov.br\/portal\/obras-de-1o-etapa-do-minha-casa-minha-vida-em-paudalho-comecam-no-dia-5-de-marco\/","title":{"rendered":"Obras de 1\u00ba etapa do Minha Casa Minha Vida em Paudalho come\u00e7am no dia 5 de mar\u00e7o"},"content":{"rendered":"<p>Uma not\u00edcia a ser comemorada: a primeira etapa das obras do Residencial Guadalajara, empreendimento do Minha Casa Minha Vida, em Paudalho, vai ser iniciada na pr\u00f3xima segunda-feira (5). A constru\u00e7\u00e3o das 288 unidades habitacionais est\u00e3o al\u00e7adas em R$21 milh\u00f5es e devem gerar na cidade cerca de 400 empregos diretos durante o per\u00edodo de execu\u00e7\u00e3o.<\/p>\n<p>Na manh\u00e3 desta quinta-feira (1), o prefeito do Paudalho, Marcelo Gouveia, juntamente com o representante da construtora 2MS, Jo\u00e3o Marcelo, realizaram uma vistoria no local. Acompanhado de uma comitiva o gestor da cidade j\u00e1 p\u00f4de contemplar a mudan\u00e7a e era not\u00f3ria a felicidade em seu rosto.<\/p>\n<p><img loading=\"lazy\" decoding=\"async\" data-attachment-id=\"2589\" data-permalink=\"https:\/\/www.paudalho.pe.gov.br\/portal\/obras-de-1o-etapa-do-minha-casa-minha-vida-em-paudalho-comecam-no-dia-5-de-marco\/7dcd14ac-cc69-4138-be64-59b2d43a5522\/\" data-orig-file=\"https:\/\/www.paudalho.pe.gov.br\/portal\/wp-content\/uploads\/2018\/03\/7dcd14ac-cc69-4138-be64-59b2d43a5522.jpeg\" data-orig-size=\"1280,853\" data-comments-opened=\"1\" data-image-meta=\"{&quot;aperture&quot;:&quot;0&quot;,&quot;credit&quot;:&quot;&quot;,&quot;camera&quot;:&quot;&quot;,&quot;caption&quot;:&quot;&quot;,&quot;created_timestamp&quot;:&quot;0&quot;,&quot;copyright&quot;:&quot;&quot;,&quot;focal_length&quot;:&quot;0&quot;,&quot;iso&quot;:&quot;0&quot;,&quot;shutter_speed&quot;:&quot;0&quot;,&quot;title&quot;:&quot;&quot;,&quot;orientation&quot;:&quot;0&quot;}\" data-image-title=\"7dcd14ac-cc69-4138-be64-59b2d43a5522\" data-image-description=\"\" data-image-caption=\"\" data-medium-file=\"https:\/\/www.paudalho.pe.gov.br\/portal\/wp-content\/uploads\/2018\/03\/7dcd14ac-cc69-4138-be64-59b2d43a5522-350x230.jpeg\" data-large-file=\"https:\/\/www.paudalho.pe.gov.br\/portal\/wp-content\/uploads\/2018\/03\/7dcd14ac-cc69-4138-be64-59b2d43a5522-800x450.jpeg\" class=\"alignnone wp-image-2589\" src=\"http:\/\/www.paudalho.pe.gov.br\/portal\/wp-content\/uploads\/2018\/03\/7dcd14ac-cc69-4138-be64-59b2d43a5522-350x230.jpeg\" alt=\"\" width=\"552\" height=\"363\" \/><\/p>\n<p>Feliz, Marcelo detalhou o empreendimento.\u201cSer\u00e3o apartamentos: t\u00e9rreo mais quartos, onde a empresa entra com toda infraestrutura. Vai ter \u00e1rea de lazer, vai entrar pavimentado e s\u00e3o 18 meses e obras. Nossa perspectiva \u00e9 que entre dezembro e janeiro as obras iniciem e basicamente agora s\u00f3 vai depender do CPRH, que \u00e9 uma licen\u00e7a que a gente vai ter que agilizar o processo\u2026 e vai empregar cerca e 300 a 400 pessoas de nossa cidade no per\u00edodo de um ano e meio. Vai aquecer o com\u00e9rcio e vai diminuir o desemprego\u201d, comentou.\u00a0Para outras informa\u00e7\u00f5es sobre\u00a0 o Minha Casa Minha Vida acesse o link:\u00a0<a href=\"http:\/\/www.caixa.gov.br\/\" target=\"_blank\" rel=\"noopener\">www.caixa.gov.br<\/a>.<\/p>\n","protected":false},"excerpt":{"rendered":"<p>Uma not\u00edcia a ser comemorada: a primeira etapa das obras do Residencial Guadalajara, empreendimento do Minha Casa Minha Vida, em Paudalho, vai ser iniciada na pr\u00f3xima segunda-feira (5). A constru\u00e7\u00e3o das 288 unidades habitacionais est\u00e3o al\u00e7adas em R$21 milh\u00f5es e devem gerar na cidade cerca de 400 empregos diretos durante o per\u00edodo de execu\u00e7\u00e3o. Na [&hellip;]<\/p>\n","protected":false},"author":4,"featured_media":2588,"comment_status":"open","ping_status":"open","sticky":false,"template":"","format":"standard","meta":{"_jetpack_newsletter_access":"","_jetpack_dont_email_post_to_subs":false,"_jetpack_newsletter_tier_id":0,"_jetpack_memberships_contains_paywalled_content":false,"_jetpack_memberships_contains_paid_content":false,"footnotes":""},"categories":[2,1,35],"tags":[129],"class_list":["post-2587","post","type-post","status-publish","format-standard","has-post-thumbnail","hentry","category-destaque","category-noticias","category-obras","tag-minha-casa-minha-vida"],"jetpack_featured_media_url":"https:\/\/www.paudalho.pe.gov.br\/portal\/wp-content\/uploads\/2018\/03\/d3fa1501-4187-4b55-ba09-78aadaf1b35c.jpeg","jetpack_sharing_enabled":true,"jetpack_shortlink":"https:\/\/wp.me\/p98mS2-FJ","_links":{"self":[{"href":"https:\/\/www.paudalho.pe.gov.br\/portal\/wp-json\/wp\/v2\/posts\/2587","targetHints":{"allow":["GET"]}}],"collection":[{"href":"https:\/\/www.paudalho.pe.gov.br\/portal\/wp-json\/wp\/v2\/posts"}],"about":[{"href":"https:\/\/www.paudalho.pe.gov.br\/portal\/wp-json\/wp\/v2\/types\/post"}],"author":[{"embeddable":true,"href":"https:\/\/www.paudalho.pe.gov.br\/portal\/wp-json\/wp\/v2\/users\/4"}],"replies":[{"embeddable":true,"href":"https:\/\/www.paudalho.pe.gov.br\/portal\/wp-json\/wp\/v2\/comments?post=2587"}],"version-history":[{"count":3,"href":"https:\/\/www.paudalho.pe.gov.br\/portal\/wp-json\/wp\/v2\/posts\/2587\/revisions"}],"predecessor-version":[{"id":2592,"href":"https:\/\/www.paudalho.pe.gov.br\/portal\/wp-json\/wp\/v2\/posts\/2587\/revisions\/2592"}],"wp:featuredmedia":[{"embeddable":true,"href":"https:\/\/www.paudalho.pe.gov.br\/portal\/wp-json\/wp\/v2\/media\/2588"}],"wp:attachment":[{"href":"https:\/\/www.paudalho.pe.gov.br\/portal\/wp-json\/wp\/v2\/media?parent=2587"}],"wp:term":[{"taxonomy":"category","embeddable":true,"href":"https:\/\/www.paudalho.pe.gov.br\/portal\/wp-json\/wp\/v2\/categories?post=2587"},{"taxonomy":"post_tag","embeddable":true,"href":"https:\/\/www.paudalho.pe.gov.br\/portal\/wp-json\/wp\/v2\/tags?post=2587"}],"curies":[{"name":"wp","href":"https:\/\/api.w.org\/{rel}","templated":true}]}}