{"id":25839,"date":"2023-06-22T13:02:40","date_gmt":"2023-06-22T16:02:40","guid":{"rendered":"https:\/\/www.paudalho.pe.gov.br\/portal\/?p=25839"},"modified":"2023-07-04T11:01:29","modified_gmt":"2023-07-04T14:01:29","slug":"comdica-divulga-errata-do-edital-para-escolha-de-novos-conselheiros-tutelares","status":"publish","type":"post","link":"https:\/\/www.paudalho.pe.gov.br\/portal\/comdica-divulga-errata-do-edital-para-escolha-de-novos-conselheiros-tutelares\/","title":{"rendered":"COMDICA divulga errata do Edital para escolha de novos Conselheiros Tutelares"},"content":{"rendered":"\n<p>A Prefeitura do Paudalho, por meio do Conselho Municipal de Defesa dos Direitos da Crian\u00e7a e do Adolescente do Paudalho (COMDICA), atrav\u00e9s da Comiss\u00e3o Especial Eleitoral, divulga 4\u00aa Errata do Edital do processo eleitoral para escolhas de novos conselheiros tutelares de Paudalho, para o quadri\u00eanio 2024\/2027, com nova data para a reuni\u00e3o com os candidatos aprovados na fase de inscri\u00e7\u00e3o.<\/p>\n\n\n\n<p>A reuni\u00e3o ser\u00e1 realizada no dia 26 de junho, no audit\u00f3rio da Unidade B\u00e1sica de Sa\u00fade do Centro (UBS Centro) de Paudalho, a partir das 15h, e ter\u00e1 o objetivo de trazer mais informa\u00e7\u00f5es sobre a prova de conhecimento &#8211; que ser\u00e1 realizada no dia 2 de julho, das 8h \u00e0s 12h, no Col\u00e9gio Municipal de Paudalho (CMP) &#8211; e elucidar poss\u00edveis d\u00favidas sobre o processo eleitoral.<\/p>\n\n\n\n<p>Para mais informa\u00e7\u00f5es, acesse o Edital<\/p>\n\n\n\n<p><strong>Confira a 4\u00aa Errata ao Edital do Processo Eleitoral Para Conselheiros Tutelares de Paudalho:<\/strong><\/p>\n\n\n\n<div data-wp-interactive=\"core\/file\" class=\"wp-block-file\"><object data-wp-bind--hidden=\"!state.hasPdfPreview\" hidden class=\"wp-block-file__embed\" data=\"https:\/\/www.paudalho.pe.gov.br\/portal\/wp-content\/uploads\/2023\/06\/4a-ERRATA-CALENDARIO-ELEICAO-CT-2023.pdf\" type=\"application\/pdf\" style=\"width:100%;height:600px\" aria-label=\"Incorporado de 4a-ERRATA-CALENDARIO-ELEICAO-CT-2023.\"><\/object><a id=\"wp-block-file--media-6add4bfc-ba3d-4775-9710-f5af95fcf344\" href=\"https:\/\/www.paudalho.pe.gov.br\/portal\/wp-content\/uploads\/2023\/06\/4a-ERRATA-CALENDARIO-ELEICAO-CT-2023.pdf\">4a-ERRATA-CALENDARIO-ELEICAO-CT-2023<\/a><a href=\"https:\/\/www.paudalho.pe.gov.br\/portal\/wp-content\/uploads\/2023\/06\/4a-ERRATA-CALENDARIO-ELEICAO-CT-2023.pdf\" class=\"wp-block-file__button wp-element-button\" download aria-describedby=\"wp-block-file--media-6add4bfc-ba3d-4775-9710-f5af95fcf344\">Baixar<\/a><\/div>\n","protected":false},"excerpt":{"rendered":"<p>A Prefeitura do Paudalho, por meio do Conselho Municipal de Defesa dos Direitos da Crian\u00e7a e do Adolescente do Paudalho (COMDICA), atrav\u00e9s da Comiss\u00e3o Especial Eleitoral, divulga 4\u00aa Errata do Edital do processo eleitoral para escolhas de novos conselheiros tutelares de Paudalho, para o quadri\u00eanio 2024\/2027, com nova data para a reuni\u00e3o com os candidatos [&hellip;]<\/p>\n","protected":false},"author":10,"featured_media":25757,"comment_status":"open","ping_status":"open","sticky":false,"template":"","format":"standard","meta":{"_jetpack_newsletter_access":"","_jetpack_dont_email_post_to_subs":false,"_jetpack_newsletter_tier_id":0,"_jetpack_memberships_contains_paywalled_content":false,"_jetpack_memberships_contains_paid_content":false,"footnotes":""},"categories":[2,1],"tags":[180,1162,487,495],"class_list":["post-25839","post","type-post","status-publish","format-standard","has-post-thumbnail","hentry","category-destaque","category-noticias","tag-comdica","tag-conselho-municipal-de-defesa-dos-direitos-da-crianca-e-do-adolescente-do-paudalho","tag-conselho-tutelar","tag-eleicao-conselho-tutelar"],"jetpack_featured_media_url":"https:\/\/www.paudalho.pe.gov.br\/portal\/wp-content\/uploads\/2023\/06\/H5A8143-scaled.jpg","jetpack_sharing_enabled":true,"jetpack_shortlink":"https:\/\/wp.me\/p98mS2-6IL","_links":{"self":[{"href":"https:\/\/www.paudalho.pe.gov.br\/portal\/wp-json\/wp\/v2\/posts\/25839","targetHints":{"allow":["GET"]}}],"collection":[{"href":"https:\/\/www.paudalho.pe.gov.br\/portal\/wp-json\/wp\/v2\/posts"}],"about":[{"href":"https:\/\/www.paudalho.pe.gov.br\/portal\/wp-json\/wp\/v2\/types\/post"}],"author":[{"embeddable":true,"href":"https:\/\/www.paudalho.pe.gov.br\/portal\/wp-json\/wp\/v2\/users\/10"}],"replies":[{"embeddable":true,"href":"https:\/\/www.paudalho.pe.gov.br\/portal\/wp-json\/wp\/v2\/comments?post=25839"}],"version-history":[{"count":2,"href":"https:\/\/www.paudalho.pe.gov.br\/portal\/wp-json\/wp\/v2\/posts\/25839\/revisions"}],"predecessor-version":[{"id":25842,"href":"https:\/\/www.paudalho.pe.gov.br\/portal\/wp-json\/wp\/v2\/posts\/25839\/revisions\/25842"}],"wp:featuredmedia":[{"embeddable":true,"href":"https:\/\/www.paudalho.pe.gov.br\/portal\/wp-json\/wp\/v2\/media\/25757"}],"wp:attachment":[{"href":"https:\/\/www.paudalho.pe.gov.br\/portal\/wp-json\/wp\/v2\/media?parent=25839"}],"wp:term":[{"taxonomy":"category","embeddable":true,"href":"https:\/\/www.paudalho.pe.gov.br\/portal\/wp-json\/wp\/v2\/categories?post=25839"},{"taxonomy":"post_tag","embeddable":true,"href":"https:\/\/www.paudalho.pe.gov.br\/portal\/wp-json\/wp\/v2\/tags?post=25839"}],"curies":[{"name":"wp","href":"https:\/\/api.w.org\/{rel}","templated":true}]}}