{"id":2583,"date":"2018-02-28T14:39:30","date_gmt":"2018-02-28T17:39:30","guid":{"rendered":"http:\/\/www.paudalho.pe.gov.br\/portal\/?p=2583"},"modified":"2018-02-28T14:43:24","modified_gmt":"2018-02-28T17:43:24","slug":"prefeitura-abre-inscricao-para-o-canta-paudalho-kids","status":"publish","type":"post","link":"https:\/\/www.paudalho.pe.gov.br\/portal\/prefeitura-abre-inscricao-para-o-canta-paudalho-kids\/","title":{"rendered":"Prefeitura abre inscri\u00e7\u00e3o para o Canta Paudalho Kids"},"content":{"rendered":"<p>\u00c9 na inf\u00e2ncia que o processo criativo se inicia na vida do ser humano e os sonhos come\u00e7am a nascer, assim tamb\u00e9m como os talentos.<br \/>\nWolfgang Amadeus Mozart escreveu sua primeira composi\u00e7\u00e3o antes de completar cinco anos de idade. J\u00e1 a &#8220;rainha do soul&#8221;, Aretha Franklin, aos 10 anos cantava no coral de uma igreja onde seu pai pregava. Stevie Wonder foi outro garoto prod\u00edgio: aos 11 anos tocou uma composi\u00e7\u00e3o pr\u00f3pria, intitulada &#8220;Lonely Boy&#8221;. E \u00e9 por acreditar no talento das crian\u00e7as do munic\u00edpio que a Prefeitura do Paudalho por meio da Secretaria de Cultura e Turismo realizar\u00e1 o Canta Paudalho Kids, depois do enorme sucesso da vers\u00e3o para adultos que ocorreu no ano passado.<\/p>\n<p>As inscri\u00e7\u00f5es v\u00e3o desta quinta-feira (1) at\u00e9 o dia 23 de mar\u00e7o. O processo \u00e9 realizado na sede da secretaria que fica pr\u00f3xima \u00e0 pra\u00e7a de Santa Tereza, na antiga Esta\u00e7\u00e3o Ferrovi\u00e1ria, das 8h \u00e0s 14h. Na hora de assegurar a vaga do candidato, o respons\u00e1vel da crian\u00e7a deve estar munido das c\u00f3pias da certid\u00e3o de nascimento do calouro, RG, comprovante de resid\u00eancia e CPF do adulto. Segundo o secret\u00e1rio da pasta, Jobson Oliveira, o candidato j\u00e1 pode escolher a m\u00fasica na hora da inscri\u00e7\u00e3o. &#8220;\u00c9 bom o candidato trazer a escolha da m\u00fasica e tamb\u00e9m informar se ele vai usar a banda ou play-back. Tudo isso \u00e9 para organizar. E vale lembrar que o objetivo do evento \u00e9 permitir as crian\u00e7as de Paudalho sonharem&#8221;, destacou.<\/p>\n<h2>Apoio psicol\u00f3gico<\/h2>\n<p>Os pais e respons\u00e1veis podem ficar tranquilos que o evento vai ter apoio psicol\u00f3gico. Ainda de acordo com o secret\u00e1rio Jobson Oliveira, os profissionais v\u00e3o estar de prontid\u00e3o acompanhando cada momento do processo para que a competi\u00e7\u00e3o seja saud\u00e1vel e divertida. As datas dos dias do evento ser\u00e3o divulgadas em breve.<\/p>\n","protected":false},"excerpt":{"rendered":"<p>\u00c9 na inf\u00e2ncia que o processo criativo se inicia na vida do ser humano e os sonhos come\u00e7am a nascer, assim tamb\u00e9m como os talentos. Wolfgang Amadeus Mozart escreveu sua primeira composi\u00e7\u00e3o antes de completar cinco anos de idade. J\u00e1 a &#8220;rainha do soul&#8221;, Aretha Franklin, aos 10 anos cantava no coral de uma igreja [&hellip;]<\/p>\n","protected":false},"author":4,"featured_media":2584,"comment_status":"open","ping_status":"open","sticky":false,"template":"","format":"standard","meta":{"_jetpack_newsletter_access":"","_jetpack_dont_email_post_to_subs":false,"_jetpack_newsletter_tier_id":0,"_jetpack_memberships_contains_paywalled_content":false,"_jetpack_memberships_contains_paid_content":false,"footnotes":""},"categories":[6,2,1],"tags":[226,22],"class_list":["post-2583","post","type-post","status-publish","format-standard","has-post-thumbnail","hentry","category-cultura","category-destaque","category-noticias","tag-canta-paudalho-kids","tag-prefeitura-do-paudalho"],"jetpack_featured_media_url":"https:\/\/www.paudalho.pe.gov.br\/portal\/wp-content\/uploads\/2018\/02\/20e140e7-d74e-4abe-a599-e28ed09ba480.jpg","jetpack_sharing_enabled":true,"jetpack_shortlink":"https:\/\/wp.me\/p98mS2-FF","_links":{"self":[{"href":"https:\/\/www.paudalho.pe.gov.br\/portal\/wp-json\/wp\/v2\/posts\/2583","targetHints":{"allow":["GET"]}}],"collection":[{"href":"https:\/\/www.paudalho.pe.gov.br\/portal\/wp-json\/wp\/v2\/posts"}],"about":[{"href":"https:\/\/www.paudalho.pe.gov.br\/portal\/wp-json\/wp\/v2\/types\/post"}],"author":[{"embeddable":true,"href":"https:\/\/www.paudalho.pe.gov.br\/portal\/wp-json\/wp\/v2\/users\/4"}],"replies":[{"embeddable":true,"href":"https:\/\/www.paudalho.pe.gov.br\/portal\/wp-json\/wp\/v2\/comments?post=2583"}],"version-history":[{"count":2,"href":"https:\/\/www.paudalho.pe.gov.br\/portal\/wp-json\/wp\/v2\/posts\/2583\/revisions"}],"predecessor-version":[{"id":2586,"href":"https:\/\/www.paudalho.pe.gov.br\/portal\/wp-json\/wp\/v2\/posts\/2583\/revisions\/2586"}],"wp:featuredmedia":[{"embeddable":true,"href":"https:\/\/www.paudalho.pe.gov.br\/portal\/wp-json\/wp\/v2\/media\/2584"}],"wp:attachment":[{"href":"https:\/\/www.paudalho.pe.gov.br\/portal\/wp-json\/wp\/v2\/media?parent=2583"}],"wp:term":[{"taxonomy":"category","embeddable":true,"href":"https:\/\/www.paudalho.pe.gov.br\/portal\/wp-json\/wp\/v2\/categories?post=2583"},{"taxonomy":"post_tag","embeddable":true,"href":"https:\/\/www.paudalho.pe.gov.br\/portal\/wp-json\/wp\/v2\/tags?post=2583"}],"curies":[{"name":"wp","href":"https:\/\/api.w.org\/{rel}","templated":true}]}}