{"id":25827,"date":"2023-06-19T12:17:44","date_gmt":"2023-06-19T15:17:44","guid":{"rendered":"https:\/\/www.paudalho.pe.gov.br\/portal\/?p=25827"},"modified":"2025-01-08T00:38:52","modified_gmt":"2025-01-08T03:38:52","slug":"sao-joao-de-paudalho-2023-reune-milhares-de-pessoas-em-primeiro-fim-de-semana-de-shows","status":"publish","type":"post","link":"https:\/\/www.paudalho.pe.gov.br\/portal\/sao-joao-de-paudalho-2023-reune-milhares-de-pessoas-em-primeiro-fim-de-semana-de-shows\/","title":{"rendered":"<strong>S\u00e3o Jo\u00e3o de Paudalho 2023 re\u00fane milhares de pessoas em primeiro fim de semana de shows<\/strong>"},"content":{"rendered":"\n<p>O S\u00e3o Jo\u00e3o de Paudalho, cidade localizada na Zona da Mata Norte, come\u00e7ou na sexta-feira (16), prometendo 10 dias de divers\u00e3o para os mun\u00edcipes e turistas que visitam o local. O evento teve in\u00edcio com shows do cantor Stevenys, do cantor do sucesso da internet \u201cAmericana na Vaquejada\u201d, Grand\u00e3o Vaqueiro, e da banda Forr\u00f3 Anjo Azul. J\u00e1 o s\u00e1bado (17) teve as atra\u00e7\u00f5es do ex-Magn\u00edficos Juarez, sucessos de Rog\u00e9rio Som e o forr\u00f3 de Caninana. Domingo (19) foi o momento de diversificar ainda mais o festejo, com apresenta\u00e7\u00f5es dos artistas paudalhenses F\u00e1gner e Amandinha, o arrocha de Helton Lima e a sofr\u00eancia de Raphaela Santos, A Favorita. Em tr\u00eas dias, milhares de pessoas se reuniram no P\u00e1tio de Eventos Beira-Rio, situado no Centro da cidade, para se divertir e festejar.<\/p>\n\n\n\n<figure class=\"wp-block-image size-large\"><img loading=\"lazy\" decoding=\"async\" width=\"800\" height=\"450\" data-attachment-id=\"25829\" data-permalink=\"https:\/\/www.paudalho.pe.gov.br\/portal\/sao-joao-de-paudalho-2023-reune-milhares-de-pessoas-em-primeiro-fim-de-semana-de-shows\/h5a9817-2\/\" data-orig-file=\"https:\/\/www.paudalho.pe.gov.br\/portal\/wp-content\/uploads\/2023\/06\/H5A9817-scaled.jpg\" data-orig-size=\"2560,1673\" data-comments-opened=\"1\" data-image-meta=\"{&quot;aperture&quot;:&quot;2.2&quot;,&quot;credit&quot;:&quot;CHARLES JOHNSON&quot;,&quot;camera&quot;:&quot;Canon EOS 5D Mark IV&quot;,&quot;caption&quot;:&quot;&quot;,&quot;created_timestamp&quot;:&quot;1687147161&quot;,&quot;copyright&quot;:&quot;CHARLES JOHNSON 81 986016133&quot;,&quot;focal_length&quot;:&quot;85&quot;,&quot;iso&quot;:&quot;640&quot;,&quot;shutter_speed&quot;:&quot;0.003125&quot;,&quot;title&quot;:&quot;&quot;,&quot;orientation&quot;:&quot;0&quot;}\" data-image-title=\"H5A9817\" data-image-description=\"\" data-image-caption=\"\" data-medium-file=\"https:\/\/www.paudalho.pe.gov.br\/portal\/wp-content\/uploads\/2023\/06\/H5A9817-350x230.jpg\" data-large-file=\"https:\/\/www.paudalho.pe.gov.br\/portal\/wp-content\/uploads\/2023\/06\/H5A9817-800x450.jpg\" src=\"https:\/\/www.paudalho.pe.gov.br\/portal\/wp-content\/uploads\/2023\/06\/H5A9817-800x450.jpg\" alt=\"\" class=\"wp-image-25829\"\/><\/figure>\n\n\n\n<p>At\u00e9 o dia 24 de junho o S\u00e3o de Paudalho continua com muitos shows e apresenta\u00e7\u00f5es de quadrilhas juninas tradicionais de Paudalho. Nesta segunda-feira (19) tem apresenta\u00e7\u00f5es de Tom\u00e1s Playboyzinhos, Felipe Farra e Iguinho e Lulinha. Abrindo os shows do segundo fim de semana, na sexta-feira (23), v\u00e9spera de S\u00e3o Jo\u00e3o, quem comanda a festa \u00e9 Geo Moura, Cl\u00e1udia Lauterer e a Sedutora. E terminando as apresenta\u00e7\u00f5es no dia do santo, s\u00e1bado (24), conta com Rosimar Lima e Vil\u00f5es do Forr\u00f3.<\/p>\n\n\n\n<figure class=\"wp-block-image size-large\"><img loading=\"lazy\" decoding=\"async\" width=\"800\" height=\"450\" data-attachment-id=\"25830\" data-permalink=\"https:\/\/www.paudalho.pe.gov.br\/portal\/sao-joao-de-paudalho-2023-reune-milhares-de-pessoas-em-primeiro-fim-de-semana-de-shows\/h5a9734\/\" data-orig-file=\"https:\/\/www.paudalho.pe.gov.br\/portal\/wp-content\/uploads\/2023\/06\/H5A9734-scaled.jpg\" data-orig-size=\"2560,1707\" data-comments-opened=\"1\" data-image-meta=\"{&quot;aperture&quot;:&quot;5.6&quot;,&quot;credit&quot;:&quot;CHARLES JOHNSON&quot;,&quot;camera&quot;:&quot;Canon EOS 5D Mark IV&quot;,&quot;caption&quot;:&quot;&quot;,&quot;created_timestamp&quot;:&quot;1687135883&quot;,&quot;copyright&quot;:&quot;CHARLES JOHNSON 81 986016133&quot;,&quot;focal_length&quot;:&quot;24&quot;,&quot;iso&quot;:&quot;5000&quot;,&quot;shutter_speed&quot;:&quot;0.02&quot;,&quot;title&quot;:&quot;&quot;,&quot;orientation&quot;:&quot;1&quot;}\" data-image-title=\"H5A9734\" data-image-description=\"\" data-image-caption=\"\" data-medium-file=\"https:\/\/www.paudalho.pe.gov.br\/portal\/wp-content\/uploads\/2023\/06\/H5A9734-350x230.jpg\" data-large-file=\"https:\/\/www.paudalho.pe.gov.br\/portal\/wp-content\/uploads\/2023\/06\/H5A9734-800x450.jpg\" src=\"https:\/\/www.paudalho.pe.gov.br\/portal\/wp-content\/uploads\/2023\/06\/H5A9734-800x450.jpg\" alt=\"\" class=\"wp-image-25830\"\/><\/figure>\n\n\n\n<p>J\u00e1 os dias 20, 21 e 22 de junho s\u00e3o reservados para apresenta\u00e7\u00f5es das quadrilhas juninas de Paudalho, parte importante da tradi\u00e7\u00e3o do munic\u00edpio, que possui a quadrilha mais antiga em atividade do estado de Pernambuco. Na ter\u00e7a-feira (20), as apresenta\u00e7\u00f5es iniciam com a quadrilha junina dos idosos do Servi\u00e7o de Conviv\u00eancia e Fortalecimento de V\u00ednculos da Secretaria de Desenvolvimento e Assist\u00eancia Social (SEDAS), logo ap\u00f3s se apresentam as quadrilhas juninas Matutinho do Sert\u00e3o, Na Emenda e Xamegar. Na quarta-feira (21) entram em cena o Ballet Linda Flor da Mata, seguido das quadrilhas Mastruz Com Leite, Meu Nome \u00c9 e Fogo No P\u00e9. J\u00e1 no \u00faltimo dia de apresenta\u00e7\u00f5es, o p\u00fablico poder\u00e1 prestigiar as quadrilhas Forr\u00f3 Bai\u00e3o Nordestino, Balanc\u00ea, Rosa dos Ventos e Rosa Linda, Linda, Rosa.<\/p>\n","protected":false},"excerpt":{"rendered":"<p>O S\u00e3o Jo\u00e3o de Paudalho, cidade localizada na Zona da Mata Norte, come\u00e7ou na sexta-feira (16), prometendo 10 dias de divers\u00e3o para os mun\u00edcipes e turistas que visitam o local. O evento teve in\u00edcio com shows do cantor Stevenys, do cantor do sucesso da internet \u201cAmericana na Vaquejada\u201d, Grand\u00e3o Vaqueiro, e da banda Forr\u00f3 Anjo [&hellip;]<\/p>\n","protected":false},"author":11,"featured_media":25828,"comment_status":"open","ping_status":"open","sticky":false,"template":"","format":"standard","meta":{"_jetpack_newsletter_access":"","_jetpack_dont_email_post_to_subs":false,"_jetpack_newsletter_tier_id":0,"_jetpack_memberships_contains_paywalled_content":false,"_jetpack_memberships_contains_paid_content":false,"footnotes":""},"categories":[6,1184,2,1,749],"tags":[1183,1215],"class_list":["post-25827","post","type-post","status-publish","format-standard","has-post-thumbnail","hentry","category-cultura","category-cultura-2","category-destaque","category-noticias","category-sao-joao","tag-sao-joao-2023","tag-sao-joao-paudalho"],"jetpack_featured_media_url":"https:\/\/www.paudalho.pe.gov.br\/portal\/wp-content\/uploads\/2023\/06\/H5A9835-scaled.jpg","jetpack_sharing_enabled":true,"jetpack_shortlink":"https:\/\/wp.me\/p98mS2-6Iz","_links":{"self":[{"href":"https:\/\/www.paudalho.pe.gov.br\/portal\/wp-json\/wp\/v2\/posts\/25827","targetHints":{"allow":["GET"]}}],"collection":[{"href":"https:\/\/www.paudalho.pe.gov.br\/portal\/wp-json\/wp\/v2\/posts"}],"about":[{"href":"https:\/\/www.paudalho.pe.gov.br\/portal\/wp-json\/wp\/v2\/types\/post"}],"author":[{"embeddable":true,"href":"https:\/\/www.paudalho.pe.gov.br\/portal\/wp-json\/wp\/v2\/users\/11"}],"replies":[{"embeddable":true,"href":"https:\/\/www.paudalho.pe.gov.br\/portal\/wp-json\/wp\/v2\/comments?post=25827"}],"version-history":[{"count":1,"href":"https:\/\/www.paudalho.pe.gov.br\/portal\/wp-json\/wp\/v2\/posts\/25827\/revisions"}],"predecessor-version":[{"id":25831,"href":"https:\/\/www.paudalho.pe.gov.br\/portal\/wp-json\/wp\/v2\/posts\/25827\/revisions\/25831"}],"wp:featuredmedia":[{"embeddable":true,"href":"https:\/\/www.paudalho.pe.gov.br\/portal\/wp-json\/wp\/v2\/media\/25828"}],"wp:attachment":[{"href":"https:\/\/www.paudalho.pe.gov.br\/portal\/wp-json\/wp\/v2\/media?parent=25827"}],"wp:term":[{"taxonomy":"category","embeddable":true,"href":"https:\/\/www.paudalho.pe.gov.br\/portal\/wp-json\/wp\/v2\/categories?post=25827"},{"taxonomy":"post_tag","embeddable":true,"href":"https:\/\/www.paudalho.pe.gov.br\/portal\/wp-json\/wp\/v2\/tags?post=25827"}],"curies":[{"name":"wp","href":"https:\/\/api.w.org\/{rel}","templated":true}]}}