{"id":25759,"date":"2023-06-16T14:05:19","date_gmt":"2023-06-16T17:05:19","guid":{"rendered":"https:\/\/www.paudalho.pe.gov.br\/portal\/?p=25759"},"modified":"2025-01-08T00:38:52","modified_gmt":"2025-01-08T03:38:52","slug":"quadrilhas-juninas-tradicionais-do-municipio-se-apresentam-no-sao-joao-de-paudalho-2023-nos-dias-20-21-e-22-de-junho","status":"publish","type":"post","link":"https:\/\/www.paudalho.pe.gov.br\/portal\/quadrilhas-juninas-tradicionais-do-municipio-se-apresentam-no-sao-joao-de-paudalho-2023-nos-dias-20-21-e-22-de-junho\/","title":{"rendered":"<strong>Quadrilhas juninas tradicionais do munic\u00edpio se apresentam no S\u00e3o Jo\u00e3o de Paudalho 2023 nos dias 20, 21 e 22 de junho<\/strong>"},"content":{"rendered":"\n<p>S\u00e3o Jo\u00e3o sem quadrilha junina n\u00e3o \u00e9 S\u00e3o Jo\u00e3o, e o munic\u00edpio de Paudalho, localizado na Zona da Mata Norte, tem orgulho em dedicar tr\u00eas dias de festejo exclusivamente para apresenta\u00e7\u00f5es dessa manifesta\u00e7\u00e3o popular t\u00e3o importante e tradicional. Nos dias 20, 21 e 22 de junho, a partir das 19h, no P\u00e1tio de Eventos Beira-Rio, Centro da cidade, 11 quadrilhas juninas representam a cultura local, entre elas a junina Rosa Linda, Linda Rosa, a quadrilha mais antiga em atividade do estado de Pernambuco.<\/p>\n\n\n\n<p>Abra\u00e7ando toda a cultura regional que \u00e9 marca registrada da data, a tradi\u00e7\u00e3o t\u00e3o importante do munic\u00edpio come\u00e7a na ter\u00e7a-feira (20), com apresenta\u00e7\u00f5es da quadrilha junina dos idosos do Servi\u00e7o de Conviv\u00eancia e Fortalecimento de V\u00ednculos da Secretaria de Desenvolvimento e Assist\u00eancia Social (SEDAS), logo ap\u00f3s se apresentam as quadrilhas juninas Matutinho do Sert\u00e3o, Na Emenda e Xamegar. Na quarta-feira (21) entram em cena o Ballet Linda Flor da Mata, seguido das quadrilhas Mastruz Com Leite, Meu Nome \u00c9 e Fogo No P\u00e9. J\u00e1 no \u00faltimo dia de apresenta\u00e7\u00f5es, o p\u00fablico poder\u00e1 prestigiar as quadrilhas Forr\u00f3 Bai\u00e3o Nordestino, Balanc\u00ea, Rosa dos Ventos e Rosa Linda, Linda, Rosa.<\/p>\n\n\n\n<p><strong>Programa\u00e7\u00e3o completa:<\/strong><\/p>\n\n\n\n<p><strong>Ter\u00e7a-feira (20\/06)<\/strong><\/p>\n\n\n\n<p>Quadrilha de idosos do Servi\u00e7o de Conviv\u00eancia e Fortalecimento de V\u00ednculos<\/p>\n\n\n\n<p>Quadrilha Junina Matutinhos do Sert\u00e3o<\/p>\n\n\n\n<p>Quadrilha Junina Na Emenda<\/p>\n\n\n\n<p>Quadrilha Junina Xamegar<\/p>\n\n\n\n<p><strong>Quarta-feira (21\/06)<\/strong><\/p>\n\n\n\n<p>Ballet Linda Flor da Mata<\/p>\n\n\n\n<p>Quadrilha Junina Mastruz Com Leite<\/p>\n\n\n\n<p>Quadrilha Junina Meu Nome \u00c9<\/p>\n\n\n\n<p>Quadrilha Junina Fogo No P\u00e9<\/p>\n\n\n\n<p><strong>Quinta-feira (22\/06)<\/strong><\/p>\n\n\n\n<p>Quadrilha Junina Forr\u00f3 Bai\u00e3o Nordestino<\/p>\n\n\n\n<p>Quadrilha Junina Balanc\u00ea<\/p>\n\n\n\n<p>Quadrilha Junina Rosa Dos Ventos<\/p>\n\n\n\n<p>Quadrilha Junina Rosa Linda, Linda Rosa<\/p>\n","protected":false},"excerpt":{"rendered":"<p>S\u00e3o Jo\u00e3o sem quadrilha junina n\u00e3o \u00e9 S\u00e3o Jo\u00e3o, e o munic\u00edpio de Paudalho, localizado na Zona da Mata Norte, tem orgulho em dedicar tr\u00eas dias de festejo exclusivamente para apresenta\u00e7\u00f5es dessa manifesta\u00e7\u00e3o popular t\u00e3o importante e tradicional. Nos dias 20, 21 e 22 de junho, a partir das 19h, no P\u00e1tio de Eventos Beira-Rio, [&hellip;]<\/p>\n","protected":false},"author":11,"featured_media":25760,"comment_status":"open","ping_status":"open","sticky":false,"template":"","format":"standard","meta":{"_jetpack_newsletter_access":"","_jetpack_dont_email_post_to_subs":false,"_jetpack_newsletter_tier_id":0,"_jetpack_memberships_contains_paywalled_content":false,"_jetpack_memberships_contains_paid_content":false,"footnotes":""},"categories":[6,1184,2,1,749],"tags":[68,294,1183],"class_list":["post-25759","post","type-post","status-publish","format-standard","has-post-thumbnail","hentry","category-cultura","category-cultura-2","category-destaque","category-noticias","category-sao-joao","tag-cultura","tag-sao-joao","tag-sao-joao-2023"],"jetpack_featured_media_url":"https:\/\/www.paudalho.pe.gov.br\/portal\/wp-content\/uploads\/2023\/06\/QUADRILHAS-PAUDALHO-1.jpeg","jetpack_sharing_enabled":true,"jetpack_shortlink":"https:\/\/wp.me\/p98mS2-6Ht","_links":{"self":[{"href":"https:\/\/www.paudalho.pe.gov.br\/portal\/wp-json\/wp\/v2\/posts\/25759","targetHints":{"allow":["GET"]}}],"collection":[{"href":"https:\/\/www.paudalho.pe.gov.br\/portal\/wp-json\/wp\/v2\/posts"}],"about":[{"href":"https:\/\/www.paudalho.pe.gov.br\/portal\/wp-json\/wp\/v2\/types\/post"}],"author":[{"embeddable":true,"href":"https:\/\/www.paudalho.pe.gov.br\/portal\/wp-json\/wp\/v2\/users\/11"}],"replies":[{"embeddable":true,"href":"https:\/\/www.paudalho.pe.gov.br\/portal\/wp-json\/wp\/v2\/comments?post=25759"}],"version-history":[{"count":2,"href":"https:\/\/www.paudalho.pe.gov.br\/portal\/wp-json\/wp\/v2\/posts\/25759\/revisions"}],"predecessor-version":[{"id":25762,"href":"https:\/\/www.paudalho.pe.gov.br\/portal\/wp-json\/wp\/v2\/posts\/25759\/revisions\/25762"}],"wp:featuredmedia":[{"embeddable":true,"href":"https:\/\/www.paudalho.pe.gov.br\/portal\/wp-json\/wp\/v2\/media\/25760"}],"wp:attachment":[{"href":"https:\/\/www.paudalho.pe.gov.br\/portal\/wp-json\/wp\/v2\/media?parent=25759"}],"wp:term":[{"taxonomy":"category","embeddable":true,"href":"https:\/\/www.paudalho.pe.gov.br\/portal\/wp-json\/wp\/v2\/categories?post=25759"},{"taxonomy":"post_tag","embeddable":true,"href":"https:\/\/www.paudalho.pe.gov.br\/portal\/wp-json\/wp\/v2\/tags?post=25759"}],"curies":[{"name":"wp","href":"https:\/\/api.w.org\/{rel}","templated":true}]}}