{"id":25751,"date":"2023-06-16T11:32:43","date_gmt":"2023-06-16T14:32:43","guid":{"rendered":"https:\/\/www.paudalho.pe.gov.br\/portal\/?p=25751"},"modified":"2025-01-08T00:38:52","modified_gmt":"2025-01-08T03:38:52","slug":"sao-joao-de-paudalho-comeca-nesta-sexta-feira-16-com-apresentacoes-de-grandao-vaqueiro-stevines-e-anjo-azul","status":"publish","type":"post","link":"https:\/\/www.paudalho.pe.gov.br\/portal\/sao-joao-de-paudalho-comeca-nesta-sexta-feira-16-com-apresentacoes-de-grandao-vaqueiro-stevines-e-anjo-azul\/","title":{"rendered":"<strong>S\u00e3o Jo\u00e3o de Paudalho come\u00e7a nesta sexta-feira (16), com apresenta\u00e7\u00f5es de Grand\u00e3o Vaqueiro, Stevines e Anjo Azul<\/strong>"},"content":{"rendered":"\n<p>Junho \u00e9 o m\u00eas da festa mais tradicional de Pernambuco e, em Paudalho, os festejos de S\u00e3o Jo\u00e3o j\u00e1 come\u00e7am nesta sexta-feira (16). A partir das 20h, o P\u00e1tio de Eventos Beira-Rio, no Centro da cidade, recebe os shows de Grand\u00e3o Vaqueiro, Stevines e Anjo Azul. Al\u00e9m deles, at\u00e9 o dia 24 de junho ainda sobem ao palco nomes como&nbsp; Iguinho e Lulinha, Caninana, Juarez, Rafaela Santos, Sedutora, Vil\u00f5es do Forr\u00f3, quadrilhas e muito mais.<\/p>\n\n\n\n<p>Em uma mistura de ritmos, no s\u00e1bado (17), quem sobe ao palco \u00e9 Juarez, Rog\u00e9rio Som e para encerrar a noite Caninana. O domingo (18) tem os shows de F\u00e1 e Amandinha, Helton Lima e Rafaela Santos. A segunda-feira (19) tem apresenta\u00e7\u00f5es de Tom\u00e1s Playboyzinhos, Felipe Farra e Iguinho e Lulinha. Abrindo os shows do segundo fim de semana, na sexta-feira (23), v\u00e9spera de S\u00e3o Jo\u00e3o, quem comanda a festa \u00e9 Geo Moura, Cl\u00e1udia Lauterer e Sedutora. E terminando as apresenta\u00e7\u00f5es no dia do santo, s\u00e1bado (24), conta com Rosimar Lima e Vil\u00f5es do Forr\u00f3.&nbsp;<\/p>\n\n\n\n<p>Abra\u00e7ando toda a cultura regional que \u00e9 marca registrada da data, os dias 20, 21 e 22 de junho s\u00e3o reservados para apresenta\u00e7\u00f5es das quadrilhas juninas de Paudalho, parte importante da tradi\u00e7\u00e3o do munic\u00edpio, que possui a quadrilha mais antiga em atividade do estado de Pernambuco. Na ter\u00e7a-feira (20), as apresenta\u00e7\u00f5es iniciam com a quadrilha junina dos idosos do Servi\u00e7o de Conviv\u00eancia e Fortalecimento de V\u00ednculos da Secretaria de Desenvolvimento e Assist\u00eancia Social (SEDAS), logo ap\u00f3s se apresentam as quadrilhas juninas Matutinho do Sert\u00e3o, Na Emenda e Xamegar. Na quarta-feira (21) entram em cena o Ballet Linda Flor da Mata, seguido das quadrilhas Mastruz Com Leite, Meu Nome \u00c9 e Fogo No P\u00e9. J\u00e1 no \u00faltimo dia de apresenta\u00e7\u00f5es, o p\u00fablico poder\u00e1 prestigiar as quadrilhas Forr\u00f3 Bai\u00e3o Nordestino, Balanc\u00ea, Rosa dos Ventos e Rosa Linda, Linda, Rosa.<\/p>\n\n\n\n<p>Neste ano o evento tem como tema \u201c<strong>S\u00e3o Jo\u00e3o de Todos os Tempos<\/strong>\u201d, remetendo as lembran\u00e7as de celebra\u00e7\u00f5es anteriores e com a certeza de fazer neste mem\u00f3rias ainda mais inesquec\u00edveis. Reconhecendo sua import\u00e2ncia para a cultura de Paudalho, a paudalhense dona Maria Lavadeira, fundadora da quadrilha Forr\u00f3 Bai\u00e3o Nordestino, ser\u00e1 a homenageada deste S\u00e3o Jo\u00e3o.<\/p>\n\n\n\n<p><strong>Programa\u00e7\u00e3o completa:<\/strong><\/p>\n\n\n\n<p><strong>Sexta-feira (16\/06)<\/strong><\/p>\n\n\n\n<p>Stevines<\/p>\n\n\n\n<p>Grand\u00e3o Vaqueiro&nbsp;<\/p>\n\n\n\n<p>Anjo Azul<\/p>\n\n\n\n<p><strong>S\u00e1bado (17\/06)<\/strong><\/p>\n\n\n\n<p>Juarez<\/p>\n\n\n\n<p>Rog\u00e9rio som<\/p>\n\n\n\n<p>Caninana&nbsp;<\/p>\n\n\n\n<p><strong>Domingo (18\/06)<\/strong><\/p>\n\n\n\n<p>F\u00e1 e Amandinha&nbsp;<\/p>\n\n\n\n<p>Helton Lima<\/p>\n\n\n\n<p>Rafaela Santos<\/p>\n\n\n\n<p><strong>Segunda-feira (19\/06)<\/strong><\/p>\n\n\n\n<p>Tom\u00e1s Playboyzinhos<\/p>\n\n\n\n<p>Felipe farra<\/p>\n\n\n\n<p>Iguinho e Lulinha<\/p>\n\n\n\n<p><strong>Ter\u00e7a-feira (20\/06)<\/strong><\/p>\n\n\n\n<p>Quadrilha de idosos do Servi\u00e7o de Conviv\u00eancia e Fortalecimento de V\u00ednculos<\/p>\n\n\n\n<p>Quadrilha Junina Matutinhos do Sert\u00e3o<\/p>\n\n\n\n<p>Quadrilha Junina Na Emenda<\/p>\n\n\n\n<p>Quadrilha Junina Xamegar<\/p>\n\n\n\n<p><strong>Quarta-feira (21\/06)<\/strong><\/p>\n\n\n\n<p>Ballet Linda Flor da Mata<\/p>\n\n\n\n<p>Quadrilha Junina Mastruz Com Leite<\/p>\n\n\n\n<p>Quadrilha Junina Meu Nome \u00c9<\/p>\n\n\n\n<p>Quadrilha Junina Fogo No P\u00e9<\/p>\n\n\n\n<p><strong>Quinta-feira (22\/06)<\/strong><\/p>\n\n\n\n<p>Quadrilha Junina Forr\u00f3 Bai\u00e3o Nordestino<\/p>\n\n\n\n<p>Quadrilha Junina Balanc\u00ea<\/p>\n\n\n\n<p>Quadrilha Junina Rosa Dos Ventos<\/p>\n\n\n\n<p>Quadrilha Junina Rosa Linda, Linda Rosa<\/p>\n\n\n\n<p><strong>Sexta-feira (23\/06)<\/strong><\/p>\n\n\n\n<p>Geo Moura&nbsp;<\/p>\n\n\n\n<p>Cl\u00e1udia Lauterer<\/p>\n\n\n\n<p>Sedutora&nbsp;<\/p>\n\n\n\n<p><strong>S\u00e1bado (24\/06)<\/strong><\/p>\n\n\n\n<p>Rosimar Lima&nbsp;<\/p>\n\n\n\n<p>Vil\u00f5es do Forr\u00f3<\/p>\n","protected":false},"excerpt":{"rendered":"<p>Junho \u00e9 o m\u00eas da festa mais tradicional de Pernambuco e, em Paudalho, os festejos de S\u00e3o Jo\u00e3o j\u00e1 come\u00e7am nesta sexta-feira (16). A partir das 20h, o P\u00e1tio de Eventos Beira-Rio, no Centro da cidade, recebe os shows de Grand\u00e3o Vaqueiro, Stevines e Anjo Azul. Al\u00e9m deles, at\u00e9 o dia 24 de junho ainda [&hellip;]<\/p>\n","protected":false},"author":11,"featured_media":25752,"comment_status":"open","ping_status":"open","sticky":false,"template":"","format":"standard","meta":{"_jetpack_newsletter_access":"","_jetpack_dont_email_post_to_subs":false,"_jetpack_newsletter_tier_id":0,"_jetpack_memberships_contains_paywalled_content":false,"_jetpack_memberships_contains_paid_content":false,"footnotes":""},"categories":[1184,2,1,749],"tags":[68,294,1183],"class_list":["post-25751","post","type-post","status-publish","format-standard","has-post-thumbnail","hentry","category-cultura-2","category-destaque","category-noticias","category-sao-joao","tag-cultura","tag-sao-joao","tag-sao-joao-2023"],"jetpack_featured_media_url":"https:\/\/www.paudalho.pe.gov.br\/portal\/wp-content\/uploads\/2023\/06\/SAO-JOAO-PAUDALHO-2.jpeg","jetpack_sharing_enabled":true,"jetpack_shortlink":"https:\/\/wp.me\/p98mS2-6Hl","_links":{"self":[{"href":"https:\/\/www.paudalho.pe.gov.br\/portal\/wp-json\/wp\/v2\/posts\/25751","targetHints":{"allow":["GET"]}}],"collection":[{"href":"https:\/\/www.paudalho.pe.gov.br\/portal\/wp-json\/wp\/v2\/posts"}],"about":[{"href":"https:\/\/www.paudalho.pe.gov.br\/portal\/wp-json\/wp\/v2\/types\/post"}],"author":[{"embeddable":true,"href":"https:\/\/www.paudalho.pe.gov.br\/portal\/wp-json\/wp\/v2\/users\/11"}],"replies":[{"embeddable":true,"href":"https:\/\/www.paudalho.pe.gov.br\/portal\/wp-json\/wp\/v2\/comments?post=25751"}],"version-history":[{"count":1,"href":"https:\/\/www.paudalho.pe.gov.br\/portal\/wp-json\/wp\/v2\/posts\/25751\/revisions"}],"predecessor-version":[{"id":25753,"href":"https:\/\/www.paudalho.pe.gov.br\/portal\/wp-json\/wp\/v2\/posts\/25751\/revisions\/25753"}],"wp:featuredmedia":[{"embeddable":true,"href":"https:\/\/www.paudalho.pe.gov.br\/portal\/wp-json\/wp\/v2\/media\/25752"}],"wp:attachment":[{"href":"https:\/\/www.paudalho.pe.gov.br\/portal\/wp-json\/wp\/v2\/media?parent=25751"}],"wp:term":[{"taxonomy":"category","embeddable":true,"href":"https:\/\/www.paudalho.pe.gov.br\/portal\/wp-json\/wp\/v2\/categories?post=25751"},{"taxonomy":"post_tag","embeddable":true,"href":"https:\/\/www.paudalho.pe.gov.br\/portal\/wp-json\/wp\/v2\/tags?post=25751"}],"curies":[{"name":"wp","href":"https:\/\/api.w.org\/{rel}","templated":true}]}}