{"id":25747,"date":"2023-06-13T12:55:35","date_gmt":"2023-06-13T15:55:35","guid":{"rendered":"https:\/\/www.paudalho.pe.gov.br\/portal\/?p=25747"},"modified":"2025-01-08T00:38:52","modified_gmt":"2025-01-08T03:38:52","slug":"prefeitura-do-paudalho-anuncia-aplicativo-de-novo-programa-de-coleta-de-lixo-em-parceria-com-a-ufpe","status":"publish","type":"post","link":"https:\/\/www.paudalho.pe.gov.br\/portal\/prefeitura-do-paudalho-anuncia-aplicativo-de-novo-programa-de-coleta-de-lixo-em-parceria-com-a-ufpe\/","title":{"rendered":"<strong>Prefeitura do Paudalho anuncia aplicativo de novo programa de coleta de lixo em parceria com a UFPE<\/strong>"},"content":{"rendered":"\n<p>A Prefeitura do Paudalho por meio da Secretaria de Desenvolvimento Econ\u00f4mico, Meio Ambiente e Qualifica\u00e7\u00e3o Profissional (SEDEMAQ) anunciou o lan\u00e7amento do aplicativo do Programa Lixo Na Hora Certa, que ir\u00e1 atender todas as ruas com coleta de res\u00edduos porta a porta. Com in\u00edcio para o m\u00eas de agosto deste ano, a previs\u00e3o \u00e9 que at\u00e9 dezembro o sistema j\u00e1 esteja instalado em toda a \u00e1rea urbana.<\/p>\n\n\n\n<p>Atualmente a coleta de res\u00edduos em Paudalho se baseia no recolhimento do lixo em pontos destinados pela nas comunidades. Para melhorar ainda mais o servi\u00e7o, o Lixo Na Hora Certa ir\u00e1 realizar o recolhimento diretamente nas resid\u00eancias, propondo quatro tipos de coleta em um per\u00edodo alternado de dias: coleta domiciliar, coleta seletiva, coleta de poda e coleta de metralhas (res\u00edduo da constru\u00e7\u00e3o civil domiciliar).<\/p>\n\n\n\n<p><strong>O Aplicativo<\/strong><\/p>\n\n\n\n<p>Em parceria com a UFPE, a popula\u00e7\u00e3o tamb\u00e9m ter\u00e1 acesso ao aplicativo que se insere no programa como um instrumento de comunica\u00e7\u00e3o com os moradores, para que, atrav\u00e9s dele possam ter informa\u00e7\u00f5es da rota dos caminh\u00f5es de coleta e do hor\u00e1rio que ele passar\u00e1 na resid\u00eancia. Outra funcionalidade ser\u00e1 a realiza\u00e7\u00e3o do cadastro na coleta seletiva, e a possibilidade de informar sobre a necessidade de ser coletado podas, metralhas e res\u00edduos volumosos (colch\u00e3o, fog\u00e3o, geladeira, sof\u00e1, etc), recebendo uma previs\u00e3o de coleta desses materiais.<\/p>\n\n\n\n<p><strong>Paudalho sustent\u00e1vel<\/strong><\/p>\n\n\n\n<p>A luta pela preserva\u00e7\u00e3o do meio ambiente \u00e9 uma prioridade do munic\u00edpio, que atingiu 1.200 toneladas de res\u00edduos s\u00f3lidos reciclados atrav\u00e9s do Programa Municipal de Coleta Seletiva. Todos os res\u00edduos coletados em Paudalho s\u00e3o destinados \u00e0 Central de Triagem e Tratamento de Res\u00edduos (CTTR), onde tem a sua destina\u00e7\u00e3o ambientalmente correta.<\/p>\n\n\n\n<p>No local os res\u00edduos da coleta seletiva s\u00e3o triados e enviados para empresas de reciclagens; as podas ser\u00e3o destinadas a compostagem; as metralhas ser\u00e3o trituradas e destinadas \u00e0s estradas vicinais e aterros de casas; o \u00f3leo de cozinha ser\u00e1 utilizado para a produ\u00e7\u00e3o de sab\u00e3o ecol\u00f3gico; os res\u00edduos eletr\u00f4nicos e a linha branca (fog\u00e3o, geladeira, etc), enviados a log\u00edstica reversa; volumoso (cama, sof\u00e1, etc) ser\u00e1 reformado e destinado a popula\u00e7\u00e3o. J\u00e1 os rejeitos s\u00e3o destinados ao aterro sanit\u00e1rio de Igarassu, Regi\u00e3o Metropolitana do Recife.<\/p>\n","protected":false},"excerpt":{"rendered":"<p>A Prefeitura do Paudalho por meio da Secretaria de Desenvolvimento Econ\u00f4mico, Meio Ambiente e Qualifica\u00e7\u00e3o Profissional (SEDEMAQ) anunciou o lan\u00e7amento do aplicativo do Programa Lixo Na Hora Certa, que ir\u00e1 atender todas as ruas com coleta de res\u00edduos porta a porta. Com in\u00edcio para o m\u00eas de agosto deste ano, a previs\u00e3o \u00e9 que at\u00e9 [&hellip;]<\/p>\n","protected":false},"author":11,"featured_media":25748,"comment_status":"open","ping_status":"open","sticky":false,"template":"","format":"standard","meta":{"_jetpack_newsletter_access":"","_jetpack_dont_email_post_to_subs":false,"_jetpack_newsletter_tier_id":0,"_jetpack_memberships_contains_paywalled_content":false,"_jetpack_memberships_contains_paid_content":false,"footnotes":""},"categories":[2,765,1,588,746],"tags":[1213,731,190,1211,1212,754,764],"class_list":["post-25747","post","type-post","status-publish","format-standard","has-post-thumbnail","hentry","category-destaque","category-meio-ambiente","category-noticias","category-projetos-e-programas","category-sustentabilidade","tag-aplicativo-lixo-na-hora-certa","tag-coleta-seletiva","tag-meio-ambiente","tag-programa-lixo-na-hora-certa","tag-residuos-reciclaveis","tag-sedemaq","tag-ufpe"],"jetpack_featured_media_url":"https:\/\/www.paudalho.pe.gov.br\/portal\/wp-content\/uploads\/2023\/06\/photo1682529665.jpeg","jetpack_sharing_enabled":true,"jetpack_shortlink":"https:\/\/wp.me\/p98mS2-6Hh","_links":{"self":[{"href":"https:\/\/www.paudalho.pe.gov.br\/portal\/wp-json\/wp\/v2\/posts\/25747","targetHints":{"allow":["GET"]}}],"collection":[{"href":"https:\/\/www.paudalho.pe.gov.br\/portal\/wp-json\/wp\/v2\/posts"}],"about":[{"href":"https:\/\/www.paudalho.pe.gov.br\/portal\/wp-json\/wp\/v2\/types\/post"}],"author":[{"embeddable":true,"href":"https:\/\/www.paudalho.pe.gov.br\/portal\/wp-json\/wp\/v2\/users\/11"}],"replies":[{"embeddable":true,"href":"https:\/\/www.paudalho.pe.gov.br\/portal\/wp-json\/wp\/v2\/comments?post=25747"}],"version-history":[{"count":1,"href":"https:\/\/www.paudalho.pe.gov.br\/portal\/wp-json\/wp\/v2\/posts\/25747\/revisions"}],"predecessor-version":[{"id":25749,"href":"https:\/\/www.paudalho.pe.gov.br\/portal\/wp-json\/wp\/v2\/posts\/25747\/revisions\/25749"}],"wp:featuredmedia":[{"embeddable":true,"href":"https:\/\/www.paudalho.pe.gov.br\/portal\/wp-json\/wp\/v2\/media\/25748"}],"wp:attachment":[{"href":"https:\/\/www.paudalho.pe.gov.br\/portal\/wp-json\/wp\/v2\/media?parent=25747"}],"wp:term":[{"taxonomy":"category","embeddable":true,"href":"https:\/\/www.paudalho.pe.gov.br\/portal\/wp-json\/wp\/v2\/categories?post=25747"},{"taxonomy":"post_tag","embeddable":true,"href":"https:\/\/www.paudalho.pe.gov.br\/portal\/wp-json\/wp\/v2\/tags?post=25747"}],"curies":[{"name":"wp","href":"https:\/\/api.w.org\/{rel}","templated":true}]}}