{"id":25735,"date":"2023-06-12T09:46:18","date_gmt":"2023-06-12T12:46:18","guid":{"rendered":"https:\/\/www.paudalho.pe.gov.br\/portal\/?p=25735"},"modified":"2023-06-12T09:46:18","modified_gmt":"2023-06-12T12:46:18","slug":"divulgado-edital-para-eleitores-e-candidatos-do-processo-eleitoral-do-conselho-municipal-de-politica-cultural","status":"publish","type":"post","link":"https:\/\/www.paudalho.pe.gov.br\/portal\/divulgado-edital-para-eleitores-e-candidatos-do-processo-eleitoral-do-conselho-municipal-de-politica-cultural\/","title":{"rendered":"Divulgado Edital para eleitores e candidatos do processo eleitoral do Conselho Municipal de Pol\u00edtica Cultural"},"content":{"rendered":"\n<p>A Prefeitura do Paudalho por meio da Secretaria de Cultura, Turismo, Lazer e Juventude lan\u00e7ou o Edital de Chamamento de mun\u00edcipes para participarem da elei\u00e7\u00e3o dos representantes da Sociedade Civil, que integrar\u00e3o o Conselho Municipal de Pol\u00edtica Cultural do Paudalho (CMPC) no per\u00edodo de 2023\/2025.\u00a0<\/p>\n\n\n\n<p>Poder\u00e3o participar do processo eleitoral para eleitor e candidato a Conselheiro, qualquer pessoa interessada em participar da pol\u00edtica p\u00fablica cultural do Paudalho, desde que possua e comprove atua\u00e7\u00e3o na \u00e1rea cultural. As inscri\u00e7\u00f5es poder\u00e3o ser realizadas pessoalmente na sede da Secretaria, localizada na Pra\u00e7a Joaquim Nabuco, popularmente chamada de Pra\u00e7a do Ros\u00e1rio, no Centro, das 9h \u00e0s 16h.&nbsp;<\/p>\n\n\n\n<p>No momento da inscri\u00e7\u00e3o \u00e9 necess\u00e1rio apresentar o formul\u00e1rio de inscri\u00e7\u00e3o de candidato a Conselheiro Municipal de Pol\u00edtica Cultural, totalmente preenchido, c\u00f3pia do comprovante de resid\u00eancia, c\u00f3pia do documento de identidade oficial com foto (carteira de trabalho, RG, identidade profissional ou CNH), hist\u00f3rico de atua\u00e7\u00e3o na \u00e1rea cultural, comprovantes de atua\u00e7\u00e3o na \u00e1rea cultural h\u00e1 pelo menos dois anos, declara\u00e7\u00e3o de que n\u00e3o exerce cargo comissionado, fun\u00e7\u00e3o gratificada ou possui qualquer v\u00ednculo com o Poder P\u00fablico Municipal do Paudalho.<\/p>\n\n\n\n<p>O processo de elei\u00e7\u00e3o dos conselheiros representantes da Sociedade Civil ser\u00e1 coordenado por uma Comiss\u00e3o Eleitoral, compostas por quatro pessoas, sendo dois representantes da Sociedade Civil e dois representantes do Poder P\u00fablico, um deles na qualidade de presidente indicados pela SecultJuv.<\/p>\n\n\n\n<p><strong>Edital com documenta\u00e7\u00e3o necess\u00e1ria, ficha de inscri\u00e7\u00e3o e mais informa\u00e7\u00f5es abaixo:<\/strong><\/p>\n\n\n\n<div data-wp-interactive=\"core\/file\" class=\"wp-block-file\"><object data-wp-bind--hidden=\"!state.hasPdfPreview\" hidden class=\"wp-block-file__embed\" data=\"https:\/\/www.paudalho.pe.gov.br\/portal\/wp-content\/uploads\/2023\/06\/EDITAL-DO-CHAMAMENTO-PARA-ELEICAO-DO-CONSELHO-MUNICIPAL-DE-POLITICA-CULTURAL.pdf\" type=\"application\/pdf\" style=\"width:100%;height:600px\" aria-label=\"Incorporado de EDITAL-DO-CHAMAMENTO-PARA-ELEICAO-DO-CONSELHO-MUNICIPAL-DE-POLITICA-CULTURAL.\"><\/object><a id=\"wp-block-file--media-96b473c0-f9d2-4baa-b016-5c0310536e32\" href=\"https:\/\/www.paudalho.pe.gov.br\/portal\/wp-content\/uploads\/2023\/06\/EDITAL-DO-CHAMAMENTO-PARA-ELEICAO-DO-CONSELHO-MUNICIPAL-DE-POLITICA-CULTURAL.pdf\">EDITAL-DO-CHAMAMENTO-PARA-ELEICAO-DO-CONSELHO-MUNICIPAL-DE-POLITICA-CULTURAL<\/a><a href=\"https:\/\/www.paudalho.pe.gov.br\/portal\/wp-content\/uploads\/2023\/06\/EDITAL-DO-CHAMAMENTO-PARA-ELEICAO-DO-CONSELHO-MUNICIPAL-DE-POLITICA-CULTURAL.pdf\" class=\"wp-block-file__button wp-element-button\" download aria-describedby=\"wp-block-file--media-96b473c0-f9d2-4baa-b016-5c0310536e32\">Baixar<\/a><\/div>\n","protected":false},"excerpt":{"rendered":"<p>A Prefeitura do Paudalho por meio da Secretaria de Cultura, Turismo, Lazer e Juventude lan\u00e7ou o Edital de Chamamento de mun\u00edcipes para participarem da elei\u00e7\u00e3o dos representantes da Sociedade Civil, que integrar\u00e3o o Conselho Municipal de Pol\u00edtica Cultural do Paudalho (CMPC) no per\u00edodo de 2023\/2025.\u00a0 Poder\u00e3o participar do processo eleitoral para eleitor e candidato a [&hellip;]<\/p>\n","protected":false},"author":11,"featured_media":25741,"comment_status":"open","ping_status":"open","sticky":false,"template":"","format":"standard","meta":{"_jetpack_newsletter_access":"","_jetpack_dont_email_post_to_subs":false,"_jetpack_newsletter_tier_id":0,"_jetpack_memberships_contains_paywalled_content":false,"_jetpack_memberships_contains_paid_content":false,"footnotes":""},"categories":[6,1184,2,1],"tags":[1171,1159,68,1172,238],"class_list":["post-25735","post","type-post","status-publish","format-standard","has-post-thumbnail","hentry","category-cultura","category-cultura-2","category-destaque","category-noticias","tag-conselho-municipal-de-politica-cultural","tag-conselho-municipal-de-politica-cultural-do-paudalho","tag-cultura","tag-edital-de-chamamento-da-sociedade-civil-para-eleicao-do-conselho-municipal-de-politica-cultural","tag-secretaria-de-cultura-e-turismo"],"jetpack_featured_media_url":"https:\/\/www.paudalho.pe.gov.br\/portal\/wp-content\/uploads\/2023\/06\/CULTURA-PAUDALHO.jpg","jetpack_sharing_enabled":true,"jetpack_shortlink":"https:\/\/wp.me\/p98mS2-6H5","_links":{"self":[{"href":"https:\/\/www.paudalho.pe.gov.br\/portal\/wp-json\/wp\/v2\/posts\/25735","targetHints":{"allow":["GET"]}}],"collection":[{"href":"https:\/\/www.paudalho.pe.gov.br\/portal\/wp-json\/wp\/v2\/posts"}],"about":[{"href":"https:\/\/www.paudalho.pe.gov.br\/portal\/wp-json\/wp\/v2\/types\/post"}],"author":[{"embeddable":true,"href":"https:\/\/www.paudalho.pe.gov.br\/portal\/wp-json\/wp\/v2\/users\/11"}],"replies":[{"embeddable":true,"href":"https:\/\/www.paudalho.pe.gov.br\/portal\/wp-json\/wp\/v2\/comments?post=25735"}],"version-history":[{"count":2,"href":"https:\/\/www.paudalho.pe.gov.br\/portal\/wp-json\/wp\/v2\/posts\/25735\/revisions"}],"predecessor-version":[{"id":25742,"href":"https:\/\/www.paudalho.pe.gov.br\/portal\/wp-json\/wp\/v2\/posts\/25735\/revisions\/25742"}],"wp:featuredmedia":[{"embeddable":true,"href":"https:\/\/www.paudalho.pe.gov.br\/portal\/wp-json\/wp\/v2\/media\/25741"}],"wp:attachment":[{"href":"https:\/\/www.paudalho.pe.gov.br\/portal\/wp-json\/wp\/v2\/media?parent=25735"}],"wp:term":[{"taxonomy":"category","embeddable":true,"href":"https:\/\/www.paudalho.pe.gov.br\/portal\/wp-json\/wp\/v2\/categories?post=25735"},{"taxonomy":"post_tag","embeddable":true,"href":"https:\/\/www.paudalho.pe.gov.br\/portal\/wp-json\/wp\/v2\/tags?post=25735"}],"curies":[{"name":"wp","href":"https:\/\/api.w.org\/{rel}","templated":true}]}}