{"id":25640,"date":"2023-06-04T10:53:08","date_gmt":"2023-06-04T13:53:08","guid":{"rendered":"https:\/\/www.paudalho.pe.gov.br\/portal\/?p=25640"},"modified":"2025-01-08T00:38:53","modified_gmt":"2025-01-08T03:38:53","slug":"em-paudalho-sao-joao-tem-apresentacoes-de-quadrilhas-juninas-do-municipio-e-atracoes-musicais-como-iguinho-e-lulinha-grandao-vaqueiro-juarez-rafaela-santos-e-viloes-do-forro","status":"publish","type":"post","link":"https:\/\/www.paudalho.pe.gov.br\/portal\/em-paudalho-sao-joao-tem-apresentacoes-de-quadrilhas-juninas-do-municipio-e-atracoes-musicais-como-iguinho-e-lulinha-grandao-vaqueiro-juarez-rafaela-santos-e-viloes-do-forro\/","title":{"rendered":"<strong>Em Paudalho, S\u00e3o Jo\u00e3o tem apresenta\u00e7\u00f5es de quadrilhas juninas do munic\u00edpio e atra\u00e7\u00f5es musicais como Iguinho e Lulinha, Grand\u00e3o Vaqueiro, Juarez, Rafaela Santos e Vil\u00f5es do Forr\u00f3<\/strong>"},"content":{"rendered":"\n<p>A Prefeitura do Paudalho anunciou a programa\u00e7\u00e3o do S\u00e3o Jo\u00e3o 2023, que segue a tradi\u00e7\u00e3o de trazer para o munic\u00edpio um festejo multicultural, que abra\u00e7a o cl\u00e1ssico e o contempor\u00e2neo. No calend\u00e1rio ser\u00e3o nove dias de apresenta\u00e7\u00f5es no P\u00e1tio de Eventos Beira-Rio, localizado no Centro da cidade, come\u00e7ando no dia 16 at\u00e9 24 de junho, com nomes como&nbsp; Iguinho e Lulinha, Grand\u00e3o Vaqueiro, Caninana, Juarez, Rafaela Santos, Sedutora, Vil\u00f5es do Forr\u00f3, quadrilhas e muito mais. Reconhecendo sua import\u00e2ncia para a cultura de Paudalho, a paudalhense dona Maria Lavadeira, fundadora da quadrilha Forr\u00f3 Bai\u00e3o Nordestino, ser\u00e1 a homenageada deste S\u00e3o Jo\u00e3o.<\/p>\n\n\n\n<p>Neste ano o evento tem como tema \u201c<strong>S\u00e3o Jo\u00e3o de Todos os Tempos<\/strong>\u201d, remetendo as lembran\u00e7as de celebra\u00e7\u00f5es anteriores e com a certeza de fazer neste mem\u00f3rias ainda mais inesquec\u00edveis. Sempre a partir das 20h, o palco do Beira-Rio recebe atra\u00e7\u00f5es musicais, tendo no primeiro dia shows de Stevines, seguido de Grand\u00e3o Vaqueiro e Anjo Azul. No s\u00e1bado (17), quem sobe ao palco \u00e9 Juarez, Rog\u00e9rio Som e para encerrar a noite Caninana. O domingo (18) tem os shows de F\u00e1 e Amandinha, Helton Lima e Rafaela Santos. A segunda-feira (19) tem apresenta\u00e7\u00f5es de Tom\u00e1s Playboyzinhos, Felipe Farra e Iguinho e Lulinha. Abrindo os shows do segundo fim de semana, na sexta-feira (23), v\u00e9spera de S\u00e3o Jo\u00e3o, quem comanda a festa \u00e9 Geo Moura, Cl\u00e1udia Lauterer e Sedutora. E terminando as apresenta\u00e7\u00f5es no dia do santo, s\u00e1bado (24), conta com Rosimar Lima e Vil\u00f5es do Forr\u00f3.<\/p>\n\n\n\n<p>Abra\u00e7ando toda a cultura regional que \u00e9 marca registrada da data, os dias 20, 21 e 22 de junho s\u00e3o reservados para apresenta\u00e7\u00f5es das quadrilhas juninas de Paudalho, parte importante da tradi\u00e7\u00e3o do munic\u00edpio, que possui a quadrilha mais antiga em atividade do estado de Pernambuco. Na ter\u00e7a-feira (20), as apresenta\u00e7\u00f5es iniciam com a quadrilha junina dos idosos do Servi\u00e7o de Conviv\u00eancia e Fortalecimento de Ve\u00edculos da Secretaria de Desenvolvimento e Assist\u00eancia Social (SEDAS), logo ap\u00f3s se apresentam as quadrilhas juninas Matutinho do Sert\u00e3o, Na Emenda e Mastruz Com Leite. Na quarta-feira (21) entram em cena a quadrilha junina infantil do Servi\u00e7o de Conviv\u00eancia e Fortalecimento de Ve\u00edculos, seguido das quadrilhas Xamegar, Meu Nome \u00c9 e Fogo No P\u00e9. J\u00e1 no \u00faltimo dia de apresenta\u00e7\u00f5es, o p\u00fablico poder\u00e1 prestigiar as quadrilhas Forr\u00f3 Bai\u00e3o Nordestino, Balanc\u00ea, Rosa dos Ventos e Rosa Linda, Linda, Rosa.<\/p>\n\n\n\n<p><strong>Pr\u00e9via do S\u00e3o Jo\u00e3o<\/strong><\/p>\n\n\n\n<p>Em prepara\u00e7\u00e3o para a festa mais tradicional de Pernambuco, neste ano, Paudalho ir\u00e1 sediar o Pr\u00e9-Junino Mata Norte, evento com apresenta\u00e7\u00f5es das quadrilhas juninas infanto-juvenis e adultas do estado. Com apoio da Prefeitura do Paudalho atrav\u00e9s da Secretaria de Cultura, Turismo, Lazer e Juventude, o evento \u00e9 uma realiza\u00e7\u00e3o da Federa\u00e7\u00e3o das Quadrilhas Juninas do Estado de Pernambuco (FEQUAJUPE), e ocorre neste domingo (4), na quadra coberta do P\u00e1tio de Eventos Beira-Rio, Centro da cidade, \u00e0s 17h.<\/p>\n\n\n\n<p>O festejo encerra a agenda de Pr\u00e9vias do S\u00e3o Jo\u00e3o 2023, com o munic\u00edpio recebendo a maior pr\u00e9via junina do Brasil, reunindo quadrilhas juninas de toda Zona da Mata Norte. Evento pioneiro, o Pr\u00e9-Junino contempla o calend\u00e1rio cultural do estado abrindo o Ciclo Junino.<\/p>\n\n\n\n<p><\/p>\n\n\n\n<p><strong>Programa\u00e7\u00e3o completa:<\/strong><\/p>\n\n\n\n<p><strong>Domingo (04\/06)<\/strong><\/p>\n\n\n\n<p><strong>Pr\u00e9-Junino Mata Norte<\/strong><\/p>\n\n\n\n<p>Local: quadra coberta do Beira-Rio, 17h<\/p>\n\n\n\n<p><\/p>\n\n\n\n<p><strong>S\u00e3o Jo\u00e3o de Todos os Tempos<\/strong><\/p>\n\n\n\n<p>Local: P\u00e1tio de Eventos Beira-Rio, 20h<\/p>\n\n\n\n<p><strong>Sexta-feira (16\/06)<\/strong><\/p>\n\n\n\n<p>Stevines<\/p>\n\n\n\n<p>Grand\u00e3o Vaqueiro&nbsp;<\/p>\n\n\n\n<p>Anjo Azul<\/p>\n\n\n\n<p><strong>S\u00e1bado (17\/06)<\/strong><\/p>\n\n\n\n<p>Juarez<\/p>\n\n\n\n<p>Rog\u00e9rio som<\/p>\n\n\n\n<p>Caninana&nbsp;<\/p>\n\n\n\n<p><strong>Domingo (18\/06)<\/strong><\/p>\n\n\n\n<p>F\u00e1 e Amandinha&nbsp;<\/p>\n\n\n\n<p>Helton Lima<\/p>\n\n\n\n<p>Rafaela Santos<\/p>\n\n\n\n<p><strong>Segunda-feira (19\/06)<\/strong><\/p>\n\n\n\n<p>Tom\u00e1s Playboyzinhos<\/p>\n\n\n\n<p>Felipe farra<\/p>\n\n\n\n<p>Iguinho e Lulinha<\/p>\n\n\n\n<p><strong>Ter\u00e7a-feira (20\/06)<\/strong><\/p>\n\n\n\n<p>Quadrilha Junina Matutinhos do Sert\u00e3o<\/p>\n\n\n\n<p>Quadrilha Junina Na Emenda<\/p>\n\n\n\n<p>Quadrilha Junina Mastruz Com Leite<\/p>\n\n\n\n<p><strong>Quarta-feira (21\/06)<\/strong><\/p>\n\n\n\n<p>Quadrilha Junina Xamegar<\/p>\n\n\n\n<p>Quadrilha Junina Meu Nome \u00c9<\/p>\n\n\n\n<p>Quadrilha Junina Fogo No P\u00e9<\/p>\n\n\n\n<p><strong>Quinta-feira (22\/06)<\/strong><\/p>\n\n\n\n<p>Quadrilha Junina Forr\u00f3 Bai\u00e3o Nordestino<\/p>\n\n\n\n<p>Quadrilha Junina Balanc\u00ea<\/p>\n\n\n\n<p>Quadrilha Junina Rosa Dos Ventos<\/p>\n\n\n\n<p>Quadrilha Junina Rosa Linda, Linda Rosa<\/p>\n\n\n\n<p><strong>Sexta-feira (23\/06)<\/strong><\/p>\n\n\n\n<p>Geo Moura&nbsp;<\/p>\n\n\n\n<p>Cl\u00e1udia Lauterer<\/p>\n\n\n\n<p>Sedutora&nbsp;<\/p>\n\n\n\n<p><strong>S\u00e1bado (24\/06)<\/strong><\/p>\n\n\n\n<p>Rosimar Lima&nbsp;<\/p>\n\n\n\n<p>Vil\u00f5es do Forr\u00f3<\/p>\n","protected":false},"excerpt":{"rendered":"<p>A Prefeitura do Paudalho anunciou a programa\u00e7\u00e3o do S\u00e3o Jo\u00e3o 2023, que segue a tradi\u00e7\u00e3o de trazer para o munic\u00edpio um festejo multicultural, que abra\u00e7a o cl\u00e1ssico e o contempor\u00e2neo. No calend\u00e1rio ser\u00e3o nove dias de apresenta\u00e7\u00f5es no P\u00e1tio de Eventos Beira-Rio, localizado no Centro da cidade, come\u00e7ando no dia 16 at\u00e9 24 de junho, [&hellip;]<\/p>\n","protected":false},"author":11,"featured_media":25643,"comment_status":"open","ping_status":"open","sticky":false,"template":"","format":"standard","meta":{"_jetpack_newsletter_access":"","_jetpack_dont_email_post_to_subs":false,"_jetpack_newsletter_tier_id":0,"_jetpack_memberships_contains_paywalled_content":false,"_jetpack_memberships_contains_paid_content":false,"footnotes":""},"categories":[1184,2,1,749],"tags":[294,1183,1209,196],"class_list":["post-25640","post","type-post","status-publish","format-standard","has-post-thumbnail","hentry","category-cultura-2","category-destaque","category-noticias","category-sao-joao","tag-sao-joao","tag-sao-joao-2023","tag-sao-joao-de-todos-os-tempos","tag-secretaria-de-cultura"],"jetpack_featured_media_url":"https:\/\/www.paudalho.pe.gov.br\/portal\/wp-content\/uploads\/2023\/06\/SAO-JOAO-6.png","jetpack_sharing_enabled":true,"jetpack_shortlink":"https:\/\/wp.me\/p98mS2-6Fy","_links":{"self":[{"href":"https:\/\/www.paudalho.pe.gov.br\/portal\/wp-json\/wp\/v2\/posts\/25640","targetHints":{"allow":["GET"]}}],"collection":[{"href":"https:\/\/www.paudalho.pe.gov.br\/portal\/wp-json\/wp\/v2\/posts"}],"about":[{"href":"https:\/\/www.paudalho.pe.gov.br\/portal\/wp-json\/wp\/v2\/types\/post"}],"author":[{"embeddable":true,"href":"https:\/\/www.paudalho.pe.gov.br\/portal\/wp-json\/wp\/v2\/users\/11"}],"replies":[{"embeddable":true,"href":"https:\/\/www.paudalho.pe.gov.br\/portal\/wp-json\/wp\/v2\/comments?post=25640"}],"version-history":[{"count":1,"href":"https:\/\/www.paudalho.pe.gov.br\/portal\/wp-json\/wp\/v2\/posts\/25640\/revisions"}],"predecessor-version":[{"id":25642,"href":"https:\/\/www.paudalho.pe.gov.br\/portal\/wp-json\/wp\/v2\/posts\/25640\/revisions\/25642"}],"wp:featuredmedia":[{"embeddable":true,"href":"https:\/\/www.paudalho.pe.gov.br\/portal\/wp-json\/wp\/v2\/media\/25643"}],"wp:attachment":[{"href":"https:\/\/www.paudalho.pe.gov.br\/portal\/wp-json\/wp\/v2\/media?parent=25640"}],"wp:term":[{"taxonomy":"category","embeddable":true,"href":"https:\/\/www.paudalho.pe.gov.br\/portal\/wp-json\/wp\/v2\/categories?post=25640"},{"taxonomy":"post_tag","embeddable":true,"href":"https:\/\/www.paudalho.pe.gov.br\/portal\/wp-json\/wp\/v2\/tags?post=25640"}],"curies":[{"name":"wp","href":"https:\/\/api.w.org\/{rel}","templated":true}]}}