{"id":25635,"date":"2023-06-02T10:06:04","date_gmt":"2023-06-02T13:06:04","guid":{"rendered":"https:\/\/www.paudalho.pe.gov.br\/portal\/?p=25635"},"modified":"2025-01-08T00:38:53","modified_gmt":"2025-01-08T03:38:53","slug":"em-paudalho-centro-de-terapias-integradas-em-saude-mental-cetism-tem-atendimento-com-neuropediatra","status":"publish","type":"post","link":"https:\/\/www.paudalho.pe.gov.br\/portal\/em-paudalho-centro-de-terapias-integradas-em-saude-mental-cetism-tem-atendimento-com-neuropediatra\/","title":{"rendered":"Em Paudalho, Centro de Terapias Integradas em Sa\u00fade Mental (CETISM) tem atendimento com neuropediatra"},"content":{"rendered":"\n<p>Para complementar a equipe do Centro de Terapias Integradas em Sa\u00fade Mental (CETISM) de Paudalho, a unidade agora oferece atendimento com neuropediatra, nas segundas-feiras e sextas-feiras, durante o turno da tarde, atendendo pacientes com dist\u00farbio de comportamento, epilepsia, transtorno de desenvolvimento, transtorno de movimento, entre outros.&nbsp;<\/p>\n\n\n\n<p>\u201c<em>\u00c9 bom para as nossas crian\u00e7as, porque elas precisam e n\u00e3o conseguem se deslocar para outro munic\u00edpio, ent\u00e3o \u00e9 muito importante isso na nossa cidade<\/em>\u201d, comentou Eliane Marina, que estava acompanhando seu filho para o entendimento.<\/p>\n\n\n\n<p>Inaugurado em 2022, a unidade fica situada no Complexo Hospitalar, no popularmente conhecido como Alto do Hospital, e oferece servi\u00e7o com m\u00faltiplos profissionais como psic\u00f3logo, psiquiatras, fonoaudi\u00f3logos, psicopedagogos, entre outros m\u00e9dicos. Para ter acesso ao atendimento, o paciente precisa ser encaminhado atrav\u00e9s das Unidades B\u00e1sicas de Sa\u00fade.<\/p>\n","protected":false},"excerpt":{"rendered":"<p>Para complementar a equipe do Centro de Terapias Integradas em Sa\u00fade Mental (CETISM) de Paudalho, a unidade agora oferece atendimento com neuropediatra, nas segundas-feiras e sextas-feiras, durante o turno da tarde, atendendo pacientes com dist\u00farbio de comportamento, epilepsia, transtorno de desenvolvimento, transtorno de movimento, entre outros.&nbsp; \u201c\u00c9 bom para as nossas crian\u00e7as, porque elas precisam [&hellip;]<\/p>\n","protected":false},"author":11,"featured_media":25636,"comment_status":"open","ping_status":"open","sticky":false,"template":"","format":"standard","meta":{"_jetpack_newsletter_access":"","_jetpack_dont_email_post_to_subs":false,"_jetpack_newsletter_tier_id":0,"_jetpack_memberships_contains_paywalled_content":false,"_jetpack_memberships_contains_paid_content":false,"footnotes":""},"categories":[2,1,3],"tags":[],"class_list":["post-25635","post","type-post","status-publish","format-standard","has-post-thumbnail","hentry","category-destaque","category-noticias","category-saude"],"jetpack_featured_media_url":"https:\/\/www.paudalho.pe.gov.br\/portal\/wp-content\/uploads\/2023\/06\/photo1684527900-2.jpeg","jetpack_sharing_enabled":true,"jetpack_shortlink":"https:\/\/wp.me\/p98mS2-6Ft","_links":{"self":[{"href":"https:\/\/www.paudalho.pe.gov.br\/portal\/wp-json\/wp\/v2\/posts\/25635","targetHints":{"allow":["GET"]}}],"collection":[{"href":"https:\/\/www.paudalho.pe.gov.br\/portal\/wp-json\/wp\/v2\/posts"}],"about":[{"href":"https:\/\/www.paudalho.pe.gov.br\/portal\/wp-json\/wp\/v2\/types\/post"}],"author":[{"embeddable":true,"href":"https:\/\/www.paudalho.pe.gov.br\/portal\/wp-json\/wp\/v2\/users\/11"}],"replies":[{"embeddable":true,"href":"https:\/\/www.paudalho.pe.gov.br\/portal\/wp-json\/wp\/v2\/comments?post=25635"}],"version-history":[{"count":1,"href":"https:\/\/www.paudalho.pe.gov.br\/portal\/wp-json\/wp\/v2\/posts\/25635\/revisions"}],"predecessor-version":[{"id":25637,"href":"https:\/\/www.paudalho.pe.gov.br\/portal\/wp-json\/wp\/v2\/posts\/25635\/revisions\/25637"}],"wp:featuredmedia":[{"embeddable":true,"href":"https:\/\/www.paudalho.pe.gov.br\/portal\/wp-json\/wp\/v2\/media\/25636"}],"wp:attachment":[{"href":"https:\/\/www.paudalho.pe.gov.br\/portal\/wp-json\/wp\/v2\/media?parent=25635"}],"wp:term":[{"taxonomy":"category","embeddable":true,"href":"https:\/\/www.paudalho.pe.gov.br\/portal\/wp-json\/wp\/v2\/categories?post=25635"},{"taxonomy":"post_tag","embeddable":true,"href":"https:\/\/www.paudalho.pe.gov.br\/portal\/wp-json\/wp\/v2\/tags?post=25635"}],"curies":[{"name":"wp","href":"https:\/\/api.w.org\/{rel}","templated":true}]}}