{"id":25620,"date":"2023-05-31T11:44:48","date_gmt":"2023-05-31T14:44:48","guid":{"rendered":"https:\/\/www.paudalho.pe.gov.br\/portal\/?p=25620"},"modified":"2025-01-08T00:38:53","modified_gmt":"2025-01-08T03:38:53","slug":"com-apoio-da-prefeitura-do-paudalho-estudantes-do-municipio-participam-da-13o-edicao-do-concurso-ler-bem","status":"publish","type":"post","link":"https:\/\/www.paudalho.pe.gov.br\/portal\/com-apoio-da-prefeitura-do-paudalho-estudantes-do-municipio-participam-da-13o-edicao-do-concurso-ler-bem\/","title":{"rendered":"Com apoio da Prefeitura do Paudalho, estudantes do munic\u00edpio participam da 13\u00ba Edi\u00e7\u00e3o do Concurso Ler Bem"},"content":{"rendered":"\n<p>Valorizando e incentivando a educa\u00e7\u00e3o dos jovens do munic\u00edpio, nesta quarta-feira (31) a partir das 14h, na Sala do Empreendedor, localizada no P\u00e1tio da Feira, no Centro, os estudantes da Rede Municipal de Ensino participam da primeira fase da 13\u00ba Edi\u00e7\u00e3o do Concurso Ler Bem, promovido pela Associa\u00e7\u00e3o Pernambucana de Atacadista e Distribuidores (ASPA). Como previsto pela iniciativa, a Prefeitura do Paudalho por meio da Secretaria de Educa\u00e7\u00e3o e Esportes est\u00e1 encarregada das etapas eliminat\u00f3rias nas escolas, semifinais e final. O participante escolhido na fase municipal ir\u00e1 representar o munic\u00edpio de Paudalho na fase regional, que ocorre de julho at\u00e9 agosto.<\/p>\n\n\n\n<p>O projeto visa, atrav\u00e9s da competi\u00e7\u00e3o escolar, incentivar a forma\u00e7\u00e3o de jovens leitores do 4\u00ba ano do Ensino Fundamental I, reconhecendo a leitura como um dos meios pelo qual se obt\u00e9m conhecimento das mais diversas \u00e1reas, podendo facilitar a argumenta\u00e7\u00e3o e vocabul\u00e1rio para a produ\u00e7\u00e3o de um texto oral ou tamb\u00e9m escrito, vendo na escola uma grande parcela de responsabilidade para o incentivo do h\u00e1bito.<\/p>\n\n\n\n<p>De acordo com o regulamento do concurso, os alunos ser\u00e3o escolhidos ap\u00f3s avalia\u00e7\u00e3o da leitura de textos de g\u00eaneros diversos, selecionados pela Pasta, tendo como crit\u00e9rio: espontaneidade, entona\u00e7\u00e3o da voz e&nbsp; aplica\u00e7\u00e3o de pausas necess\u00e1rias pela pontua\u00e7\u00e3o.&nbsp;<\/p>\n","protected":false},"excerpt":{"rendered":"<p>Valorizando e incentivando a educa\u00e7\u00e3o dos jovens do munic\u00edpio, nesta quarta-feira (31) a partir das 14h, na Sala do Empreendedor, localizada no P\u00e1tio da Feira, no Centro, os estudantes da Rede Municipal de Ensino participam da primeira fase da 13\u00ba Edi\u00e7\u00e3o do Concurso Ler Bem, promovido pela Associa\u00e7\u00e3o Pernambucana de Atacadista e Distribuidores (ASPA). Como [&hellip;]<\/p>\n","protected":false},"author":11,"featured_media":25621,"comment_status":"open","ping_status":"open","sticky":false,"template":"","format":"standard","meta":{"_jetpack_newsletter_access":"","_jetpack_dont_email_post_to_subs":false,"_jetpack_newsletter_tier_id":0,"_jetpack_memberships_contains_paywalled_content":false,"_jetpack_memberships_contains_paid_content":false,"footnotes":""},"categories":[2,520,1],"tags":[328,30,1201],"class_list":["post-25620","post","type-post","status-publish","format-standard","has-post-thumbnail","hentry","category-destaque","category-educacao-2","category-noticias","tag-concurso-ler-bem","tag-educacao","tag-secretaria-de-educacao-e-esportes"],"jetpack_featured_media_url":"https:\/\/www.paudalho.pe.gov.br\/portal\/wp-content\/uploads\/2023\/05\/ESCOLA-scaled.jpg","jetpack_sharing_enabled":true,"jetpack_shortlink":"https:\/\/wp.me\/p98mS2-6Fe","_links":{"self":[{"href":"https:\/\/www.paudalho.pe.gov.br\/portal\/wp-json\/wp\/v2\/posts\/25620","targetHints":{"allow":["GET"]}}],"collection":[{"href":"https:\/\/www.paudalho.pe.gov.br\/portal\/wp-json\/wp\/v2\/posts"}],"about":[{"href":"https:\/\/www.paudalho.pe.gov.br\/portal\/wp-json\/wp\/v2\/types\/post"}],"author":[{"embeddable":true,"href":"https:\/\/www.paudalho.pe.gov.br\/portal\/wp-json\/wp\/v2\/users\/11"}],"replies":[{"embeddable":true,"href":"https:\/\/www.paudalho.pe.gov.br\/portal\/wp-json\/wp\/v2\/comments?post=25620"}],"version-history":[{"count":1,"href":"https:\/\/www.paudalho.pe.gov.br\/portal\/wp-json\/wp\/v2\/posts\/25620\/revisions"}],"predecessor-version":[{"id":25622,"href":"https:\/\/www.paudalho.pe.gov.br\/portal\/wp-json\/wp\/v2\/posts\/25620\/revisions\/25622"}],"wp:featuredmedia":[{"embeddable":true,"href":"https:\/\/www.paudalho.pe.gov.br\/portal\/wp-json\/wp\/v2\/media\/25621"}],"wp:attachment":[{"href":"https:\/\/www.paudalho.pe.gov.br\/portal\/wp-json\/wp\/v2\/media?parent=25620"}],"wp:term":[{"taxonomy":"category","embeddable":true,"href":"https:\/\/www.paudalho.pe.gov.br\/portal\/wp-json\/wp\/v2\/categories?post=25620"},{"taxonomy":"post_tag","embeddable":true,"href":"https:\/\/www.paudalho.pe.gov.br\/portal\/wp-json\/wp\/v2\/tags?post=25620"}],"curies":[{"name":"wp","href":"https:\/\/api.w.org\/{rel}","templated":true}]}}