{"id":25617,"date":"2023-05-31T09:25:29","date_gmt":"2023-05-31T12:25:29","guid":{"rendered":"https:\/\/www.paudalho.pe.gov.br\/portal\/?p=25617"},"modified":"2025-01-08T00:38:53","modified_gmt":"2025-01-08T03:38:53","slug":"prefeitura-do-paudalho-realiza-caminhada-em-alusao-ao-dia-de-combate-ao-abuso-e-a-exploracao-sexual-de-criancas-e-adolescentes-nesta-quarta-feira-31","status":"publish","type":"post","link":"https:\/\/www.paudalho.pe.gov.br\/portal\/prefeitura-do-paudalho-realiza-caminhada-em-alusao-ao-dia-de-combate-ao-abuso-e-a-exploracao-sexual-de-criancas-e-adolescentes-nesta-quarta-feira-31\/","title":{"rendered":"Prefeitura do Paudalho realiza caminhada em alus\u00e3o ao Dia de Combate ao Abuso e \u00e0 Explora\u00e7\u00e3o Sexual de Crian\u00e7as e Adolescentes nesta quarta-feira (31)"},"content":{"rendered":"\n<p>Nesta quarta-feira (31) a Prefeitura do Paudalho por meio da Secretaria de Desenvolvimento e Assist\u00eancia Social (SEDAS) realiza uma caminhada referente ao Dia de Combate ao Abuso e \u00e0 Explora\u00e7\u00e3o Sexual de Crian\u00e7as e Adolescentes, com sa\u00edda da entrada da cidade at\u00e9 a sede da prefeitura, no Centro. A Caminhada Fa\u00e7a Bonito visa alertar toda popula\u00e7\u00e3o de Paudalho sobre o enfrentamento da pauta.<\/p>\n\n\n\n<p>A iniciativa \u00e9 a finaliza\u00e7\u00e3o da programa\u00e7\u00e3o que ocorreu durante todos o m\u00eas de maio, que realizou a\u00e7\u00f5es como visitas em escolas da Zona Rural do munic\u00edpio conscientizando crian\u00e7as sobre abusos sexuais, com a atividade l\u00fadica \u201cSem\u00e1foro do Corpo\u201d, ensinando aos alunos quais locais do corpo podem ser tocados e como fazer para denunciar viol\u00eancias a um adulto de confian\u00e7a. Al\u00e9m disso, tamb\u00e9m efetuou rodas de conversa nas Escolas Municipais, debatendo sobre o abuso e explora\u00e7\u00e3o sexual, alertando as crian\u00e7as e adolescentes sobre como notar e denunciar casos.<\/p>\n\n\n\n<p>Agregando aos diversos servi\u00e7os j\u00e1 prestados pela Pasta, neste m\u00eas a Secretaria ainda realizou o lan\u00e7amento do Projeto Inf\u00e2ncia Protegida. A iniciativa \u00e9 uma parceria com o Conselho Municipal dos Direitos da Crian\u00e7a e do Adolescente (COMDICA) e do Ita\u00fa Social, com atividades que atuem na preven\u00e7\u00e3o e enfrentamento dos abusos contra menores.<\/p>\n\n\n\n<p>As den\u00fancias contra o abuso e explora\u00e7\u00e3o sexual de crian\u00e7as e adolescentes podem ser feitas de forma an\u00f4nima para o Centro de Refer\u00eancia Especializado de Assist\u00eancia Social (CREAS), atrav\u00e9s do n\u00famero (81) 99817-0068, ou denunciar para o conselho tutelar atrav\u00e9s do n\u00famero (81) 99958-0694, ou atrav\u00e9s do disque cem.<\/p>\n","protected":false},"excerpt":{"rendered":"<p>Nesta quarta-feira (31) a Prefeitura do Paudalho por meio da Secretaria de Desenvolvimento e Assist\u00eancia Social (SEDAS) realiza uma caminhada referente ao Dia de Combate ao Abuso e \u00e0 Explora\u00e7\u00e3o Sexual de Crian\u00e7as e Adolescentes, com sa\u00edda da entrada da cidade at\u00e9 a sede da prefeitura, no Centro. A Caminhada Fa\u00e7a Bonito visa alertar toda [&hellip;]<\/p>\n","protected":false},"author":11,"featured_media":25618,"comment_status":"open","ping_status":"open","sticky":false,"template":"","format":"standard","meta":{"_jetpack_newsletter_access":"","_jetpack_dont_email_post_to_subs":false,"_jetpack_newsletter_tier_id":0,"_jetpack_memberships_contains_paywalled_content":false,"_jetpack_memberships_contains_paid_content":false,"footnotes":""},"categories":[850,2,1],"tags":[99,1207,124],"class_list":["post-25617","post","type-post","status-publish","format-standard","has-post-thumbnail","hentry","category-assistencia-social","category-destaque","category-noticias","tag-assistencia-social","tag-caminhada-faca-bonito","tag-secretaria-de-desenvolvimento-e-assistencia-social"],"jetpack_featured_media_url":"https:\/\/www.paudalho.pe.gov.br\/portal\/wp-content\/uploads\/2023\/05\/ASSISTENCIA_PMP_FEED_24.png","jetpack_sharing_enabled":true,"jetpack_shortlink":"https:\/\/wp.me\/p98mS2-6Fb","_links":{"self":[{"href":"https:\/\/www.paudalho.pe.gov.br\/portal\/wp-json\/wp\/v2\/posts\/25617","targetHints":{"allow":["GET"]}}],"collection":[{"href":"https:\/\/www.paudalho.pe.gov.br\/portal\/wp-json\/wp\/v2\/posts"}],"about":[{"href":"https:\/\/www.paudalho.pe.gov.br\/portal\/wp-json\/wp\/v2\/types\/post"}],"author":[{"embeddable":true,"href":"https:\/\/www.paudalho.pe.gov.br\/portal\/wp-json\/wp\/v2\/users\/11"}],"replies":[{"embeddable":true,"href":"https:\/\/www.paudalho.pe.gov.br\/portal\/wp-json\/wp\/v2\/comments?post=25617"}],"version-history":[{"count":1,"href":"https:\/\/www.paudalho.pe.gov.br\/portal\/wp-json\/wp\/v2\/posts\/25617\/revisions"}],"predecessor-version":[{"id":25619,"href":"https:\/\/www.paudalho.pe.gov.br\/portal\/wp-json\/wp\/v2\/posts\/25617\/revisions\/25619"}],"wp:featuredmedia":[{"embeddable":true,"href":"https:\/\/www.paudalho.pe.gov.br\/portal\/wp-json\/wp\/v2\/media\/25618"}],"wp:attachment":[{"href":"https:\/\/www.paudalho.pe.gov.br\/portal\/wp-json\/wp\/v2\/media?parent=25617"}],"wp:term":[{"taxonomy":"category","embeddable":true,"href":"https:\/\/www.paudalho.pe.gov.br\/portal\/wp-json\/wp\/v2\/categories?post=25617"},{"taxonomy":"post_tag","embeddable":true,"href":"https:\/\/www.paudalho.pe.gov.br\/portal\/wp-json\/wp\/v2\/tags?post=25617"}],"curies":[{"name":"wp","href":"https:\/\/api.w.org\/{rel}","templated":true}]}}