{"id":25598,"date":"2023-05-30T14:01:30","date_gmt":"2023-05-30T17:01:30","guid":{"rendered":"https:\/\/www.paudalho.pe.gov.br\/portal\/?p=25598"},"modified":"2025-01-08T00:38:53","modified_gmt":"2025-01-08T03:38:53","slug":"prefeitura-do-paudalho-divulga-erratas-do-edital-de-processo-eleitoral-para-escolha-dos-conselheiros-tutelares-de-paudalho","status":"publish","type":"post","link":"https:\/\/www.paudalho.pe.gov.br\/portal\/prefeitura-do-paudalho-divulga-erratas-do-edital-de-processo-eleitoral-para-escolha-dos-conselheiros-tutelares-de-paudalho\/","title":{"rendered":"Prefeitura do Paudalho divulga erratas do Edital de Processo Eleitoral para Escolha dos Conselheiros Tutelares de Paudalho"},"content":{"rendered":"\n<p>A Prefeitura do Paudalho, por meio do Conselho Municipal de Defesa dos Direitos da Crian\u00e7a e do Adolescente do Paudalho (COMDICA), tornou p\u00fablica nesta ter\u00e7a-feira (30) a 2\u00aa Errata ao Edital de n\u00ba 001\/2023 (Processo Eleitoral Para Escolha dos Conselheiros Tutelares de Paudalho-PE), que atualiza o cronograma da sele\u00e7\u00e3o.<\/p>\n\n\n\n<p>Al\u00e9m da mudan\u00e7a na programa\u00e7\u00e3o, tamb\u00e9m foi divulgada a Errata n\u00b0 03\/2023 no Processo Eleitoral para Escolha dos Conselheiros Tutelares de Paudalho-PE, a fim de proceder com a retifica\u00e7\u00e3o de nome de candidata que teve sua inscri\u00e7\u00e3o deferida na lista de publicada no dia 19 de maio de 2023.<\/p>\n\n\n\n<p><strong>2\u00aa Errata ao Edital de n\u00ba 001\/2023:<\/strong><\/p>\n\n\n\n<div data-wp-interactive=\"core\/file\" class=\"wp-block-file\"><object data-wp-bind--hidden=\"!state.hasPdfPreview\" hidden class=\"wp-block-file__embed\" data=\"https:\/\/www.paudalho.pe.gov.br\/portal\/wp-content\/uploads\/2023\/05\/ERRATA-No-02-EDITAL-CT-2023.pdf\" type=\"application\/pdf\" style=\"width:100%;height:600px\" aria-label=\"Incorporado de ERRATA-No-02-EDITAL-CT-2023.\"><\/object><a id=\"wp-block-file--media-47da1c69-4cd8-43ec-be16-a3dac304c8ff\" href=\"https:\/\/www.paudalho.pe.gov.br\/portal\/wp-content\/uploads\/2023\/05\/ERRATA-No-02-EDITAL-CT-2023.pdf\">ERRATA-No-02-EDITAL-CT-2023<\/a><a href=\"https:\/\/www.paudalho.pe.gov.br\/portal\/wp-content\/uploads\/2023\/05\/ERRATA-No-02-EDITAL-CT-2023.pdf\" class=\"wp-block-file__button wp-element-button\" download aria-describedby=\"wp-block-file--media-47da1c69-4cd8-43ec-be16-a3dac304c8ff\">Baixar<\/a><\/div>\n\n\n\n<p><strong>Errata n\u00b0 03\/2023:<\/strong><\/p>\n\n\n\n<div data-wp-interactive=\"core\/file\" class=\"wp-block-file\"><object data-wp-bind--hidden=\"!state.hasPdfPreview\" hidden class=\"wp-block-file__embed\" data=\"https:\/\/www.paudalho.pe.gov.br\/portal\/wp-content\/uploads\/2023\/05\/ERRATA-No-3-ELEICAO-CT-2023.pdf\" type=\"application\/pdf\" style=\"width:100%;height:600px\" aria-label=\"Incorporado de ERRATA-No-3-ELEICAO-CT-2023.\"><\/object><a id=\"wp-block-file--media-ba8dd240-e864-465a-ae83-a133c3704683\" href=\"https:\/\/www.paudalho.pe.gov.br\/portal\/wp-content\/uploads\/2023\/05\/ERRATA-No-3-ELEICAO-CT-2023.pdf\">ERRATA-No-3-ELEICAO-CT-2023<\/a><a href=\"https:\/\/www.paudalho.pe.gov.br\/portal\/wp-content\/uploads\/2023\/05\/ERRATA-No-3-ELEICAO-CT-2023.pdf\" class=\"wp-block-file__button wp-element-button\" download aria-describedby=\"wp-block-file--media-ba8dd240-e864-465a-ae83-a133c3704683\">Baixar<\/a><\/div>\n","protected":false},"excerpt":{"rendered":"<p>A Prefeitura do Paudalho, por meio do Conselho Municipal de Defesa dos Direitos da Crian\u00e7a e do Adolescente do Paudalho (COMDICA), tornou p\u00fablica nesta ter\u00e7a-feira (30) a 2\u00aa Errata ao Edital de n\u00ba 001\/2023 (Processo Eleitoral Para Escolha dos Conselheiros Tutelares de Paudalho-PE), que atualiza o cronograma da sele\u00e7\u00e3o. Al\u00e9m da mudan\u00e7a na programa\u00e7\u00e3o, tamb\u00e9m [&hellip;]<\/p>\n","protected":false},"author":11,"featured_media":25601,"comment_status":"open","ping_status":"open","sticky":false,"template":"","format":"standard","meta":{"_jetpack_newsletter_access":"","_jetpack_dont_email_post_to_subs":false,"_jetpack_newsletter_tier_id":0,"_jetpack_memberships_contains_paywalled_content":false,"_jetpack_memberships_contains_paid_content":false,"footnotes":""},"categories":[2,1],"tags":[180,1162,487,697,495,1087],"class_list":["post-25598","post","type-post","status-publish","format-standard","has-post-thumbnail","hentry","category-destaque","category-noticias","tag-comdica","tag-conselho-municipal-de-defesa-dos-direitos-da-crianca-e-do-adolescente-do-paudalho","tag-conselho-tutelar","tag-edital","tag-eleicao-conselho-tutelar","tag-errata"],"jetpack_featured_media_url":"https:\/\/www.paudalho.pe.gov.br\/portal\/wp-content\/uploads\/2023\/05\/CRIANCA-PROTEGIDA-PAUDALHO-3-2-scaled.jpg","jetpack_sharing_enabled":true,"jetpack_shortlink":"https:\/\/wp.me\/p98mS2-6ES","_links":{"self":[{"href":"https:\/\/www.paudalho.pe.gov.br\/portal\/wp-json\/wp\/v2\/posts\/25598","targetHints":{"allow":["GET"]}}],"collection":[{"href":"https:\/\/www.paudalho.pe.gov.br\/portal\/wp-json\/wp\/v2\/posts"}],"about":[{"href":"https:\/\/www.paudalho.pe.gov.br\/portal\/wp-json\/wp\/v2\/types\/post"}],"author":[{"embeddable":true,"href":"https:\/\/www.paudalho.pe.gov.br\/portal\/wp-json\/wp\/v2\/users\/11"}],"replies":[{"embeddable":true,"href":"https:\/\/www.paudalho.pe.gov.br\/portal\/wp-json\/wp\/v2\/comments?post=25598"}],"version-history":[{"count":1,"href":"https:\/\/www.paudalho.pe.gov.br\/portal\/wp-json\/wp\/v2\/posts\/25598\/revisions"}],"predecessor-version":[{"id":25602,"href":"https:\/\/www.paudalho.pe.gov.br\/portal\/wp-json\/wp\/v2\/posts\/25598\/revisions\/25602"}],"wp:featuredmedia":[{"embeddable":true,"href":"https:\/\/www.paudalho.pe.gov.br\/portal\/wp-json\/wp\/v2\/media\/25601"}],"wp:attachment":[{"href":"https:\/\/www.paudalho.pe.gov.br\/portal\/wp-json\/wp\/v2\/media?parent=25598"}],"wp:term":[{"taxonomy":"category","embeddable":true,"href":"https:\/\/www.paudalho.pe.gov.br\/portal\/wp-json\/wp\/v2\/categories?post=25598"},{"taxonomy":"post_tag","embeddable":true,"href":"https:\/\/www.paudalho.pe.gov.br\/portal\/wp-json\/wp\/v2\/tags?post=25598"}],"curies":[{"name":"wp","href":"https:\/\/api.w.org\/{rel}","templated":true}]}}