{"id":25565,"date":"2023-05-19T09:07:09","date_gmt":"2023-05-19T12:07:09","guid":{"rendered":"https:\/\/www.paudalho.pe.gov.br\/portal\/?p=25565"},"modified":"2025-01-08T00:38:54","modified_gmt":"2025-01-08T03:38:54","slug":"cancelado-resultado-da-eleicao-para-representantes-da-sociedade-civil-do-conselho-municipal-de-politica-cultural-cmpc","status":"publish","type":"post","link":"https:\/\/www.paudalho.pe.gov.br\/portal\/cancelado-resultado-da-eleicao-para-representantes-da-sociedade-civil-do-conselho-municipal-de-politica-cultural-cmpc\/","title":{"rendered":"Cancelado resultado da elei\u00e7\u00e3o para representantes da sociedade civil do Conselho Municipal de Pol\u00edtica Cultural (CMPC)"},"content":{"rendered":"\n<p>A Prefeitura do Paudalho por meio da Secretaria de Cultura, Turismo, Lazer e Juventude anunciou o cancelamento do resultado da elei\u00e7\u00e3o para representantes da sociedade civil do Conselho Municipal de Pol\u00edtica Cultural (CMPC), realizada no dia 11 de maio, por interm\u00e9dio do Parecer 001\/2023 CECMPC da Comiss\u00e3o Eleitoral. A decis\u00e3o foi tomada para que ocorra a adequa\u00e7\u00e3o do Edital de Chamamento 003\/2023, com a posterior publica\u00e7\u00e3o de normas e calend\u00e1rio eleitoral com a convoca\u00e7\u00e3o para novas elei\u00e7\u00f5es, oficializando o compromisso \u00e9tico para condu\u00e7\u00e3o de um processo eleitoral democr\u00e1tico e transparente.<\/p>\n\n\n\n<p><strong>EDITAL DE CHAMAMENTO P\u00daBLICO N\u00ba 003\/2023 &#8211; Parecer 001\/2023:<\/strong><\/p>\n\n\n\n<div data-wp-interactive=\"core\/file\" class=\"wp-block-file\"><object data-wp-bind--hidden=\"!state.hasPdfPreview\" hidden class=\"wp-block-file__embed\" data=\"https:\/\/www.paudalho.pe.gov.br\/portal\/wp-content\/uploads\/2023\/05\/EDITAL-DE-CHAMAMENTO-PUBLICO-No-0032023_Parecer-0012023.pdf\" type=\"application\/pdf\" style=\"width:100%;height:600px\" aria-label=\"Incorporado de EDITAL-DE-CHAMAMENTO-PUBLICO-No-0032023_Parecer-0012023.\"><\/object><a id=\"wp-block-file--media-00ccb36b-68bb-49f9-84b8-e70c58ce8117\" href=\"https:\/\/www.paudalho.pe.gov.br\/portal\/wp-content\/uploads\/2023\/05\/EDITAL-DE-CHAMAMENTO-PUBLICO-No-0032023_Parecer-0012023.pdf\">EDITAL-DE-CHAMAMENTO-PUBLICO-No-0032023_Parecer-0012023<\/a><a href=\"https:\/\/www.paudalho.pe.gov.br\/portal\/wp-content\/uploads\/2023\/05\/EDITAL-DE-CHAMAMENTO-PUBLICO-No-0032023_Parecer-0012023.pdf\" class=\"wp-block-file__button wp-element-button\" download aria-describedby=\"wp-block-file--media-00ccb36b-68bb-49f9-84b8-e70c58ce8117\">Baixar<\/a><\/div>\n","protected":false},"excerpt":{"rendered":"<p>A Prefeitura do Paudalho por meio da Secretaria de Cultura, Turismo, Lazer e Juventude anunciou o cancelamento do resultado da elei\u00e7\u00e3o para representantes da sociedade civil do Conselho Municipal de Pol\u00edtica Cultural (CMPC), realizada no dia 11 de maio, por interm\u00e9dio do Parecer 001\/2023 CECMPC da Comiss\u00e3o Eleitoral. A decis\u00e3o foi tomada para que ocorra [&hellip;]<\/p>\n","protected":false},"author":11,"featured_media":25567,"comment_status":"open","ping_status":"open","sticky":false,"template":"","format":"standard","meta":{"_jetpack_newsletter_access":"","_jetpack_dont_email_post_to_subs":false,"_jetpack_newsletter_tier_id":0,"_jetpack_memberships_contains_paywalled_content":false,"_jetpack_memberships_contains_paid_content":false,"footnotes":""},"categories":[32,1184,2],"tags":[712,1171,697,196],"class_list":["post-25565","post","type-post","status-publish","format-standard","has-post-thumbnail","hentry","category-comunicado","category-cultura-2","category-destaque","tag-cmpc","tag-conselho-municipal-de-politica-cultural","tag-edital","tag-secretaria-de-cultura"],"jetpack_featured_media_url":"https:\/\/www.paudalho.pe.gov.br\/portal\/wp-content\/uploads\/2023\/05\/photo1683840692.jpeg","jetpack_sharing_enabled":true,"jetpack_shortlink":"https:\/\/wp.me\/p98mS2-6El","_links":{"self":[{"href":"https:\/\/www.paudalho.pe.gov.br\/portal\/wp-json\/wp\/v2\/posts\/25565","targetHints":{"allow":["GET"]}}],"collection":[{"href":"https:\/\/www.paudalho.pe.gov.br\/portal\/wp-json\/wp\/v2\/posts"}],"about":[{"href":"https:\/\/www.paudalho.pe.gov.br\/portal\/wp-json\/wp\/v2\/types\/post"}],"author":[{"embeddable":true,"href":"https:\/\/www.paudalho.pe.gov.br\/portal\/wp-json\/wp\/v2\/users\/11"}],"replies":[{"embeddable":true,"href":"https:\/\/www.paudalho.pe.gov.br\/portal\/wp-json\/wp\/v2\/comments?post=25565"}],"version-history":[{"count":1,"href":"https:\/\/www.paudalho.pe.gov.br\/portal\/wp-json\/wp\/v2\/posts\/25565\/revisions"}],"predecessor-version":[{"id":25568,"href":"https:\/\/www.paudalho.pe.gov.br\/portal\/wp-json\/wp\/v2\/posts\/25565\/revisions\/25568"}],"wp:featuredmedia":[{"embeddable":true,"href":"https:\/\/www.paudalho.pe.gov.br\/portal\/wp-json\/wp\/v2\/media\/25567"}],"wp:attachment":[{"href":"https:\/\/www.paudalho.pe.gov.br\/portal\/wp-json\/wp\/v2\/media?parent=25565"}],"wp:term":[{"taxonomy":"category","embeddable":true,"href":"https:\/\/www.paudalho.pe.gov.br\/portal\/wp-json\/wp\/v2\/categories?post=25565"},{"taxonomy":"post_tag","embeddable":true,"href":"https:\/\/www.paudalho.pe.gov.br\/portal\/wp-json\/wp\/v2\/tags?post=25565"}],"curies":[{"name":"wp","href":"https:\/\/api.w.org\/{rel}","templated":true}]}}