{"id":25513,"date":"2023-05-16T13:06:13","date_gmt":"2023-05-16T16:06:13","guid":{"rendered":"https:\/\/www.paudalho.pe.gov.br\/portal\/?p=25513"},"modified":"2025-01-08T00:38:54","modified_gmt":"2025-01-08T03:38:54","slug":"combatendo-o-abuso-e-a-exploracao-sexual-prefeitura-do-paudalho-anuncia-o-projeto-infancia-protegida","status":"publish","type":"post","link":"https:\/\/www.paudalho.pe.gov.br\/portal\/combatendo-o-abuso-e-a-exploracao-sexual-prefeitura-do-paudalho-anuncia-o-projeto-infancia-protegida\/","title":{"rendered":"<strong>Combatendo o abuso e \u00e0 explora\u00e7\u00e3o sexual,<\/strong> <strong>Prefeitura do Paudalho anuncia o Projeto Inf\u00e2ncia Protegida<\/strong>"},"content":{"rendered":"\n<p>Combatendo a viol\u00eancia dom\u00e9stica, abuso e explora\u00e7\u00e3o sexual de crian\u00e7as e adolescentes, a Prefeitura do Paudalho por meio da Secretaria de Desenvolvimento e Assist\u00eancia Social (SEDAS) anunciou o lan\u00e7amento do Projeto Inf\u00e2ncia Protegida. A iniciativa \u00e9 uma parceria da Pasta com o Conselho Municipal dos Direitos da Crian\u00e7a e do Adolescente (COMDICA) e do Ita\u00fa Social. A a\u00e7\u00e3o ir\u00e1 realizar atividades que atuem na preven\u00e7\u00e3o e enfrentamento dos abusos contra menores.<\/p>\n\n\n\n<p>Participar\u00e3o do projeto crian\u00e7as e adolescentes atendidas pela rede socioeducativa da Pasta, membros do Servi\u00e7o de Conviv\u00eancia&nbsp; e Fortalecimento de V\u00ednculos (SCFV), do Centro de Refer\u00eancia Especializado de Assist\u00eancia Social (CREAS) e do Centro de Refer\u00eancia de Assist\u00eancia Social (CRAS). A partir desta semana, todas as quartas-feiras, a iniciativa ir\u00e1 realizar Oficina de Inform\u00e1tica, das 8h \u00e0s 9h30, na Casa das Juventudes, localizada no Alto Dois Irm\u00e3os, em seguida ir\u00e1 ocorrer roda de di\u00e1logos, com o tema Abuso e Explora\u00e7\u00e3o Sexual Infantil. Al\u00e9m disso, posteriormente ser\u00e3o abertas outras oficinas de outros segmentos.<\/p>\n\n\n\n<p>O Projeto ir\u00e1 agregar aos servi\u00e7os j\u00e1 oferecidos para prote\u00e7\u00e3o das fam\u00edlias do munic\u00edpio, como o Crian\u00e7a Feliz, o Programa Fam\u00edlia Acolhedora, o Servi\u00e7o de Prote\u00e7\u00e3o e Atendimento Integral \u00e0 Fam\u00edlia (Paif) e o Programa de Alimenta\u00e7\u00e3o Sopa Fam\u00edlia, al\u00e9m dos aux\u00edlios ofertados, entre eles os aux\u00edlios cesta b\u00e1sica, documenta\u00e7\u00e3o, enxoval, funeral e aluguel social.<\/p>\n\n\n\n<p><strong>Paudalho contra viol\u00eancia infantil<\/strong><\/p>\n\n\n\n<p>Esta quinta-feira, 18 de maio, \u00e9 Dia Nacional de Combate ao Abuso e a Explora\u00e7\u00e3o Sexual contra Crian\u00e7as e Adolescentes, e durante todo o m\u00eas a SEDAS est\u00e1 realizando visitas em escolas da Zona Rural do munic\u00edpio conscientizando crian\u00e7as sobre abusos sexuais, com a atividade l\u00fadica \u201cSem\u00e1foro do Corpo\u201d, que ensina aos alunos quais locais do corpo podem ser tocados e como fazer para denunciar viol\u00eancias a um adulto de confian\u00e7a.<\/p>\n\n\n\n<p>Al\u00e9m disso, a Pasta tamb\u00e9m est\u00e1 efetuando rodas de conversa nas Escolas Municipais, debatendo sobre o abuso e explora\u00e7\u00e3o sexual, alertando as crian\u00e7as e adolescentes sobre como notar e denunciar casos.<\/p>\n","protected":false},"excerpt":{"rendered":"<p>Combatendo a viol\u00eancia dom\u00e9stica, abuso e explora\u00e7\u00e3o sexual de crian\u00e7as e adolescentes, a Prefeitura do Paudalho por meio da Secretaria de Desenvolvimento e Assist\u00eancia Social (SEDAS) anunciou o lan\u00e7amento do Projeto Inf\u00e2ncia Protegida. A iniciativa \u00e9 uma parceria da Pasta com o Conselho Municipal dos Direitos da Crian\u00e7a e do Adolescente (COMDICA) e do Ita\u00fa [&hellip;]<\/p>\n","protected":false},"author":11,"featured_media":25514,"comment_status":"open","ping_status":"open","sticky":false,"template":"","format":"standard","meta":{"_jetpack_newsletter_access":"","_jetpack_dont_email_post_to_subs":false,"_jetpack_newsletter_tier_id":0,"_jetpack_memberships_contains_paywalled_content":false,"_jetpack_memberships_contains_paid_content":false,"footnotes":""},"categories":[850,2,1],"tags":[180,1197,1196,1195,124,578],"class_list":["post-25513","post","type-post","status-publish","format-standard","has-post-thumbnail","hentry","category-assistencia-social","category-destaque","category-noticias","tag-comdica","tag-conselho-municipal-dos-direitos-da-crianca-e-do-adolescente","tag-infancia-protegida","tag-projeto-infancia-protegida","tag-secretaria-de-desenvolvimento-e-assistencia-social","tag-sedas"],"jetpack_featured_media_url":"https:\/\/www.paudalho.pe.gov.br\/portal\/wp-content\/uploads\/2023\/05\/WhatsApp-Image-2023-05-16-at-12.49.23.jpeg","jetpack_sharing_enabled":true,"jetpack_shortlink":"https:\/\/wp.me\/p98mS2-6Dv","_links":{"self":[{"href":"https:\/\/www.paudalho.pe.gov.br\/portal\/wp-json\/wp\/v2\/posts\/25513","targetHints":{"allow":["GET"]}}],"collection":[{"href":"https:\/\/www.paudalho.pe.gov.br\/portal\/wp-json\/wp\/v2\/posts"}],"about":[{"href":"https:\/\/www.paudalho.pe.gov.br\/portal\/wp-json\/wp\/v2\/types\/post"}],"author":[{"embeddable":true,"href":"https:\/\/www.paudalho.pe.gov.br\/portal\/wp-json\/wp\/v2\/users\/11"}],"replies":[{"embeddable":true,"href":"https:\/\/www.paudalho.pe.gov.br\/portal\/wp-json\/wp\/v2\/comments?post=25513"}],"version-history":[{"count":1,"href":"https:\/\/www.paudalho.pe.gov.br\/portal\/wp-json\/wp\/v2\/posts\/25513\/revisions"}],"predecessor-version":[{"id":25515,"href":"https:\/\/www.paudalho.pe.gov.br\/portal\/wp-json\/wp\/v2\/posts\/25513\/revisions\/25515"}],"wp:featuredmedia":[{"embeddable":true,"href":"https:\/\/www.paudalho.pe.gov.br\/portal\/wp-json\/wp\/v2\/media\/25514"}],"wp:attachment":[{"href":"https:\/\/www.paudalho.pe.gov.br\/portal\/wp-json\/wp\/v2\/media?parent=25513"}],"wp:term":[{"taxonomy":"category","embeddable":true,"href":"https:\/\/www.paudalho.pe.gov.br\/portal\/wp-json\/wp\/v2\/categories?post=25513"},{"taxonomy":"post_tag","embeddable":true,"href":"https:\/\/www.paudalho.pe.gov.br\/portal\/wp-json\/wp\/v2\/tags?post=25513"}],"curies":[{"name":"wp","href":"https:\/\/api.w.org\/{rel}","templated":true}]}}