{"id":2549,"date":"2018-02-22T11:08:12","date_gmt":"2018-02-22T14:08:12","guid":{"rendered":"http:\/\/www.paudalho.pe.gov.br\/portal\/?p=2549"},"modified":"2018-02-22T11:08:12","modified_gmt":"2018-02-22T14:08:12","slug":"sucesso-carnaval-2018-em-paudalho-conquista-mata-norte-e-regiao","status":"publish","type":"post","link":"https:\/\/www.paudalho.pe.gov.br\/portal\/sucesso-carnaval-2018-em-paudalho-conquista-mata-norte-e-regiao\/","title":{"rendered":"Sucesso: Carnaval 2018 em Paudalho conquista Mata Norte e Regi\u00e3o"},"content":{"rendered":"<p>Polo carnavalesco do cora\u00e7\u00e3o das pessoas, a festa de Momo em Paudalho, neste ano, foi um sucesso. Segundo a organiza\u00e7\u00e3o do evento, mais de 300 mil pessoas participaram do per\u00edodo momesco na cidade. Dados da Secretaria de Desenvolvimento da cidade apontam que foram movimentados mais de R$ 5,2 milh\u00f5es entre os dias. A programa\u00e7\u00e3o come\u00e7ou no domingo (11) e seguiu at\u00e9 a ter\u00e7a-feira (13) com diversas apresenta\u00e7\u00f5es nos dois p\u00f3los: o Banho de Frevo e o Polo Cultural.<\/p>\n<p><img loading=\"lazy\" decoding=\"async\" data-attachment-id=\"2557\" data-permalink=\"https:\/\/www.paudalho.pe.gov.br\/portal\/sucesso-carnaval-2018-em-paudalho-conquista-mata-norte-e-regiao\/27973735_884492028341214_3426701765479822278_n\/\" data-orig-file=\"https:\/\/www.paudalho.pe.gov.br\/portal\/wp-content\/uploads\/2018\/02\/27973735_884492028341214_3426701765479822278_n.jpg\" data-orig-size=\"960,640\" data-comments-opened=\"1\" data-image-meta=\"{&quot;aperture&quot;:&quot;0&quot;,&quot;credit&quot;:&quot;&quot;,&quot;camera&quot;:&quot;&quot;,&quot;caption&quot;:&quot;&quot;,&quot;created_timestamp&quot;:&quot;0&quot;,&quot;copyright&quot;:&quot;&quot;,&quot;focal_length&quot;:&quot;0&quot;,&quot;iso&quot;:&quot;0&quot;,&quot;shutter_speed&quot;:&quot;0&quot;,&quot;title&quot;:&quot;&quot;,&quot;orientation&quot;:&quot;0&quot;}\" data-image-title=\"27973735_884492028341214_3426701765479822278_n\" data-image-description=\"\" data-image-caption=\"\" data-medium-file=\"https:\/\/www.paudalho.pe.gov.br\/portal\/wp-content\/uploads\/2018\/02\/27973735_884492028341214_3426701765479822278_n-350x230.jpg\" data-large-file=\"https:\/\/www.paudalho.pe.gov.br\/portal\/wp-content\/uploads\/2018\/02\/27973735_884492028341214_3426701765479822278_n-800x450.jpg\" class=\"alignnone  wp-image-2557\" src=\"http:\/\/www.paudalho.pe.gov.br\/portal\/wp-content\/uploads\/2018\/02\/27973735_884492028341214_3426701765479822278_n-350x230.jpg\" alt=\"\" width=\"531\" height=\"349\" \/><\/p>\n<p>&nbsp;<\/p>\n<p>&nbsp;<\/p>\n<p>Subiram ao palco atra\u00e7\u00f5es como: Alceu Valen\u00e7a, N\u00e1dia Maia, Jo\u00e3o do Morro e orquestras centen\u00e1rias do Clube Estrela e Lenhadores. Mais de 200 agremia\u00e7\u00f5es desfilaram nas ruas da cidade desde a semana pr\u00e9-carnavalesca. Al\u00e9m de tudo isso, a crian\u00e7ada teve programa\u00e7\u00e3o especial no Banho de Frevo Infantil com as bandas: &#8220;A Barca Maluca e Bal\u00e3o da Alegria. E a popula\u00e7\u00e3o aprovou. A professora Angerleide Maria Firmino de 23 anos conferiu de perto algumas apresenta\u00e7\u00f5es de maracatus no Polo Cultural que ficou na pra\u00e7a Pedro Coutinho e comentou sobre o que achou. <strong>Ou\u00e7a no \u00e1udio:<\/strong><\/p>\n<!--[if lt IE 9]><script>document.createElement('audio');<\/script><![endif]-->\n<audio class=\"wp-audio-shortcode\" id=\"audio-2549-1\" preload=\"none\" style=\"width: 100%;\" controls=\"controls\"><source type=\"audio\/mpeg\" src=\"http:\/\/www.paudalho.pe.gov.br\/portal\/wp-content\/uploads\/2018\/02\/WhatsApp-Audio-2018-02-22-at-10.04.56-online-audio-converter.com_.mp3?_=1\" \/><a href=\"http:\/\/www.paudalho.pe.gov.br\/portal\/wp-content\/uploads\/2018\/02\/WhatsApp-Audio-2018-02-22-at-10.04.56-online-audio-converter.com_.mp3\">http:\/\/www.paudalho.pe.gov.br\/portal\/wp-content\/uploads\/2018\/02\/WhatsApp-Audio-2018-02-22-at-10.04.56-online-audio-converter.com_.mp3<\/a><\/audio>\n<h2><img loading=\"lazy\" decoding=\"async\" data-attachment-id=\"2558\" data-permalink=\"https:\/\/www.paudalho.pe.gov.br\/portal\/sucesso-carnaval-2018-em-paudalho-conquista-mata-norte-e-regiao\/28168460_884492608341156_8857367669389390678_n\/\" data-orig-file=\"https:\/\/www.paudalho.pe.gov.br\/portal\/wp-content\/uploads\/2018\/02\/28168460_884492608341156_8857367669389390678_n.jpg\" data-orig-size=\"960,640\" data-comments-opened=\"1\" data-image-meta=\"{&quot;aperture&quot;:&quot;0&quot;,&quot;credit&quot;:&quot;&quot;,&quot;camera&quot;:&quot;&quot;,&quot;caption&quot;:&quot;&quot;,&quot;created_timestamp&quot;:&quot;0&quot;,&quot;copyright&quot;:&quot;&quot;,&quot;focal_length&quot;:&quot;0&quot;,&quot;iso&quot;:&quot;0&quot;,&quot;shutter_speed&quot;:&quot;0&quot;,&quot;title&quot;:&quot;&quot;,&quot;orientation&quot;:&quot;0&quot;}\" data-image-title=\"28168460_884492608341156_8857367669389390678_n\" data-image-description=\"\" data-image-caption=\"\" data-medium-file=\"https:\/\/www.paudalho.pe.gov.br\/portal\/wp-content\/uploads\/2018\/02\/28168460_884492608341156_8857367669389390678_n-350x230.jpg\" data-large-file=\"https:\/\/www.paudalho.pe.gov.br\/portal\/wp-content\/uploads\/2018\/02\/28168460_884492608341156_8857367669389390678_n-800x450.jpg\" class=\"alignnone  wp-image-2558\" src=\"http:\/\/www.paudalho.pe.gov.br\/portal\/wp-content\/uploads\/2018\/02\/28168460_884492608341156_8857367669389390678_n-350x230.jpg\" alt=\"\" width=\"530\" height=\"348\" \/><\/h2>\n<h2><img loading=\"lazy\" decoding=\"async\" data-attachment-id=\"2559\" data-permalink=\"https:\/\/www.paudalho.pe.gov.br\/portal\/sucesso-carnaval-2018-em-paudalho-conquista-mata-norte-e-regiao\/27971601_884493058341111_2870455628312874997_n\/\" data-orig-file=\"https:\/\/www.paudalho.pe.gov.br\/portal\/wp-content\/uploads\/2018\/02\/27971601_884493058341111_2870455628312874997_n.jpg\" data-orig-size=\"960,640\" data-comments-opened=\"1\" data-image-meta=\"{&quot;aperture&quot;:&quot;0&quot;,&quot;credit&quot;:&quot;&quot;,&quot;camera&quot;:&quot;&quot;,&quot;caption&quot;:&quot;&quot;,&quot;created_timestamp&quot;:&quot;0&quot;,&quot;copyright&quot;:&quot;&quot;,&quot;focal_length&quot;:&quot;0&quot;,&quot;iso&quot;:&quot;0&quot;,&quot;shutter_speed&quot;:&quot;0&quot;,&quot;title&quot;:&quot;&quot;,&quot;orientation&quot;:&quot;0&quot;}\" data-image-title=\"27971601_884493058341111_2870455628312874997_n\" data-image-description=\"\" data-image-caption=\"\" data-medium-file=\"https:\/\/www.paudalho.pe.gov.br\/portal\/wp-content\/uploads\/2018\/02\/27971601_884493058341111_2870455628312874997_n-350x230.jpg\" data-large-file=\"https:\/\/www.paudalho.pe.gov.br\/portal\/wp-content\/uploads\/2018\/02\/27971601_884493058341111_2870455628312874997_n-800x450.jpg\" class=\"alignnone  wp-image-2559\" src=\"http:\/\/www.paudalho.pe.gov.br\/portal\/wp-content\/uploads\/2018\/02\/27971601_884493058341111_2870455628312874997_n-350x230.jpg\" alt=\"\" width=\"530\" height=\"348\" \/><\/h2>\n<h2><img loading=\"lazy\" decoding=\"async\" data-attachment-id=\"2560\" data-permalink=\"https:\/\/www.paudalho.pe.gov.br\/portal\/sucesso-carnaval-2018-em-paudalho-conquista-mata-norte-e-regiao\/28058820_884492405007843_7925033091678010108_n\/\" data-orig-file=\"https:\/\/www.paudalho.pe.gov.br\/portal\/wp-content\/uploads\/2018\/02\/28058820_884492405007843_7925033091678010108_n.jpg\" data-orig-size=\"960,640\" data-comments-opened=\"1\" data-image-meta=\"{&quot;aperture&quot;:&quot;0&quot;,&quot;credit&quot;:&quot;&quot;,&quot;camera&quot;:&quot;&quot;,&quot;caption&quot;:&quot;&quot;,&quot;created_timestamp&quot;:&quot;0&quot;,&quot;copyright&quot;:&quot;&quot;,&quot;focal_length&quot;:&quot;0&quot;,&quot;iso&quot;:&quot;0&quot;,&quot;shutter_speed&quot;:&quot;0&quot;,&quot;title&quot;:&quot;&quot;,&quot;orientation&quot;:&quot;0&quot;}\" data-image-title=\"28058820_884492405007843_7925033091678010108_n\" data-image-description=\"\" data-image-caption=\"\" data-medium-file=\"https:\/\/www.paudalho.pe.gov.br\/portal\/wp-content\/uploads\/2018\/02\/28058820_884492405007843_7925033091678010108_n-350x230.jpg\" data-large-file=\"https:\/\/www.paudalho.pe.gov.br\/portal\/wp-content\/uploads\/2018\/02\/28058820_884492405007843_7925033091678010108_n-800x450.jpg\" class=\"alignnone  wp-image-2560\" src=\"http:\/\/www.paudalho.pe.gov.br\/portal\/wp-content\/uploads\/2018\/02\/28058820_884492405007843_7925033091678010108_n-350x230.jpg\" alt=\"\" width=\"531\" height=\"349\" \/><\/h2>\n<h2><strong>Carnaval de paz<\/strong><\/h2>\n<p>A nossa reportagem conversou com diversos turistas e munic\u00edpes que elogiaram a tranquilidade na hora de &#8220;cair&#8221; no frevo na cidade. Sob a coordena\u00e7\u00e3o da Guarda Municipal, um esquema de seguran\u00e7a foi montado. Foram lan\u00e7ados cerca de 80 pessoas entre guarda municipais, apoio e fiscais troca garrafa. A estrutura ainda contou com 30 Policiais Militares. E segunda a comandante da Guarda Municipal, Rebeca Figueiredo, nenhuma ocorr\u00eancia relacionada ao Carnaval foi registrada. \u201cMinha equipe trabalhou com preven\u00e7\u00e3o. Sempre que v\u00edamos algo suspeito a gente j\u00e1 fazia a abordagem, evitando que acontecesse algum problema\u201d, detalhou.<\/p>\n<h2><strong>Sa\u00fade: Brincando com seguran\u00e7a<\/strong><\/h2>\n<p>Para que a divers\u00e3o seja completa \u00e9 necess\u00e1rio responsabilidade. S\u00f3 assim o folia vai ser segura. Por isso, a Secretaria de Sa\u00fade manteve plant\u00e3o nos dias da festa de Momo e ainda contou com o apoio de duas ambul\u00e2ncias no Centro da cidade. Foram distribu\u00eddos cerca de tr\u00eas mil preservativos durante os tr\u00eas dias.<\/p>\n<h2><strong>Empregos<\/strong><\/h2>\n<p>A Secretaria de Agricultura e Abastecimento coordenou os trabalhos dos ambulantes na festa. De forma organizada e nunca vista, mais de 300 pessoas tiveram um espa\u00e7o reservado para trabalhar no per\u00eddo do Carnaval 2018 em Paudalho.<strong> Confira na foto:<\/strong><\/p>\n<p><img loading=\"lazy\" decoding=\"async\" data-attachment-id=\"2555\" data-permalink=\"https:\/\/www.paudalho.pe.gov.br\/portal\/sucesso-carnaval-2018-em-paudalho-conquista-mata-norte-e-regiao\/c3b62262-6114-4d14-943e-33abe7742b6b\/\" data-orig-file=\"https:\/\/www.paudalho.pe.gov.br\/portal\/wp-content\/uploads\/2018\/02\/c3b62262-6114-4d14-943e-33abe7742b6b.jpg\" data-orig-size=\"1280,720\" data-comments-opened=\"1\" data-image-meta=\"{&quot;aperture&quot;:&quot;0&quot;,&quot;credit&quot;:&quot;&quot;,&quot;camera&quot;:&quot;&quot;,&quot;caption&quot;:&quot;&quot;,&quot;created_timestamp&quot;:&quot;0&quot;,&quot;copyright&quot;:&quot;&quot;,&quot;focal_length&quot;:&quot;0&quot;,&quot;iso&quot;:&quot;0&quot;,&quot;shutter_speed&quot;:&quot;0&quot;,&quot;title&quot;:&quot;&quot;,&quot;orientation&quot;:&quot;0&quot;}\" data-image-title=\"c3b62262-6114-4d14-943e-33abe7742b6b\" data-image-description=\"\" data-image-caption=\"\" data-medium-file=\"https:\/\/www.paudalho.pe.gov.br\/portal\/wp-content\/uploads\/2018\/02\/c3b62262-6114-4d14-943e-33abe7742b6b-350x230.jpg\" data-large-file=\"https:\/\/www.paudalho.pe.gov.br\/portal\/wp-content\/uploads\/2018\/02\/c3b62262-6114-4d14-943e-33abe7742b6b-800x450.jpg\" class=\"alignnone  wp-image-2555\" src=\"http:\/\/www.paudalho.pe.gov.br\/portal\/wp-content\/uploads\/2018\/02\/c3b62262-6114-4d14-943e-33abe7742b6b-350x230.jpg\" alt=\"\" width=\"531\" height=\"349\" \/><\/p>\n<h2><strong>Assist\u00eancia Social <\/strong><\/h2>\n<p>O plant\u00e3o social tem por objetivo trabalhar as situa\u00e7\u00f5es relacionadas \u00e0s fam\u00edlias e indiv\u00edduos nos lugares com acontecimento ou possibilidade de ocorr\u00eancias naturais ou sociais. Nestes espa\u00e7os, a equipe de profissionais da Secretaria de Desenvolvimento e Assist\u00eancia Social atua tanto em esquema preventivo, quanto de atendimento \u00e0s demandas sociais de viola\u00e7\u00e3o de direitos da popula\u00e7\u00e3o em geral, priorizando orienta\u00e7\u00e3o e interven\u00e7\u00e3o aos diversos segmentos mais fragilizados e de minoria. No per\u00edodo, a pasta realizou alguns atendimentos. <strong>Confira na tabela:<\/strong><\/p>\n<p><img loading=\"lazy\" decoding=\"async\" data-attachment-id=\"2554\" data-permalink=\"https:\/\/www.paudalho.pe.gov.br\/portal\/sucesso-carnaval-2018-em-paudalho-conquista-mata-norte-e-regiao\/aaaqqqq\/\" data-orig-file=\"https:\/\/www.paudalho.pe.gov.br\/portal\/wp-content\/uploads\/2018\/02\/aaaqqqq.png\" data-orig-size=\"748,410\" data-comments-opened=\"1\" data-image-meta=\"{&quot;aperture&quot;:&quot;0&quot;,&quot;credit&quot;:&quot;&quot;,&quot;camera&quot;:&quot;&quot;,&quot;caption&quot;:&quot;&quot;,&quot;created_timestamp&quot;:&quot;0&quot;,&quot;copyright&quot;:&quot;&quot;,&quot;focal_length&quot;:&quot;0&quot;,&quot;iso&quot;:&quot;0&quot;,&quot;shutter_speed&quot;:&quot;0&quot;,&quot;title&quot;:&quot;&quot;,&quot;orientation&quot;:&quot;0&quot;}\" data-image-title=\"aaaqqqq\" data-image-description=\"\" data-image-caption=\"\" data-medium-file=\"https:\/\/www.paudalho.pe.gov.br\/portal\/wp-content\/uploads\/2018\/02\/aaaqqqq-350x230.png\" data-large-file=\"https:\/\/www.paudalho.pe.gov.br\/portal\/wp-content\/uploads\/2018\/02\/aaaqqqq.png\" class=\"alignnone  wp-image-2554\" src=\"http:\/\/www.paudalho.pe.gov.br\/portal\/wp-content\/uploads\/2018\/02\/aaaqqqq-350x230.png\" alt=\"\" width=\"530\" height=\"348\" \/><\/p>\n<p>A nossa alegria \u00e9 perceber que fizemos o maior e mais seguro Carnaval da hist\u00f3ria. Ficou com saudades? A gente preparou um v\u00eddeo para voc\u00ea relembrar. <strong>Veja:<\/strong><\/p>\n<div style=\"width: 1280px;\" class=\"wp-video\"><!--[if lt IE 9]><script>document.createElement('video');<\/script><![endif]-->\n<video class=\"wp-video-shortcode\" id=\"video-2549-1\" width=\"1280\" height=\"720\" preload=\"metadata\" controls=\"controls\"><source type=\"video\/mp4\" src=\"http:\/\/www.paudalho.pe.gov.br\/portal\/wp-content\/uploads\/2018\/02\/10000000_1841758152784254_4051713211781611520_n.mp4?_=1\" \/><a href=\"http:\/\/www.paudalho.pe.gov.br\/portal\/wp-content\/uploads\/2018\/02\/10000000_1841758152784254_4051713211781611520_n.mp4\">http:\/\/www.paudalho.pe.gov.br\/portal\/wp-content\/uploads\/2018\/02\/10000000_1841758152784254_4051713211781611520_n.mp4<\/a><\/video><\/div>\n","protected":false},"excerpt":{"rendered":"<p>Polo carnavalesco do cora\u00e7\u00e3o das pessoas, a festa de Momo em Paudalho, neste ano, foi um sucesso. Segundo a organiza\u00e7\u00e3o do evento, mais de 300 mil pessoas participaram do per\u00edodo momesco na cidade. Dados da Secretaria de Desenvolvimento da cidade apontam que foram movimentados mais de R$ 5,2 milh\u00f5es entre os dias. A programa\u00e7\u00e3o come\u00e7ou [&hellip;]<\/p>\n","protected":false},"author":4,"featured_media":2556,"comment_status":"open","ping_status":"open","sticky":false,"template":"","format":"standard","meta":{"_jetpack_newsletter_access":"","_jetpack_dont_email_post_to_subs":false,"_jetpack_newsletter_tier_id":0,"_jetpack_memberships_contains_paywalled_content":false,"_jetpack_memberships_contains_paid_content":false,"footnotes":""},"categories":[2,1],"tags":[224,38,270,22],"class_list":["post-2549","post","type-post","status-publish","format-standard","has-post-thumbnail","hentry","category-destaque","category-noticias","tag-balanco","tag-carnaval","tag-mata-norte","tag-prefeitura-do-paudalho"],"jetpack_featured_media_url":"https:\/\/www.paudalho.pe.gov.br\/portal\/wp-content\/uploads\/2018\/02\/28058688_884492951674455_6646788042224928153_n.jpg","jetpack_sharing_enabled":true,"jetpack_shortlink":"https:\/\/wp.me\/p98mS2-F7","_links":{"self":[{"href":"https:\/\/www.paudalho.pe.gov.br\/portal\/wp-json\/wp\/v2\/posts\/2549","targetHints":{"allow":["GET"]}}],"collection":[{"href":"https:\/\/www.paudalho.pe.gov.br\/portal\/wp-json\/wp\/v2\/posts"}],"about":[{"href":"https:\/\/www.paudalho.pe.gov.br\/portal\/wp-json\/wp\/v2\/types\/post"}],"author":[{"embeddable":true,"href":"https:\/\/www.paudalho.pe.gov.br\/portal\/wp-json\/wp\/v2\/users\/4"}],"replies":[{"embeddable":true,"href":"https:\/\/www.paudalho.pe.gov.br\/portal\/wp-json\/wp\/v2\/comments?post=2549"}],"version-history":[{"count":1,"href":"https:\/\/www.paudalho.pe.gov.br\/portal\/wp-json\/wp\/v2\/posts\/2549\/revisions"}],"predecessor-version":[{"id":2561,"href":"https:\/\/www.paudalho.pe.gov.br\/portal\/wp-json\/wp\/v2\/posts\/2549\/revisions\/2561"}],"wp:featuredmedia":[{"embeddable":true,"href":"https:\/\/www.paudalho.pe.gov.br\/portal\/wp-json\/wp\/v2\/media\/2556"}],"wp:attachment":[{"href":"https:\/\/www.paudalho.pe.gov.br\/portal\/wp-json\/wp\/v2\/media?parent=2549"}],"wp:term":[{"taxonomy":"category","embeddable":true,"href":"https:\/\/www.paudalho.pe.gov.br\/portal\/wp-json\/wp\/v2\/categories?post=2549"},{"taxonomy":"post_tag","embeddable":true,"href":"https:\/\/www.paudalho.pe.gov.br\/portal\/wp-json\/wp\/v2\/tags?post=2549"}],"curies":[{"name":"wp","href":"https:\/\/api.w.org\/{rel}","templated":true}]}}