{"id":25439,"date":"2023-05-04T11:16:25","date_gmt":"2023-05-04T14:16:25","guid":{"rendered":"https:\/\/www.paudalho.pe.gov.br\/portal\/?p=25439"},"modified":"2025-01-08T00:38:55","modified_gmt":"2025-01-08T03:38:55","slug":"prefeitura-do-paudalho-realiza-a-i-feira-multicultural-incentivando-o-empreendedorismo-nesta-sexta-feira-5-e-sabado-6","status":"publish","type":"post","link":"https:\/\/www.paudalho.pe.gov.br\/portal\/prefeitura-do-paudalho-realiza-a-i-feira-multicultural-incentivando-o-empreendedorismo-nesta-sexta-feira-5-e-sabado-6\/","title":{"rendered":"<strong>Prefeitura do Paudalho realiza a I Feira Multicultural Incentivando o Empreendedorismo nesta sexta-feira (5) e s\u00e1bado (6)<\/strong>"},"content":{"rendered":"\n<p>Nesta sexta-feira (5) e s\u00e1bado (6) a Prefeitura do Paudalho por meio da Secretaria de Desenvolvimento e Assist\u00eancia Social e Secretaria de Cultura, Turismo, Lazer e Juventude, em parceria com o programa Minha Casa, Minha Vida, ir\u00e1 realizar a primeira edi\u00e7\u00e3o da Feira Multicultural Incentivando o Empreendedorismo das unidades habitacionais do Residencial Guadalajara I e do Residencial Guadalajara II, das 17h \u00e0s 23h.&nbsp;<\/p>\n\n\n\n<p>O evento tem como objetivo apoiar a economia e dar oportunidade aos residentes mostrarem seus trabalhos, gerando renda para as fam\u00edlias que moram no conjunto. No local ser\u00e1 comercializado produtos de diversos segmentos, como vestu\u00e1rio, alimentos, perfumaria, artesanato, entre outros produtos.<\/p>\n\n\n\n<p>Al\u00e9m do com\u00e9rcio, o evento ser\u00e1 animado por atra\u00e7\u00f5es musicais, com apresenta\u00e7\u00f5es de Ninho Pernambucano &amp; Banda, Cec\u00edlia Lima, Dayan Nunes, Pastoril do Servi\u00e7o de Conviv\u00eancia e Quadrilha Fogo no P\u00e9.<\/p>\n\n\n\n<p>Para que ainda mais paudalhenses possam ir at\u00e9 a Feira, a Sedas ir\u00e1 disponibilizar \u00f4nibus para ir e voltar do evento, saindo da Academia da Cidade, localizada no centro de Paudalho, e outro saindo da Academia da Sa\u00fade de Guadalajara, partindo de 17h e voltando \u00e0s 22h.<\/p>\n","protected":false},"excerpt":{"rendered":"<p>Nesta sexta-feira (5) e s\u00e1bado (6) a Prefeitura do Paudalho por meio da Secretaria de Desenvolvimento e Assist\u00eancia Social e Secretaria de Cultura, Turismo, Lazer e Juventude, em parceria com o programa Minha Casa, Minha Vida, ir\u00e1 realizar a primeira edi\u00e7\u00e3o da Feira Multicultural Incentivando o Empreendedorismo das unidades habitacionais do Residencial Guadalajara I e [&hellip;]<\/p>\n","protected":false},"author":11,"featured_media":25440,"comment_status":"open","ping_status":"open","sticky":false,"template":"","format":"standard","meta":{"_jetpack_newsletter_access":"","_jetpack_dont_email_post_to_subs":false,"_jetpack_newsletter_tier_id":0,"_jetpack_memberships_contains_paywalled_content":false,"_jetpack_memberships_contains_paid_content":false,"footnotes":""},"categories":[850,1184,2,592,1],"tags":[132,1186,1096,129,196,124,524],"class_list":["post-25439","post","type-post","status-publish","format-standard","has-post-thumbnail","hentry","category-assistencia-social","category-cultura-2","category-destaque","category-minha-casa-minha-vida","category-noticias","tag-guadalajara","tag-i-feira-multicultural-incentivando-o-empreendedorismo","tag-lazer-e-juventude","tag-minha-casa-minha-vida","tag-secretaria-de-cultura","tag-secretaria-de-desenvolvimento-e-assistencia-social","tag-turismo"],"jetpack_featured_media_url":"https:\/\/www.paudalho.pe.gov.br\/portal\/wp-content\/uploads\/2023\/05\/H5A5997-scaled.jpg","jetpack_sharing_enabled":true,"jetpack_shortlink":"https:\/\/wp.me\/p98mS2-6Cj","_links":{"self":[{"href":"https:\/\/www.paudalho.pe.gov.br\/portal\/wp-json\/wp\/v2\/posts\/25439","targetHints":{"allow":["GET"]}}],"collection":[{"href":"https:\/\/www.paudalho.pe.gov.br\/portal\/wp-json\/wp\/v2\/posts"}],"about":[{"href":"https:\/\/www.paudalho.pe.gov.br\/portal\/wp-json\/wp\/v2\/types\/post"}],"author":[{"embeddable":true,"href":"https:\/\/www.paudalho.pe.gov.br\/portal\/wp-json\/wp\/v2\/users\/11"}],"replies":[{"embeddable":true,"href":"https:\/\/www.paudalho.pe.gov.br\/portal\/wp-json\/wp\/v2\/comments?post=25439"}],"version-history":[{"count":1,"href":"https:\/\/www.paudalho.pe.gov.br\/portal\/wp-json\/wp\/v2\/posts\/25439\/revisions"}],"predecessor-version":[{"id":25441,"href":"https:\/\/www.paudalho.pe.gov.br\/portal\/wp-json\/wp\/v2\/posts\/25439\/revisions\/25441"}],"wp:featuredmedia":[{"embeddable":true,"href":"https:\/\/www.paudalho.pe.gov.br\/portal\/wp-json\/wp\/v2\/media\/25440"}],"wp:attachment":[{"href":"https:\/\/www.paudalho.pe.gov.br\/portal\/wp-json\/wp\/v2\/media?parent=25439"}],"wp:term":[{"taxonomy":"category","embeddable":true,"href":"https:\/\/www.paudalho.pe.gov.br\/portal\/wp-json\/wp\/v2\/categories?post=25439"},{"taxonomy":"post_tag","embeddable":true,"href":"https:\/\/www.paudalho.pe.gov.br\/portal\/wp-json\/wp\/v2\/tags?post=25439"}],"curies":[{"name":"wp","href":"https:\/\/api.w.org\/{rel}","templated":true}]}}