{"id":25430,"date":"2023-05-02T16:13:11","date_gmt":"2023-05-02T19:13:11","guid":{"rendered":"https:\/\/www.paudalho.pe.gov.br\/portal\/?p=25430"},"modified":"2025-01-08T00:38:55","modified_gmt":"2025-01-08T03:38:55","slug":"divulgado-relacao-preliminar-dos-inscritos-para-participacao-do-processo-eleitoral-do-conselho-municipal-de-politica-cultural","status":"publish","type":"post","link":"https:\/\/www.paudalho.pe.gov.br\/portal\/divulgado-relacao-preliminar-dos-inscritos-para-participacao-do-processo-eleitoral-do-conselho-municipal-de-politica-cultural\/","title":{"rendered":"Divulgada rela\u00e7\u00e3o preliminar dos inscritos para participa\u00e7\u00e3o do processo eleitoral do Conselho Municipal de Pol\u00edtica Cultural"},"content":{"rendered":"\n<p>A Prefeitura do Paudalho por meio da Secretaria de Cultura, Turismo, Lazer e Juventude divulgou nesta ter\u00e7a-feira (2) a rela\u00e7\u00e3o preliminar dos inscritos para participa\u00e7\u00e3o do processo eleitoral de escolha dos representantes titulares e suplentes da sociedade civil, membros(as) do Conselho Municipal de Pol\u00edtica Cultural (CMPC Paudalho).<\/p>\n\n\n\n<p>O processo de elei\u00e7\u00e3o dos conselheiros representantes da Sociedade Civil ser\u00e1 coordenado por uma Comiss\u00e3o Eleitoral, compostas por quatro pessoas, sendo duas representantes da Sociedade Civil e duas representantes do Poder Publico, um deles na qualidade de presidente indicados pela Pasta.<\/p>\n\n\n\n<p><strong>Confira abaixo a rela\u00e7\u00e3o preliminar:<\/strong><\/p>\n\n\n\n<div data-wp-interactive=\"core\/file\" class=\"wp-block-file\"><object data-wp-bind--hidden=\"!state.hasPdfPreview\" hidden class=\"wp-block-file__embed\" data=\"https:\/\/www.paudalho.pe.gov.br\/portal\/wp-content\/uploads\/2023\/05\/Relacao-Preliminar-Inscritos-Eleicoes-CMPC.pdf\" type=\"application\/pdf\" style=\"width:100%;height:600px\" aria-label=\"Incorporado de Relacao-Preliminar-Inscritos-Eleicoes-CMPC.\"><\/object><a id=\"wp-block-file--media-6c438bc5-5038-4a93-8ef3-9e1dede116ad\" href=\"https:\/\/www.paudalho.pe.gov.br\/portal\/wp-content\/uploads\/2023\/05\/Relacao-Preliminar-Inscritos-Eleicoes-CMPC.pdf\">Relacao-Preliminar-Inscritos-Eleicoes-CMPC<\/a><a href=\"https:\/\/www.paudalho.pe.gov.br\/portal\/wp-content\/uploads\/2023\/05\/Relacao-Preliminar-Inscritos-Eleicoes-CMPC.pdf\" class=\"wp-block-file__button wp-element-button\" download aria-describedby=\"wp-block-file--media-6c438bc5-5038-4a93-8ef3-9e1dede116ad\">Baixar<\/a><\/div>\n","protected":false},"excerpt":{"rendered":"<p>A Prefeitura do Paudalho por meio da Secretaria de Cultura, Turismo, Lazer e Juventude divulgou nesta ter\u00e7a-feira (2) a rela\u00e7\u00e3o preliminar dos inscritos para participa\u00e7\u00e3o do processo eleitoral de escolha dos representantes titulares e suplentes da sociedade civil, membros(as) do Conselho Municipal de Pol\u00edtica Cultural (CMPC Paudalho). O processo de elei\u00e7\u00e3o dos conselheiros representantes da [&hellip;]<\/p>\n","protected":false},"author":11,"featured_media":25432,"comment_status":"open","ping_status":"open","sticky":false,"template":"","format":"standard","meta":{"_jetpack_newsletter_access":"","_jetpack_dont_email_post_to_subs":false,"_jetpack_newsletter_tier_id":0,"_jetpack_memberships_contains_paywalled_content":false,"_jetpack_memberships_contains_paid_content":false,"footnotes":""},"categories":[1184,6,2,1],"tags":[1171,68,697,1172],"class_list":["post-25430","post","type-post","status-publish","format-standard","has-post-thumbnail","hentry","category-cultura-2","category-cultura","category-destaque","category-noticias","tag-conselho-municipal-de-politica-cultural","tag-cultura","tag-edital","tag-edital-de-chamamento-da-sociedade-civil-para-eleicao-do-conselho-municipal-de-politica-cultural"],"jetpack_featured_media_url":"https:\/\/www.paudalho.pe.gov.br\/portal\/wp-content\/uploads\/2023\/05\/MG_1168-scaled.jpg","jetpack_sharing_enabled":true,"jetpack_shortlink":"https:\/\/wp.me\/p98mS2-6Ca","_links":{"self":[{"href":"https:\/\/www.paudalho.pe.gov.br\/portal\/wp-json\/wp\/v2\/posts\/25430","targetHints":{"allow":["GET"]}}],"collection":[{"href":"https:\/\/www.paudalho.pe.gov.br\/portal\/wp-json\/wp\/v2\/posts"}],"about":[{"href":"https:\/\/www.paudalho.pe.gov.br\/portal\/wp-json\/wp\/v2\/types\/post"}],"author":[{"embeddable":true,"href":"https:\/\/www.paudalho.pe.gov.br\/portal\/wp-json\/wp\/v2\/users\/11"}],"replies":[{"embeddable":true,"href":"https:\/\/www.paudalho.pe.gov.br\/portal\/wp-json\/wp\/v2\/comments?post=25430"}],"version-history":[{"count":2,"href":"https:\/\/www.paudalho.pe.gov.br\/portal\/wp-json\/wp\/v2\/posts\/25430\/revisions"}],"predecessor-version":[{"id":25435,"href":"https:\/\/www.paudalho.pe.gov.br\/portal\/wp-json\/wp\/v2\/posts\/25430\/revisions\/25435"}],"wp:featuredmedia":[{"embeddable":true,"href":"https:\/\/www.paudalho.pe.gov.br\/portal\/wp-json\/wp\/v2\/media\/25432"}],"wp:attachment":[{"href":"https:\/\/www.paudalho.pe.gov.br\/portal\/wp-json\/wp\/v2\/media?parent=25430"}],"wp:term":[{"taxonomy":"category","embeddable":true,"href":"https:\/\/www.paudalho.pe.gov.br\/portal\/wp-json\/wp\/v2\/categories?post=25430"},{"taxonomy":"post_tag","embeddable":true,"href":"https:\/\/www.paudalho.pe.gov.br\/portal\/wp-json\/wp\/v2\/tags?post=25430"}],"curies":[{"name":"wp","href":"https:\/\/api.w.org\/{rel}","templated":true}]}}