{"id":2539,"date":"2018-02-19T11:56:27","date_gmt":"2018-02-19T14:56:27","guid":{"rendered":"http:\/\/www.paudalho.pe.gov.br\/portal\/?p=2539"},"modified":"2018-02-19T14:29:00","modified_gmt":"2018-02-19T17:29:00","slug":"prefeitura-do-paudalho-oferece-atendimentos-com-medicos-especialistas","status":"publish","type":"post","link":"https:\/\/www.paudalho.pe.gov.br\/portal\/prefeitura-do-paudalho-oferece-atendimentos-com-medicos-especialistas\/","title":{"rendered":"Prefeitura do Paudalho oferece atendimentos com m\u00e9dicos especialistas"},"content":{"rendered":"<p>A Organiza\u00e7\u00e3o Mundial da Sa\u00fade estima que mais de 400 milh\u00f5es de pessoas n\u00e3o t\u00eam acesso a servi\u00e7os b\u00e1sicos no mundo. E no Brasil n\u00e3o \u00e9 diferente. Estados e prefeituras t\u00eam sofrido com a escassez de investimentos na Sa\u00fade.<\/p>\n<p>A cada dez brasileiros, sete recorrem ao Sistema \u00danico de Sa\u00fade (SUS) quando surge algum problema, o que gera mais de 1 bilh\u00e3o de consultas m\u00e9dicas e mais de 4 bilh\u00f5es de procedimentos ambulatoriais ao ano. Mas, segundo a OMS, o investimento de quase R$ 120 bilh\u00f5es do Governo Federal \u00e9 bem abaixo da m\u00e9dia mundial. A popula\u00e7\u00e3o \u201cvolta e meia\u201d tem padecido pela falta de estrutura no pa\u00eds e no estado de Pernambuco. E no final das contas quem mais sofre s\u00e3o os que menos t\u00eam.<\/p>\n<p>Entretanto, mesmo com a crise financeira, o Munic\u00edpio de Paudalho, na Mata Norte do Estado, se destaca desde a aten\u00e7\u00e3o b\u00e1sica at\u00e9 \u00e0s especializadas. Todas as Unidades B\u00e1sicas de Sa\u00fade (UBS) foram reestruturadas no \u00faltimo ano. Entre os servi\u00e7os nos Posto de Sa\u00fade s\u00e3o ofertados atendimentos psicol\u00f3gicos, sa\u00fade bucal com equipe de dentista e auxiliar, entre outros. A estudante Evellyn Mota, de 18 anos, recebeu consulta odontol\u00f3gica na UBS do Bairro da Primavera I. No procedimento realizado pelo dentista do munic\u00edpio, Rodrigo Queiroz, foram extra\u00eddos dois dentes e restaurados alguns outros. \u201cEu fui super bem atendida. O que me chamou a aten\u00e7\u00e3o foi que a sala dele \u00e9 bem higienizada. Eu gostei muito!\u201d, comentou.<\/p>\n<h2>Atendimentos com especialistas<\/h2>\n<p>Por semana, quase 600 atendimentos com especialistas s\u00e3o ofertados \u00e0 popula\u00e7\u00e3o do Paudalho no Centro de Especialidades que fica pr\u00f3ximo \u00e0 entrada da cidade. S\u00e3o servi\u00e7os como pediatria, psiquiatria, ginecologia, cardiologia e ainda fonoaudiologia, oftalmologia, ultrassonografia, urologia, entre outros.<\/p>\n<p>As consultas m\u00e9dicas na rede privada podem custar entre R$ 120 e R$ 250. A Estudante de 14 anos, B\u00e1rbara Vit\u00f3ria, foi atendida pelo oftalmologista do munic\u00edpio, Igor Ara\u00fajo, e elogiou o trabalho. \u201cEu achei muito bom porque eu tenho problema na vista e foi muito r\u00e1pido o atendimento. Ele foi atencioso e o mais importante, n\u00e9? Vou enxergar melhor\u201d, disse. Maria Angelina, m\u00e3e da garota, ficou surpresa coma agilidade do processo. \u201cEu moro h\u00e1 mais de 50 anos em Paudalho e fiquei impressionada. A Secretaria de Sa\u00fade marcou, j\u00e1 deu marcadinho, a gente veio na hora certa e eu achei nota 10\u201d, elogiou.\u00a0<b><\/b><\/p>\n<p dir=\"ltr\">De acordo com a coordenadora da Aten\u00e7\u00e3o Especial do Munic\u00edpio de Paudalho, Riva Karla, a rede ainda atende 130 pessoas no Centro de Aten\u00e7\u00e3o Psicossocial (CAPS), que fica na Pra\u00e7a do Ros\u00e1rio, na regi\u00e3o central do Paudalho.<\/p>\n<h2>Centro de Parto Humanizado<\/h2>\n<p>E as novidades no munic\u00edpio n\u00e3o param. Em fase de finaliza\u00e7\u00e3o, a Prefeitura do Paudalho anunciou a inaugura\u00e7\u00e3o do Centro de Parto Humanizado que vai permitir \u00e0 paudalhense, depois de 15 anos, ter filhos na cidade. A previs\u00e3o da implanta\u00e7\u00e3o do local \u00e9 para os pr\u00f3ximos meses.<\/p>\n","protected":false},"excerpt":{"rendered":"<p>A Organiza\u00e7\u00e3o Mundial da Sa\u00fade estima que mais de 400 milh\u00f5es de pessoas n\u00e3o t\u00eam acesso a servi\u00e7os b\u00e1sicos no mundo. E no Brasil n\u00e3o \u00e9 diferente. Estados e prefeituras t\u00eam sofrido com a escassez de investimentos na Sa\u00fade. A cada dez brasileiros, sete recorrem ao Sistema \u00danico de Sa\u00fade (SUS) quando surge algum problema, [&hellip;]<\/p>\n","protected":false},"author":4,"featured_media":2540,"comment_status":"open","ping_status":"open","sticky":false,"template":"","format":"standard","meta":{"_jetpack_newsletter_access":"","_jetpack_dont_email_post_to_subs":false,"_jetpack_newsletter_tier_id":0,"_jetpack_memberships_contains_paywalled_content":false,"_jetpack_memberships_contains_paid_content":false,"footnotes":""},"categories":[2,1,3],"tags":[267,265,22,16],"class_list":["post-2539","post","type-post","status-publish","format-standard","has-post-thumbnail","hentry","category-destaque","category-noticias","category-saude","tag-especialistas","tag-exames","tag-prefeitura-do-paudalho","tag-saude"],"jetpack_featured_media_url":"https:\/\/www.paudalho.pe.gov.br\/portal\/wp-content\/uploads\/2018\/02\/994579e9-731d-4783-b309-ccfb42243c19.jpg","jetpack_sharing_enabled":true,"jetpack_shortlink":"https:\/\/wp.me\/p98mS2-EX","_links":{"self":[{"href":"https:\/\/www.paudalho.pe.gov.br\/portal\/wp-json\/wp\/v2\/posts\/2539","targetHints":{"allow":["GET"]}}],"collection":[{"href":"https:\/\/www.paudalho.pe.gov.br\/portal\/wp-json\/wp\/v2\/posts"}],"about":[{"href":"https:\/\/www.paudalho.pe.gov.br\/portal\/wp-json\/wp\/v2\/types\/post"}],"author":[{"embeddable":true,"href":"https:\/\/www.paudalho.pe.gov.br\/portal\/wp-json\/wp\/v2\/users\/4"}],"replies":[{"embeddable":true,"href":"https:\/\/www.paudalho.pe.gov.br\/portal\/wp-json\/wp\/v2\/comments?post=2539"}],"version-history":[{"count":3,"href":"https:\/\/www.paudalho.pe.gov.br\/portal\/wp-json\/wp\/v2\/posts\/2539\/revisions"}],"predecessor-version":[{"id":2543,"href":"https:\/\/www.paudalho.pe.gov.br\/portal\/wp-json\/wp\/v2\/posts\/2539\/revisions\/2543"}],"wp:featuredmedia":[{"embeddable":true,"href":"https:\/\/www.paudalho.pe.gov.br\/portal\/wp-json\/wp\/v2\/media\/2540"}],"wp:attachment":[{"href":"https:\/\/www.paudalho.pe.gov.br\/portal\/wp-json\/wp\/v2\/media?parent=2539"}],"wp:term":[{"taxonomy":"category","embeddable":true,"href":"https:\/\/www.paudalho.pe.gov.br\/portal\/wp-json\/wp\/v2\/categories?post=2539"},{"taxonomy":"post_tag","embeddable":true,"href":"https:\/\/www.paudalho.pe.gov.br\/portal\/wp-json\/wp\/v2\/tags?post=2539"}],"curies":[{"name":"wp","href":"https:\/\/api.w.org\/{rel}","templated":true}]}}