{"id":25345,"date":"2023-04-25T15:58:22","date_gmt":"2023-04-25T18:58:22","guid":{"rendered":"https:\/\/www.paudalho.pe.gov.br\/portal\/?p=25345"},"modified":"2025-01-08T00:38:56","modified_gmt":"2025-01-08T03:38:56","slug":"prefeitura-do-paudalho-inaugura-quadra-do-colegio-municipal-de-guadalajara-nesta-quarta-feira-26","status":"publish","type":"post","link":"https:\/\/www.paudalho.pe.gov.br\/portal\/prefeitura-do-paudalho-inaugura-quadra-do-colegio-municipal-de-guadalajara-nesta-quarta-feira-26\/","title":{"rendered":"Prefeitura do Paudalho inaugura Quadra do Col\u00e9gio Municipal de Guadalajara nesta quarta-feira (26)"},"content":{"rendered":"\n<p>A educa\u00e7\u00e3o ultrapassa as paredes das salas de aula, e o ensino completo educa os estudantes a exercitarem n\u00e3o apenas a mente, mas tamb\u00e9m o corpo. Sabendo de todas as necessidades que englobam uma educa\u00e7\u00e3o de qualidade, a Prefeitura de Paudalho anunciou a inaugura\u00e7\u00e3o da Quadra do Col\u00e9gio Municipal de Guadalajara (CMG) nesta quarta-feira (26), \u00e0s 16h.&nbsp;<\/p>\n\n\n\n<p>Com investimento de mais de R$ 820 mil, a estrutura vai permitir que os alunos e a comunidade tenham um local espec\u00edfico para realizarem atividades desportivas, exerc\u00edcios e para pr\u00e1ticas escolares.<\/p>\n\n\n\n<p><br>\u201c<em>Estamos muito felizes em entregar mais este equipamento p\u00fablico para a nossa popula\u00e7\u00e3o. Esta nova quadra vai atender tanto os alunos quanto a comunidade. A gente sabe que o lazer \u00e9 um direito e em Paudalho n\u00f3s j\u00e1 entregamos outros espa\u00e7os como esse, por que uma educa\u00e7\u00e3o de qualidade \u00e9 estruturada desde o ensino at\u00e9 o bem estar social dos alunos<\/em>\u201d comentou o prefeito Marcelo Gouveia.<\/p>\n","protected":false},"excerpt":{"rendered":"<p>A educa\u00e7\u00e3o ultrapassa as paredes das salas de aula, e o ensino completo educa os estudantes a exercitarem n\u00e3o apenas a mente, mas tamb\u00e9m o corpo. Sabendo de todas as necessidades que englobam uma educa\u00e7\u00e3o de qualidade, a Prefeitura de Paudalho anunciou a inaugura\u00e7\u00e3o da Quadra do Col\u00e9gio Municipal de Guadalajara (CMG) nesta quarta-feira (26), [&hellip;]<\/p>\n","protected":false},"author":11,"featured_media":25346,"comment_status":"open","ping_status":"open","sticky":false,"template":"","format":"standard","meta":{"_jetpack_newsletter_access":"","_jetpack_dont_email_post_to_subs":false,"_jetpack_newsletter_tier_id":0,"_jetpack_memberships_contains_paywalled_content":false,"_jetpack_memberships_contains_paid_content":false,"footnotes":""},"categories":[2,520,1,35],"tags":[61,30,132,1175,1176],"class_list":["post-25345","post","type-post","status-publish","format-standard","has-post-thumbnail","hentry","category-destaque","category-educacao-2","category-noticias","category-obras","tag-colegio-municipal-de-guadalajara","tag-educacao","tag-guadalajara","tag-inaguracao","tag-quadra-do-colegio-municipal-de-guadalajara"],"jetpack_featured_media_url":"https:\/\/www.paudalho.pe.gov.br\/portal\/wp-content\/uploads\/2023\/04\/PMP__INAUGURACAO_FD.png","jetpack_sharing_enabled":true,"jetpack_shortlink":"https:\/\/wp.me\/p98mS2-6AN","_links":{"self":[{"href":"https:\/\/www.paudalho.pe.gov.br\/portal\/wp-json\/wp\/v2\/posts\/25345","targetHints":{"allow":["GET"]}}],"collection":[{"href":"https:\/\/www.paudalho.pe.gov.br\/portal\/wp-json\/wp\/v2\/posts"}],"about":[{"href":"https:\/\/www.paudalho.pe.gov.br\/portal\/wp-json\/wp\/v2\/types\/post"}],"author":[{"embeddable":true,"href":"https:\/\/www.paudalho.pe.gov.br\/portal\/wp-json\/wp\/v2\/users\/11"}],"replies":[{"embeddable":true,"href":"https:\/\/www.paudalho.pe.gov.br\/portal\/wp-json\/wp\/v2\/comments?post=25345"}],"version-history":[{"count":1,"href":"https:\/\/www.paudalho.pe.gov.br\/portal\/wp-json\/wp\/v2\/posts\/25345\/revisions"}],"predecessor-version":[{"id":25347,"href":"https:\/\/www.paudalho.pe.gov.br\/portal\/wp-json\/wp\/v2\/posts\/25345\/revisions\/25347"}],"wp:featuredmedia":[{"embeddable":true,"href":"https:\/\/www.paudalho.pe.gov.br\/portal\/wp-json\/wp\/v2\/media\/25346"}],"wp:attachment":[{"href":"https:\/\/www.paudalho.pe.gov.br\/portal\/wp-json\/wp\/v2\/media?parent=25345"}],"wp:term":[{"taxonomy":"category","embeddable":true,"href":"https:\/\/www.paudalho.pe.gov.br\/portal\/wp-json\/wp\/v2\/categories?post=25345"},{"taxonomy":"post_tag","embeddable":true,"href":"https:\/\/www.paudalho.pe.gov.br\/portal\/wp-json\/wp\/v2\/tags?post=25345"}],"curies":[{"name":"wp","href":"https:\/\/api.w.org\/{rel}","templated":true}]}}