{"id":25339,"date":"2023-04-25T10:48:01","date_gmt":"2023-04-25T13:48:01","guid":{"rendered":"https:\/\/www.paudalho.pe.gov.br\/portal\/?p=25339"},"modified":"2025-01-08T00:38:56","modified_gmt":"2025-01-08T03:38:56","slug":"9a-conferencia-municipal-de-saude-de-paudalho-ocorre-nesta-terca-feira-25","status":"publish","type":"post","link":"https:\/\/www.paudalho.pe.gov.br\/portal\/9a-conferencia-municipal-de-saude-de-paudalho-ocorre-nesta-terca-feira-25\/","title":{"rendered":"9\u00aa Confer\u00eancia Municipal de Sa\u00fade de Paudalho ocorre nesta ter\u00e7a-feira (25)"},"content":{"rendered":"\n<p>Sa\u00fade de qualidade \u00e9 um direito de todos, e para garantir esse servi\u00e7o \u00e9 necess\u00e1rio a aten\u00e7\u00e3o e coopera\u00e7\u00e3o de diversos setores. Tendo isso em mente, a Prefeitura do Paudalho atrav\u00e9s do Conselho Municipal de Sa\u00fade realiza nesta ter\u00e7a-feira (25) a 9\u00aa Confer\u00eancia Municipal de Sa\u00fade de Paudalho, das 8h at\u00e9 \u00e0s 13h, no audit\u00f3rio do Col\u00e9gio Municipal de Paudalho (CMP), localizado na Rua Herinque Dias, Centro. O evento discute pol\u00edticas p\u00fablicas voltadas para a \u00e1rea e a\u00e7\u00f5es do Plano Municipal de Sa\u00fade (PMS).<\/p>\n\n\n\n<p>Neste ano, a iniciativa que faz parte do calend\u00e1rio da 17\u00ba Confer\u00eancia Nacional de Sa\u00fade tem como tema \u201cPaudalho garantindo direitos e defendendo o SUS, a Vida e a Democracia\u201d. Estar\u00e3o presentes representantes da sociedade civil, trabalhadores da sa\u00fade e gestores. Os participantes acompanhar\u00e3o palestras, debates e atividades abordando quest\u00f5es relacionadas \u00e0 pauta, divididos em quatro eixos que possibilitar\u00e3o reflex\u00f5es, desafios e perspectivas. No local tamb\u00e9m ser\u00e3o elencadas propostas que ser\u00e3o destinadas para as etapas estaduais e nacional.<\/p>\n","protected":false},"excerpt":{"rendered":"<p>Sa\u00fade de qualidade \u00e9 um direito de todos, e para garantir esse servi\u00e7o \u00e9 necess\u00e1rio a aten\u00e7\u00e3o e coopera\u00e7\u00e3o de diversos setores. Tendo isso em mente, a Prefeitura do Paudalho atrav\u00e9s do Conselho Municipal de Sa\u00fade realiza nesta ter\u00e7a-feira (25) a 9\u00aa Confer\u00eancia Municipal de Sa\u00fade de Paudalho, das 8h at\u00e9 \u00e0s 13h, no audit\u00f3rio [&hellip;]<\/p>\n","protected":false},"author":11,"featured_media":25343,"comment_status":"open","ping_status":"open","sticky":false,"template":"","format":"standard","meta":{"_jetpack_newsletter_access":"","_jetpack_dont_email_post_to_subs":false,"_jetpack_newsletter_tier_id":0,"_jetpack_memberships_contains_paywalled_content":false,"_jetpack_memberships_contains_paid_content":false,"footnotes":""},"categories":[2,1,3],"tags":[1173,1174,829,16],"class_list":["post-25339","post","type-post","status-publish","format-standard","has-post-thumbnail","hentry","category-destaque","category-noticias","category-saude","tag-9a-conferencia-municipal-de-saude-de-paudalho","tag-conferencia-municipal-de-saude-de-paudalho","tag-conselho-municipal-de-saude","tag-saude"],"jetpack_featured_media_url":"https:\/\/www.paudalho.pe.gov.br\/portal\/wp-content\/uploads\/2023\/04\/card-saude.png","jetpack_sharing_enabled":true,"jetpack_shortlink":"https:\/\/wp.me\/p98mS2-6AH","_links":{"self":[{"href":"https:\/\/www.paudalho.pe.gov.br\/portal\/wp-json\/wp\/v2\/posts\/25339","targetHints":{"allow":["GET"]}}],"collection":[{"href":"https:\/\/www.paudalho.pe.gov.br\/portal\/wp-json\/wp\/v2\/posts"}],"about":[{"href":"https:\/\/www.paudalho.pe.gov.br\/portal\/wp-json\/wp\/v2\/types\/post"}],"author":[{"embeddable":true,"href":"https:\/\/www.paudalho.pe.gov.br\/portal\/wp-json\/wp\/v2\/users\/11"}],"replies":[{"embeddable":true,"href":"https:\/\/www.paudalho.pe.gov.br\/portal\/wp-json\/wp\/v2\/comments?post=25339"}],"version-history":[{"count":1,"href":"https:\/\/www.paudalho.pe.gov.br\/portal\/wp-json\/wp\/v2\/posts\/25339\/revisions"}],"predecessor-version":[{"id":25341,"href":"https:\/\/www.paudalho.pe.gov.br\/portal\/wp-json\/wp\/v2\/posts\/25339\/revisions\/25341"}],"wp:featuredmedia":[{"embeddable":true,"href":"https:\/\/www.paudalho.pe.gov.br\/portal\/wp-json\/wp\/v2\/media\/25343"}],"wp:attachment":[{"href":"https:\/\/www.paudalho.pe.gov.br\/portal\/wp-json\/wp\/v2\/media?parent=25339"}],"wp:term":[{"taxonomy":"category","embeddable":true,"href":"https:\/\/www.paudalho.pe.gov.br\/portal\/wp-json\/wp\/v2\/categories?post=25339"},{"taxonomy":"post_tag","embeddable":true,"href":"https:\/\/www.paudalho.pe.gov.br\/portal\/wp-json\/wp\/v2\/tags?post=25339"}],"curies":[{"name":"wp","href":"https:\/\/api.w.org\/{rel}","templated":true}]}}