{"id":25323,"date":"2023-04-25T10:02:31","date_gmt":"2023-04-25T13:02:31","guid":{"rendered":"https:\/\/www.paudalho.pe.gov.br\/portal\/?p=25323"},"modified":"2025-01-08T00:38:56","modified_gmt":"2025-01-08T03:38:56","slug":"prorrogado-edital-de-chamamento-da-sociedade-civil-para-eleicao-do-conselho-municipal-de-politica-cultural","status":"publish","type":"post","link":"https:\/\/www.paudalho.pe.gov.br\/portal\/prorrogado-edital-de-chamamento-da-sociedade-civil-para-eleicao-do-conselho-municipal-de-politica-cultural\/","title":{"rendered":"Prorrogado Edital de Chamamento da Sociedade Civil para elei\u00e7\u00e3o do Conselho Municipal de Pol\u00edtica Cultural"},"content":{"rendered":"\n<p>A Prefeitura do Paudalho por meio da Secretaria de Cultura, Turismo, Lazer e Juventude prorrogou at\u00e9 o dia 28 de abril as inscri\u00e7\u00f5es para o Edital de Chamamento de mun\u00edcipes maiores de 18 anos, residentes e domiciliados no munic\u00edpio, para participarem da elei\u00e7\u00e3o dos representantes da Sociedade Civil, que integrar\u00e3o o Conselho Municipal de Pol\u00edtica Cultural do Paudalho (CMPC) no per\u00edodo de 2023\/2025.&nbsp;A Errata tamb\u00e9m divulga o cronograma atualizado.<\/p>\n\n\n\n<p>Podem participar do processo eleitoral para eleitor e candidato a Conselheiro, qualquer pessoa interessada em participar da pol\u00edtica p\u00fablica cultural do Paudalho, desde que possua e comprove atua\u00e7\u00e3o na \u00e1rea cultural. As inscri\u00e7\u00f5es podem ser realizadas pessoalmente na sede da Secretaria, localizada na Pra\u00e7a Joaquim Nabuco, popularmente chamada de Pra\u00e7a do Ros\u00e1rio, no Centro, das 9h \u00e0s 16h.&nbsp;<\/p>\n\n\n\n<p>No momento da inscri\u00e7\u00e3o \u00e9 necess\u00e1rio apresentar o formul\u00e1rio de inscri\u00e7\u00e3o de candidato a Conselheiro Municipal de Pol\u00edtica Cultural, totalmente preenchido, c\u00f3pia do comprovante de resid\u00eancia, c\u00f3pia do documento de identidade oficial com foto (carteira de trabalho, RG, identidade profissional ou CNH), hist\u00f3rico de atua\u00e7\u00e3o na \u00e1rea cultural, comprovantes de atua\u00e7\u00e3o na \u00e1rea cultural h\u00e1 pelo menos dois anos, declara\u00e7\u00e3o de que n\u00e3o exerce cargo comissionado, fun\u00e7\u00e3o gratificada ou possui qualquer v\u00ednculo com o Poder P\u00fablico Municipal do Paudalho.<\/p>\n\n\n\n<p><strong>Errata do <strong>Edital de Chamamento da Sociedade Civil para elei\u00e7\u00e3o do Conselho Municipal de Pol\u00edtica Cultural<\/strong> abaixo:<\/strong><\/p>\n\n\n\n<div data-wp-interactive=\"core\/file\" class=\"wp-block-file\"><object data-wp-bind--hidden=\"!state.hasPdfPreview\" hidden class=\"wp-block-file__embed\" data=\"https:\/\/www.paudalho.pe.gov.br\/portal\/wp-content\/uploads\/2023\/04\/ERRATA-No-02-EDITAL-CMPC.pdf\" type=\"application\/pdf\" style=\"width:100%;height:600px\" aria-label=\"Incorporado de ERRATA-No-02-EDITAL-CMPC.\"><\/object><a id=\"wp-block-file--media-b1324497-c370-439c-a205-dfb039acdc99\" href=\"https:\/\/www.paudalho.pe.gov.br\/portal\/wp-content\/uploads\/2023\/04\/ERRATA-No-02-EDITAL-CMPC.pdf\">ERRATA-No-02-EDITAL-CMPC<\/a><a href=\"https:\/\/www.paudalho.pe.gov.br\/portal\/wp-content\/uploads\/2023\/04\/ERRATA-No-02-EDITAL-CMPC.pdf\" class=\"wp-block-file__button wp-element-button\" download aria-describedby=\"wp-block-file--media-b1324497-c370-439c-a205-dfb039acdc99\">Baixar<\/a><\/div>\n","protected":false},"excerpt":{"rendered":"<p>A Prefeitura do Paudalho por meio da Secretaria de Cultura, Turismo, Lazer e Juventude prorrogou at\u00e9 o dia 28 de abril as inscri\u00e7\u00f5es para o Edital de Chamamento de mun\u00edcipes maiores de 18 anos, residentes e domiciliados no munic\u00edpio, para participarem da elei\u00e7\u00e3o dos representantes da Sociedade Civil, que integrar\u00e3o o Conselho Municipal de Pol\u00edtica [&hellip;]<\/p>\n","protected":false},"author":11,"featured_media":25336,"comment_status":"open","ping_status":"open","sticky":false,"template":"","format":"standard","meta":{"_jetpack_newsletter_access":"","_jetpack_dont_email_post_to_subs":false,"_jetpack_newsletter_tier_id":0,"_jetpack_memberships_contains_paywalled_content":false,"_jetpack_memberships_contains_paid_content":false,"footnotes":""},"categories":[6,2,1],"tags":[1171,68,697,1172,1096,196,524],"class_list":["post-25323","post","type-post","status-publish","format-standard","has-post-thumbnail","hentry","category-cultura","category-destaque","category-noticias","tag-conselho-municipal-de-politica-cultural","tag-cultura","tag-edital","tag-edital-de-chamamento-da-sociedade-civil-para-eleicao-do-conselho-municipal-de-politica-cultural","tag-lazer-e-juventude","tag-secretaria-de-cultura","tag-turismo"],"jetpack_featured_media_url":"https:\/\/www.paudalho.pe.gov.br\/portal\/wp-content\/uploads\/2023\/04\/photo1682429561.jpeg","jetpack_sharing_enabled":true,"jetpack_shortlink":"https:\/\/wp.me\/p98mS2-6Ar","_links":{"self":[{"href":"https:\/\/www.paudalho.pe.gov.br\/portal\/wp-json\/wp\/v2\/posts\/25323","targetHints":{"allow":["GET"]}}],"collection":[{"href":"https:\/\/www.paudalho.pe.gov.br\/portal\/wp-json\/wp\/v2\/posts"}],"about":[{"href":"https:\/\/www.paudalho.pe.gov.br\/portal\/wp-json\/wp\/v2\/types\/post"}],"author":[{"embeddable":true,"href":"https:\/\/www.paudalho.pe.gov.br\/portal\/wp-json\/wp\/v2\/users\/11"}],"replies":[{"embeddable":true,"href":"https:\/\/www.paudalho.pe.gov.br\/portal\/wp-json\/wp\/v2\/comments?post=25323"}],"version-history":[{"count":2,"href":"https:\/\/www.paudalho.pe.gov.br\/portal\/wp-json\/wp\/v2\/posts\/25323\/revisions"}],"predecessor-version":[{"id":25329,"href":"https:\/\/www.paudalho.pe.gov.br\/portal\/wp-json\/wp\/v2\/posts\/25323\/revisions\/25329"}],"wp:featuredmedia":[{"embeddable":true,"href":"https:\/\/www.paudalho.pe.gov.br\/portal\/wp-json\/wp\/v2\/media\/25336"}],"wp:attachment":[{"href":"https:\/\/www.paudalho.pe.gov.br\/portal\/wp-json\/wp\/v2\/media?parent=25323"}],"wp:term":[{"taxonomy":"category","embeddable":true,"href":"https:\/\/www.paudalho.pe.gov.br\/portal\/wp-json\/wp\/v2\/categories?post=25323"},{"taxonomy":"post_tag","embeddable":true,"href":"https:\/\/www.paudalho.pe.gov.br\/portal\/wp-json\/wp\/v2\/tags?post=25323"}],"curies":[{"name":"wp","href":"https:\/\/api.w.org\/{rel}","templated":true}]}}