{"id":25304,"date":"2023-04-19T15:02:51","date_gmt":"2023-04-19T18:02:51","guid":{"rendered":"https:\/\/www.paudalho.pe.gov.br\/portal\/?p=25304"},"modified":"2025-01-08T00:38:56","modified_gmt":"2025-01-08T03:38:56","slug":"paudalho-reforca-seguranca-na-rede-municipal-de-ensino-com-ronda-diaria-da-guarda-civil-municipal","status":"publish","type":"post","link":"https:\/\/www.paudalho.pe.gov.br\/portal\/paudalho-reforca-seguranca-na-rede-municipal-de-ensino-com-ronda-diaria-da-guarda-civil-municipal\/","title":{"rendered":"Paudalho refor\u00e7a seguran\u00e7a na Rede Municipal de Ensino com ronda di\u00e1ria da Guarda Civil Municipal"},"content":{"rendered":"\n<p>Reconhecendo a severidade das amea\u00e7as realizadas recentemente nas escolas em todo o Brasil, a Prefeitura do Paudalho por meio da Secretaria de Educa\u00e7\u00e3o e Esporte tomou uma s\u00e9rie de medidas para proteger os estudantes do munic\u00edpio. Entre elas, foi refor\u00e7ada a seguran\u00e7a nas localidades das unidades escolares, sendo realizada diariamente rondas de patrulhamento em parceria com a Guarda Civil Municipal.<\/p>\n\n\n\n<p>Esse refor\u00e7o se soma a outros a\u00e7\u00f5es realizadas pelo munic\u00edpio, que tamb\u00e9m enviou na \u00faltima semana um of\u00edcio ao 2\u00ba Batalh\u00e3o de Nazar\u00e9 da Mata pedindo o refor\u00e7o na seguran\u00e7a, juntamente com os gestores de cada escola, segue na restri\u00e7\u00e3o da entrada de pessoas que n\u00e3o sejam funcion\u00e1rios, alunos, pais ou respons\u00e1veis devidamente identificados em cada escola da cidade.<\/p>\n\n\n\n<p>O foco das iniciativas \u00e9 garantir a seguran\u00e7a dos alunos, funcion\u00e1rios, professores e diretoras das escolas, al\u00e9m de dar tranquilidade aos pais, m\u00e3es e familiares dos alunos.<\/p>\n","protected":false},"excerpt":{"rendered":"<p>Reconhecendo a severidade das amea\u00e7as realizadas recentemente nas escolas em todo o Brasil, a Prefeitura do Paudalho por meio da Secretaria de Educa\u00e7\u00e3o e Esporte tomou uma s\u00e9rie de medidas para proteger os estudantes do munic\u00edpio. Entre elas, foi refor\u00e7ada a seguran\u00e7a nas localidades das unidades escolares, sendo realizada diariamente rondas de patrulhamento em parceria [&hellip;]<\/p>\n","protected":false},"author":11,"featured_media":25305,"comment_status":"open","ping_status":"open","sticky":false,"template":"","format":"standard","meta":{"_jetpack_newsletter_access":"","_jetpack_dont_email_post_to_subs":false,"_jetpack_newsletter_tier_id":0,"_jetpack_memberships_contains_paywalled_content":false,"_jetpack_memberships_contains_paid_content":false,"footnotes":""},"categories":[2,520,4,1],"tags":[374,646,106,1168],"class_list":["post-25304","post","type-post","status-publish","format-standard","has-post-thumbnail","hentry","category-destaque","category-educacao-2","category-educacao","category-noticias","tag-escola","tag-guarda-civil-municipal","tag-secretaria-de-educacao","tag-seguranca-das-escolas"],"jetpack_featured_media_url":"https:\/\/www.paudalho.pe.gov.br\/portal\/wp-content\/uploads\/2023\/04\/photo1681915868-1.jpeg","jetpack_sharing_enabled":true,"jetpack_shortlink":"https:\/\/wp.me\/p98mS2-6A8","_links":{"self":[{"href":"https:\/\/www.paudalho.pe.gov.br\/portal\/wp-json\/wp\/v2\/posts\/25304","targetHints":{"allow":["GET"]}}],"collection":[{"href":"https:\/\/www.paudalho.pe.gov.br\/portal\/wp-json\/wp\/v2\/posts"}],"about":[{"href":"https:\/\/www.paudalho.pe.gov.br\/portal\/wp-json\/wp\/v2\/types\/post"}],"author":[{"embeddable":true,"href":"https:\/\/www.paudalho.pe.gov.br\/portal\/wp-json\/wp\/v2\/users\/11"}],"replies":[{"embeddable":true,"href":"https:\/\/www.paudalho.pe.gov.br\/portal\/wp-json\/wp\/v2\/comments?post=25304"}],"version-history":[{"count":1,"href":"https:\/\/www.paudalho.pe.gov.br\/portal\/wp-json\/wp\/v2\/posts\/25304\/revisions"}],"predecessor-version":[{"id":25306,"href":"https:\/\/www.paudalho.pe.gov.br\/portal\/wp-json\/wp\/v2\/posts\/25304\/revisions\/25306"}],"wp:featuredmedia":[{"embeddable":true,"href":"https:\/\/www.paudalho.pe.gov.br\/portal\/wp-json\/wp\/v2\/media\/25305"}],"wp:attachment":[{"href":"https:\/\/www.paudalho.pe.gov.br\/portal\/wp-json\/wp\/v2\/media?parent=25304"}],"wp:term":[{"taxonomy":"category","embeddable":true,"href":"https:\/\/www.paudalho.pe.gov.br\/portal\/wp-json\/wp\/v2\/categories?post=25304"},{"taxonomy":"post_tag","embeddable":true,"href":"https:\/\/www.paudalho.pe.gov.br\/portal\/wp-json\/wp\/v2\/tags?post=25304"}],"curies":[{"name":"wp","href":"https:\/\/api.w.org\/{rel}","templated":true}]}}