{"id":25301,"date":"2023-04-19T14:28:24","date_gmt":"2023-04-19T17:28:24","guid":{"rendered":"https:\/\/www.paudalho.pe.gov.br\/portal\/?p=25301"},"modified":"2025-01-08T00:38:56","modified_gmt":"2025-01-08T03:38:56","slug":"inscricoes-para-a-1o-feira-multicultural-guadalajara-i-e-ii-se-encerram-nesta-quinta-feira-20","status":"publish","type":"post","link":"https:\/\/www.paudalho.pe.gov.br\/portal\/inscricoes-para-a-1o-feira-multicultural-guadalajara-i-e-ii-se-encerram-nesta-quinta-feira-20\/","title":{"rendered":"<strong>Inscri\u00e7\u00f5es para a 1\u00ba Feira Multicultural Guadalajara I e II se encerram nesta quinta-feira (20)<\/strong>"},"content":{"rendered":"\n<p>Levando cultura e gera\u00e7\u00e3o de renda, a Prefeitura do Paudalho por meio da Secretaria de Desenvolvimento e Assist\u00eancia Social ir\u00e1 realizar a I Feira Multicultural das unidades habitacionais do Residencial Guadalajara I e do Residencial Guadalajara II. As inscri\u00e7\u00f5es para participar como comerciante foram abertas no dia 13 de abril e seguem at\u00e9 esta sexta-feira (20), na Sede do Minha Casa, Minha Vida em cada local, das 8h \u00e0s 16h, apenas para os moradores.<\/p>\n\n\n\n<p>Com o objetivo de apoiar a economia e dar oportunidade aos residentes mostrarem seus trabalhos, na Feira poder\u00e1 ser comercializado produtos como vestu\u00e1rio, alimentos, perfumaria, artesanato, entre outros produtos, exceto bebidas alco\u00f3licas. Para participar \u00e9 necess\u00e1rio apresentar no momento do cadastro o RG, CPF e comprovante de resid\u00eancia.<\/p>\n","protected":false},"excerpt":{"rendered":"<p>Levando cultura e gera\u00e7\u00e3o de renda, a Prefeitura do Paudalho por meio da Secretaria de Desenvolvimento e Assist\u00eancia Social ir\u00e1 realizar a I Feira Multicultural das unidades habitacionais do Residencial Guadalajara I e do Residencial Guadalajara II. As inscri\u00e7\u00f5es para participar como comerciante foram abertas no dia 13 de abril e seguem at\u00e9 esta sexta-feira [&hellip;]<\/p>\n","protected":false},"author":11,"featured_media":25302,"comment_status":"open","ping_status":"open","sticky":false,"template":"","format":"standard","meta":{"_jetpack_newsletter_access":"","_jetpack_dont_email_post_to_subs":false,"_jetpack_newsletter_tier_id":0,"_jetpack_memberships_contains_paywalled_content":false,"_jetpack_memberships_contains_paid_content":false,"footnotes":""},"categories":[850,2,1],"tags":[1167,124],"class_list":["post-25301","post","type-post","status-publish","format-standard","has-post-thumbnail","hentry","category-assistencia-social","category-destaque","category-noticias","tag-1o-feira-multicultural-guadalajara-i-e-ii","tag-secretaria-de-desenvolvimento-e-assistencia-social"],"jetpack_featured_media_url":"https:\/\/www.paudalho.pe.gov.br\/portal\/wp-content\/uploads\/2023\/04\/feira-scaled.jpg","jetpack_sharing_enabled":true,"jetpack_shortlink":"https:\/\/wp.me\/p98mS2-6A5","_links":{"self":[{"href":"https:\/\/www.paudalho.pe.gov.br\/portal\/wp-json\/wp\/v2\/posts\/25301","targetHints":{"allow":["GET"]}}],"collection":[{"href":"https:\/\/www.paudalho.pe.gov.br\/portal\/wp-json\/wp\/v2\/posts"}],"about":[{"href":"https:\/\/www.paudalho.pe.gov.br\/portal\/wp-json\/wp\/v2\/types\/post"}],"author":[{"embeddable":true,"href":"https:\/\/www.paudalho.pe.gov.br\/portal\/wp-json\/wp\/v2\/users\/11"}],"replies":[{"embeddable":true,"href":"https:\/\/www.paudalho.pe.gov.br\/portal\/wp-json\/wp\/v2\/comments?post=25301"}],"version-history":[{"count":1,"href":"https:\/\/www.paudalho.pe.gov.br\/portal\/wp-json\/wp\/v2\/posts\/25301\/revisions"}],"predecessor-version":[{"id":25303,"href":"https:\/\/www.paudalho.pe.gov.br\/portal\/wp-json\/wp\/v2\/posts\/25301\/revisions\/25303"}],"wp:featuredmedia":[{"embeddable":true,"href":"https:\/\/www.paudalho.pe.gov.br\/portal\/wp-json\/wp\/v2\/media\/25302"}],"wp:attachment":[{"href":"https:\/\/www.paudalho.pe.gov.br\/portal\/wp-json\/wp\/v2\/media?parent=25301"}],"wp:term":[{"taxonomy":"category","embeddable":true,"href":"https:\/\/www.paudalho.pe.gov.br\/portal\/wp-json\/wp\/v2\/categories?post=25301"},{"taxonomy":"post_tag","embeddable":true,"href":"https:\/\/www.paudalho.pe.gov.br\/portal\/wp-json\/wp\/v2\/tags?post=25301"}],"curies":[{"name":"wp","href":"https:\/\/api.w.org\/{rel}","templated":true}]}}