{"id":25198,"date":"2023-04-04T14:34:20","date_gmt":"2023-04-04T17:34:20","guid":{"rendered":"https:\/\/www.paudalho.pe.gov.br\/portal\/?p=25198"},"modified":"2025-01-08T00:38:57","modified_gmt":"2025-01-08T03:38:57","slug":"com-apoio-da-prefeitura-do-paudalho-tradicional-paixao-do-monte-da-fe-sera-realizada-nesta-quarta-5-quinta-6-e-sexta-feira-7","status":"publish","type":"post","link":"https:\/\/www.paudalho.pe.gov.br\/portal\/com-apoio-da-prefeitura-do-paudalho-tradicional-paixao-do-monte-da-fe-sera-realizada-nesta-quarta-5-quinta-6-e-sexta-feira-7\/","title":{"rendered":"<strong>Com apoio da Prefeitura do Paudalho, tradicional Paix\u00e3o do Monte da F\u00e9 ser\u00e1 realizada nesta quarta (5), quinta (6) e sexta-feira (7)<\/strong>"},"content":{"rendered":"\n<p>Arte e religi\u00e3o se mesclam na tradicional Paix\u00e3o do Monte da F\u00e9 de Paudalho, o maior teatro ao ar livre da Zona da Mata Norte. A encena\u00e7\u00e3o, que come\u00e7ou a ocorrer em 1980, volta pela primeira vez desde o in\u00edcio da pandemia de Covid-19. Realizado com o \u200bapoio da Prefeitura do Paudalho, Governo do Estado de Pernambuco e Fundarpe, a t\u00e3o esperada Paix\u00e3o de Cristo do munic\u00edpio ir\u00e1 retratar toda a trajet\u00f3ria de Jesus at\u00e9 a sua ressurrei\u00e7\u00e3o em tr\u00eas dias de evento, que ocorre nesta quarta-feira (5), quinta-feira (6) e sexta-feira (7), a partir das 19h30, no palco especial do Monte da F\u00e9, na Pra\u00e7a da Vila Asa Branca, com a expectativa de \u200b\u200batrair um p\u00fablico de aproximadamente 20 mil pessoas.<\/p>\n\n\n\n<p>P\u00f3lo no Ciclo das Paix\u00f5es de Pernambuco, destacando-se na Zona da Mata Norte, ao todo, a equipe realizadora da pe\u00e7a conta com mais de 200 pessoas entre elenco principal, figurantes, e produ\u00e7\u00e3o. Tendo como lema <em>A Paix\u00e3o mais perto de voc\u00ea<\/em>, desde 2006 o teatro \u00e9 apresentado no Monte da F\u00e9 pelo grupo Movimento Teatral de Paudalho, um palco natural envolto por pedras, que traz para as 14 cenas interpretadas, junto com o cen\u00e1rio detalhadamente planejado e efeitos pr\u00e1ticos ao vivo, toda a ambienta\u00e7\u00e3o do per\u00edodo da vinda do Messias.<\/p>\n\n\n\n<p>A obra gera emprego e renda tempor\u00e1rios, n\u00e3o s\u00f3 para quem produz o espet\u00e1culo, mas tamb\u00e9m para o com\u00e9rcio informal, aquecendo a economia local. Para fomentar ainda mais o fazer cultural da cidade, toda a equipe \u00e9 composta majoritariamente por paudalhenses. No papel principal, o ator Cec\u00e9u Ribeiro interpreta Jesus, a atriz Flaviana Silvino entra em cena como Maria, o ator Yonaldo Afonso d\u00e1 vida a Judas, Herodes \u00e9 interpretado por Humberto Dias, j\u00e1 Pilatos ser\u00e1 interpretado pelo ator Kyrlle Lima.<\/p>\n\n\n\n<p><strong>Servi\u00e7o:<\/strong><\/p>\n\n\n\n<p>Evento: Paix\u00e3o de Cristo do Monte da F\u00e9<\/p>\n\n\n\n<p>Local: Monte da F\u00e9, Vila Asa Branca, Paudalho<\/p>\n\n\n\n<p>Data: 05, 06 e 07 de abril<\/p>\n\n\n\n<p>Hor\u00e1rio: 19h30<\/p>\n\n\n\n<p>Ficha T\u00e9cnica:<\/p>\n\n\n\n<p>Dire\u00e7\u00e3o Geral &#8211; Jo\u00e3o Batista<\/p>\n\n\n\n<p>Assistente de Dire\u00e7\u00e3o &#8211; Lucas Barbosa<\/p>\n\n\n\n<p>Dire\u00e7\u00e3o Executiva &#8211; Yonaldo Afonso<\/p>\n\n\n\n<p>Dire\u00e7\u00e3o de Arte &#8211; Gustavo Moreira<\/p>\n\n\n\n<p>Figurino &#8211; Cec\u00e9u Ribeiro<\/p>\n\n\n\n<p>Cenografia &#8211; L\u00edvia Pacheco<\/p>\n\n\n\n<p>Elenco principal:<\/p>\n\n\n\n<p>Jesus &#8211; Cec\u00e9u Ribeiro<\/p>\n\n\n\n<p>Maria &#8211; Flaviana Silvino<\/p>\n\n\n\n<p>Judas &#8211; Yonaldo Afonso<\/p>\n\n\n\n<p>Herodes &#8211; Humberto Dias<\/p>\n\n\n\n<p>Pilatos &#8211; Kyrlle Lima<\/p>\n\n\n\n<p><\/p>\n","protected":false},"excerpt":{"rendered":"<p>Arte e religi\u00e3o se mesclam na tradicional Paix\u00e3o do Monte da F\u00e9 de Paudalho, o maior teatro ao ar livre da Zona da Mata Norte. A encena\u00e7\u00e3o, que come\u00e7ou a ocorrer em 1980, volta pela primeira vez desde o in\u00edcio da pandemia de Covid-19. Realizado com o \u200bapoio da Prefeitura do Paudalho, Governo do Estado [&hellip;]<\/p>\n","protected":false},"author":11,"featured_media":25199,"comment_status":"open","ping_status":"open","sticky":false,"template":"","format":"standard","meta":{"_jetpack_newsletter_access":"","_jetpack_dont_email_post_to_subs":false,"_jetpack_newsletter_tier_id":0,"_jetpack_memberships_contains_paywalled_content":false,"_jetpack_memberships_contains_paid_content":false,"footnotes":""},"categories":[6,2,1,800],"tags":[468,1161,280],"class_list":["post-25198","post","type-post","status-publish","format-standard","has-post-thumbnail","hentry","category-cultura","category-destaque","category-noticias","category-turismo","tag-paixao-de-cristo","tag-paixao-do-monte-da-fe","tag-pascoa"],"jetpack_featured_media_url":"https:\/\/www.paudalho.pe.gov.br\/portal\/wp-content\/uploads\/2023\/04\/PAIXAO-DO-MONTE-DA-FE-PAUDALHO-02.jpg","jetpack_sharing_enabled":true,"jetpack_shortlink":"https:\/\/wp.me\/p98mS2-6yq","_links":{"self":[{"href":"https:\/\/www.paudalho.pe.gov.br\/portal\/wp-json\/wp\/v2\/posts\/25198","targetHints":{"allow":["GET"]}}],"collection":[{"href":"https:\/\/www.paudalho.pe.gov.br\/portal\/wp-json\/wp\/v2\/posts"}],"about":[{"href":"https:\/\/www.paudalho.pe.gov.br\/portal\/wp-json\/wp\/v2\/types\/post"}],"author":[{"embeddable":true,"href":"https:\/\/www.paudalho.pe.gov.br\/portal\/wp-json\/wp\/v2\/users\/11"}],"replies":[{"embeddable":true,"href":"https:\/\/www.paudalho.pe.gov.br\/portal\/wp-json\/wp\/v2\/comments?post=25198"}],"version-history":[{"count":3,"href":"https:\/\/www.paudalho.pe.gov.br\/portal\/wp-json\/wp\/v2\/posts\/25198\/revisions"}],"predecessor-version":[{"id":25202,"href":"https:\/\/www.paudalho.pe.gov.br\/portal\/wp-json\/wp\/v2\/posts\/25198\/revisions\/25202"}],"wp:featuredmedia":[{"embeddable":true,"href":"https:\/\/www.paudalho.pe.gov.br\/portal\/wp-json\/wp\/v2\/media\/25199"}],"wp:attachment":[{"href":"https:\/\/www.paudalho.pe.gov.br\/portal\/wp-json\/wp\/v2\/media?parent=25198"}],"wp:term":[{"taxonomy":"category","embeddable":true,"href":"https:\/\/www.paudalho.pe.gov.br\/portal\/wp-json\/wp\/v2\/categories?post=25198"},{"taxonomy":"post_tag","embeddable":true,"href":"https:\/\/www.paudalho.pe.gov.br\/portal\/wp-json\/wp\/v2\/tags?post=25198"}],"curies":[{"name":"wp","href":"https:\/\/api.w.org\/{rel}","templated":true}]}}