{"id":25183,"date":"2023-04-03T11:06:03","date_gmt":"2023-04-03T14:06:03","guid":{"rendered":"https:\/\/www.paudalho.pe.gov.br\/portal\/?p=25183"},"modified":"2025-01-08T00:38:57","modified_gmt":"2025-01-08T03:38:57","slug":"prefeitura-do-paudalho-lanca-edital-de-chamamento-da-sociedade-civil-para-eleicao-do-conselho-municipal-de-politica-cultural","status":"publish","type":"post","link":"https:\/\/www.paudalho.pe.gov.br\/portal\/prefeitura-do-paudalho-lanca-edital-de-chamamento-da-sociedade-civil-para-eleicao-do-conselho-municipal-de-politica-cultural\/","title":{"rendered":"Confira ficha de inscri\u00e7\u00e3o e Edital de Chamamento da Sociedade Civil para elei\u00e7\u00e3o do Conselho Municipal de Pol\u00edtica Cultural"},"content":{"rendered":"\n<p>A Prefeitura do Paudalho por meio da Secretaria de Cultura, Turismo, Lazer e Juventude lan\u00e7ou o Edital de Chamamento de mun\u00edcipes maiores de 18 anos, residentes e domiciliados no munic\u00edpio, para participarem da elei\u00e7\u00e3o dos representantes da Sociedade Civil, que integrar\u00e3o o Conselho Municipal de Pol\u00edtica Cultural do Paudalho (CMPC) no per\u00edodo de 2023\/2025.&nbsp;<\/p>\n\n\n\n<p>Poder\u00e3o participar do processo eleitoral para eleitor e candidato a Conselheiro, qualquer pessoa interessada em participar da pol\u00edtica p\u00fablica cultural do Paudalho, desde que possua e comprove atua\u00e7\u00e3o na \u00e1rea cultural. As inscri\u00e7\u00f5es poder\u00e3o ser realizadas pessoalmente na sede da Secretaria, localizada na Pra\u00e7a Joaquim Nabuco, popularmente chamada de Pra\u00e7a do Ros\u00e1rio, no Centro, das 9h \u00e0s 16h.&nbsp;<\/p>\n\n\n\n<p>No momento da inscri\u00e7\u00e3o \u00e9 necess\u00e1rio apresentar o formul\u00e1rio de inscri\u00e7\u00e3o de candidato a Conselheiro Municipal de Pol\u00edtica Cultural, totalmente preenchido, c\u00f3pia do comprovante de resid\u00eancia, c\u00f3pia do documento de identidade oficial com foto (carteira de trabalho, RG, identidade profissional ou CNH), hist\u00f3rico de atua\u00e7\u00e3o na \u00e1rea cultural, comprovantes de atua\u00e7\u00e3o na \u00e1rea cultural h\u00e1 pelo menos dois anos, declara\u00e7\u00e3o de que n\u00e3o exerce cargo comissionado, fun\u00e7\u00e3o gratificada ou possui qualquer v\u00ednculo com o Poder P\u00fablico Municipal do Paudalho.<\/p>\n\n\n\n<p>A Sociedade Civil (fazedores de cultura, representantes das entidades culturais sem fins lucrativos, movimentos, grupos e coletivos culturais) ter\u00e3o direito a oito votos na elei\u00e7\u00e3o das vagas a este Conselho, podendo dar apenas um voto em cada categoria.<\/p>\n\n\n\n<p><strong>Edital com documenta\u00e7\u00e3o necess\u00e1ria, ficha de inscri\u00e7\u00e3o e mais informa\u00e7\u00f5es abaixo:<\/strong><\/p>\n\n\n\n<div data-wp-interactive=\"core\/file\" class=\"wp-block-file\"><object data-wp-bind--hidden=\"!state.hasPdfPreview\" hidden class=\"wp-block-file__embed\" data=\"https:\/\/www.paudalho.pe.gov.br\/portal\/wp-content\/uploads\/2023\/04\/EDITAL-DO-CHAMAMENTO-PARA-ELEICAO-DO-CONSELHO-MUNICIPAL-DE-POLITICA-CULTURAL-3.pdf\" type=\"application\/pdf\" style=\"width:100%;height:600px\" aria-label=\"Incorporado de EDITAL-DO-CHAMAMENTO-PARA-ELEICAO-DO-CONSELHO-MUNICIPAL-DE-POLITICA-CULTURAL-3.\"><\/object><a id=\"wp-block-file--media-3da3157f-428a-4b92-88e9-e205238b1f43\" href=\"https:\/\/www.paudalho.pe.gov.br\/portal\/wp-content\/uploads\/2023\/04\/EDITAL-DO-CHAMAMENTO-PARA-ELEICAO-DO-CONSELHO-MUNICIPAL-DE-POLITICA-CULTURAL-3.pdf\">EDITAL-DO-CHAMAMENTO-PARA-ELEICAO-DO-CONSELHO-MUNICIPAL-DE-POLITICA-CULTURAL-3<\/a><a href=\"https:\/\/www.paudalho.pe.gov.br\/portal\/wp-content\/uploads\/2023\/04\/EDITAL-DO-CHAMAMENTO-PARA-ELEICAO-DO-CONSELHO-MUNICIPAL-DE-POLITICA-CULTURAL-3.pdf\" class=\"wp-block-file__button wp-element-button\" download aria-describedby=\"wp-block-file--media-3da3157f-428a-4b92-88e9-e205238b1f43\">Baixar<\/a><\/div>\n\n\n\n<div class=\"wp-block-columns is-layout-flex wp-container-core-columns-is-layout-9d6595d7 wp-block-columns-is-layout-flex\">\n<div class=\"wp-block-column is-layout-flow wp-block-column-is-layout-flow\" style=\"flex-basis:100%\">\n<div class=\"wp-block-group\"><div class=\"wp-block-group__inner-container is-layout-constrained wp-block-group-is-layout-constrained\"><\/div><\/div>\n<\/div>\n<\/div>\n","protected":false},"excerpt":{"rendered":"<p>A Prefeitura do Paudalho por meio da Secretaria de Cultura, Turismo, Lazer e Juventude lan\u00e7ou o Edital de Chamamento de mun\u00edcipes maiores de 18 anos, residentes e domiciliados no munic\u00edpio, para participarem da elei\u00e7\u00e3o dos representantes da Sociedade Civil, que integrar\u00e3o o Conselho Municipal de Pol\u00edtica Cultural do Paudalho (CMPC) no per\u00edodo de 2023\/2025.&nbsp; Poder\u00e3o [&hellip;]<\/p>\n","protected":false},"author":11,"featured_media":25338,"comment_status":"open","ping_status":"open","sticky":false,"template":"","format":"standard","meta":{"_jetpack_newsletter_access":"","_jetpack_dont_email_post_to_subs":false,"_jetpack_newsletter_tier_id":0,"_jetpack_memberships_contains_paywalled_content":false,"_jetpack_memberships_contains_paid_content":false,"footnotes":""},"categories":[6,2,1],"tags":[1159,697,1158,1160,196],"class_list":["post-25183","post","type-post","status-publish","format-standard","has-post-thumbnail","hentry","category-cultura","category-destaque","category-noticias","tag-conselho-municipal-de-politica-cultural-do-paudalho","tag-edital","tag-edital-cultura","tag-edital-do-chamamento-para-eleicao-do-conselho-municipal-de-politica-cultural","tag-secretaria-de-cultura"],"jetpack_featured_media_url":"https:\/\/www.paudalho.pe.gov.br\/portal\/wp-content\/uploads\/2023\/04\/photo1682429870.jpeg","jetpack_sharing_enabled":true,"jetpack_shortlink":"https:\/\/wp.me\/p98mS2-6yb","_links":{"self":[{"href":"https:\/\/www.paudalho.pe.gov.br\/portal\/wp-json\/wp\/v2\/posts\/25183","targetHints":{"allow":["GET"]}}],"collection":[{"href":"https:\/\/www.paudalho.pe.gov.br\/portal\/wp-json\/wp\/v2\/posts"}],"about":[{"href":"https:\/\/www.paudalho.pe.gov.br\/portal\/wp-json\/wp\/v2\/types\/post"}],"author":[{"embeddable":true,"href":"https:\/\/www.paudalho.pe.gov.br\/portal\/wp-json\/wp\/v2\/users\/11"}],"replies":[{"embeddable":true,"href":"https:\/\/www.paudalho.pe.gov.br\/portal\/wp-json\/wp\/v2\/comments?post=25183"}],"version-history":[{"count":6,"href":"https:\/\/www.paudalho.pe.gov.br\/portal\/wp-json\/wp\/v2\/posts\/25183\/revisions"}],"predecessor-version":[{"id":25335,"href":"https:\/\/www.paudalho.pe.gov.br\/portal\/wp-json\/wp\/v2\/posts\/25183\/revisions\/25335"}],"wp:featuredmedia":[{"embeddable":true,"href":"https:\/\/www.paudalho.pe.gov.br\/portal\/wp-json\/wp\/v2\/media\/25338"}],"wp:attachment":[{"href":"https:\/\/www.paudalho.pe.gov.br\/portal\/wp-json\/wp\/v2\/media?parent=25183"}],"wp:term":[{"taxonomy":"category","embeddable":true,"href":"https:\/\/www.paudalho.pe.gov.br\/portal\/wp-json\/wp\/v2\/categories?post=25183"},{"taxonomy":"post_tag","embeddable":true,"href":"https:\/\/www.paudalho.pe.gov.br\/portal\/wp-json\/wp\/v2\/tags?post=25183"}],"curies":[{"name":"wp","href":"https:\/\/api.w.org\/{rel}","templated":true}]}}