{"id":25179,"date":"2023-03-30T15:07:20","date_gmt":"2023-03-30T18:07:20","guid":{"rendered":"https:\/\/www.paudalho.pe.gov.br\/portal\/?p=25179"},"modified":"2025-01-08T00:38:57","modified_gmt":"2025-01-08T03:38:57","slug":"gerencia-de-desenvolvimento-da-educacao-do-paudalho-realiza-o-i-encontro-formativo-sobre-educacao-inclusiva","status":"publish","type":"post","link":"https:\/\/www.paudalho.pe.gov.br\/portal\/gerencia-de-desenvolvimento-da-educacao-do-paudalho-realiza-o-i-encontro-formativo-sobre-educacao-inclusiva\/","title":{"rendered":"<strong>Ger\u00eancia de Desenvolvimento da Educa\u00e7\u00e3o do Paudalho realiza o I Encontro Formativo sobre Educa\u00e7\u00e3o Inclusiva<\/strong>"},"content":{"rendered":"\n<p>A Prefeitura do Paudalho por meio da Secretaria Municipal de Educa\u00e7\u00e3o e Esportes, atrav\u00e9s da Ger\u00eancia de Desenvolvimento da Educa\u00e7\u00e3o (GDE), realizou na \u00faltima quarta-feira (29) o I Encontro Formativo com Psic\u00f3logos Educacionais e Profissionais das Salas de Atendimento Educacional Especializado (AEE), trabalhando a tem\u00e1tica&nbsp; do Atendimento Educacional Especializado e o Planejamento Educacional Individualizado (PEI).&nbsp;<\/p>\n\n\n\n<p>No evento foram abordadas as diretrizes da Pol\u00edtica Nacional da Educa\u00e7\u00e3o Especial na perspectiva&nbsp; da Educa\u00e7\u00e3o Inclusiva que define o AEE como atividade complementar e\/ou suplementar \u00e0 forma\u00e7\u00e3o dos alunos, especificando que tem como fun\u00e7\u00f5es elaborar e organizar recursos pedag\u00f3gicos e de acessibilidade que eliminem as barreiras para a plena participa\u00e7\u00e3o dos estudantes, considerando suas necessidades espec\u00edficas.&nbsp;<\/p>\n\n\n\n<p>Esse atendimento consiste na oferta obrigat\u00f3ria pelos Sistemas de Ensino para apoiar o desenvolvimento dos estudantes, p\u00fablico-alvo da Educa\u00e7\u00e3o Especial, em todas as etapas,&nbsp; n\u00edveis e modalidades, ao longo de todo o processo de escolariza\u00e7\u00e3o.<\/p>\n","protected":false},"excerpt":{"rendered":"<p>A Prefeitura do Paudalho por meio da Secretaria Municipal de Educa\u00e7\u00e3o e Esportes, atrav\u00e9s da Ger\u00eancia de Desenvolvimento da Educa\u00e7\u00e3o (GDE), realizou na \u00faltima quarta-feira (29) o I Encontro Formativo com Psic\u00f3logos Educacionais e Profissionais das Salas de Atendimento Educacional Especializado (AEE), trabalhando a tem\u00e1tica&nbsp; do Atendimento Educacional Especializado e o Planejamento Educacional Individualizado (PEI).&nbsp; [&hellip;]<\/p>\n","protected":false},"author":11,"featured_media":25180,"comment_status":"open","ping_status":"open","sticky":false,"template":"","format":"standard","meta":{"_jetpack_newsletter_access":"","_jetpack_dont_email_post_to_subs":false,"_jetpack_newsletter_tier_id":0,"_jetpack_memberships_contains_paywalled_content":false,"_jetpack_memberships_contains_paid_content":false,"footnotes":""},"categories":[2,520,4,1],"tags":[30,1157,1156,1155,826],"class_list":["post-25179","post","type-post","status-publish","format-standard","has-post-thumbnail","hentry","category-destaque","category-educacao-2","category-educacao","category-noticias","tag-educacao","tag-educacao-inclusiva","tag-gde","tag-gerencia-de-desenvolvimento-da-educacao","tag-secretaria-municipal-de-educacao-e-esportes"],"jetpack_featured_media_url":"https:\/\/www.paudalho.pe.gov.br\/portal\/wp-content\/uploads\/2023\/03\/cd80b452-6862-429e-aa40-ecaeb5485ad6.jpg","jetpack_sharing_enabled":true,"jetpack_shortlink":"https:\/\/wp.me\/p98mS2-6y7","_links":{"self":[{"href":"https:\/\/www.paudalho.pe.gov.br\/portal\/wp-json\/wp\/v2\/posts\/25179","targetHints":{"allow":["GET"]}}],"collection":[{"href":"https:\/\/www.paudalho.pe.gov.br\/portal\/wp-json\/wp\/v2\/posts"}],"about":[{"href":"https:\/\/www.paudalho.pe.gov.br\/portal\/wp-json\/wp\/v2\/types\/post"}],"author":[{"embeddable":true,"href":"https:\/\/www.paudalho.pe.gov.br\/portal\/wp-json\/wp\/v2\/users\/11"}],"replies":[{"embeddable":true,"href":"https:\/\/www.paudalho.pe.gov.br\/portal\/wp-json\/wp\/v2\/comments?post=25179"}],"version-history":[{"count":1,"href":"https:\/\/www.paudalho.pe.gov.br\/portal\/wp-json\/wp\/v2\/posts\/25179\/revisions"}],"predecessor-version":[{"id":25181,"href":"https:\/\/www.paudalho.pe.gov.br\/portal\/wp-json\/wp\/v2\/posts\/25179\/revisions\/25181"}],"wp:featuredmedia":[{"embeddable":true,"href":"https:\/\/www.paudalho.pe.gov.br\/portal\/wp-json\/wp\/v2\/media\/25180"}],"wp:attachment":[{"href":"https:\/\/www.paudalho.pe.gov.br\/portal\/wp-json\/wp\/v2\/media?parent=25179"}],"wp:term":[{"taxonomy":"category","embeddable":true,"href":"https:\/\/www.paudalho.pe.gov.br\/portal\/wp-json\/wp\/v2\/categories?post=25179"},{"taxonomy":"post_tag","embeddable":true,"href":"https:\/\/www.paudalho.pe.gov.br\/portal\/wp-json\/wp\/v2\/tags?post=25179"}],"curies":[{"name":"wp","href":"https:\/\/api.w.org\/{rel}","templated":true}]}}