{"id":25170,"date":"2023-03-29T11:10:53","date_gmt":"2023-03-29T14:10:53","guid":{"rendered":"https:\/\/www.paudalho.pe.gov.br\/portal\/?p=25170"},"modified":"2025-01-08T00:38:57","modified_gmt":"2025-01-08T03:38:57","slug":"prefeitura-do-paudalho-realiza-programacao-para-produtores-culturais-em-parceria-com-sebrae-e-fundarpe","status":"publish","type":"post","link":"https:\/\/www.paudalho.pe.gov.br\/portal\/prefeitura-do-paudalho-realiza-programacao-para-produtores-culturais-em-parceria-com-sebrae-e-fundarpe\/","title":{"rendered":"<strong>Prefeitura do Paudalho realiza programa\u00e7\u00e3o para produtores culturais em parceria com SEBRAE e Fundarpe<\/strong>"},"content":{"rendered":"\n<p>Sabendo da import\u00e2ncia dos seus produtores culturais, a Prefeitura do Paudalho por meio da Secretaria de Cultura, Turismo, Lazer e Juventude realiza nesta semana diversas a\u00e7\u00f5es voltadas para o setor com a emiss\u00e3o e renova\u00e7\u00e3o de Carteiras dos Artes\u00e3os do munic\u00edpio e entrega de certificados, al\u00e9m de oficinas sobre Patrim\u00f4nio Cultural.<\/p>\n\n\n\n<p>Na \u00faltima ter\u00e7a-feira (28), em parceria com o SEBRAE, foi realizada uma a\u00e7\u00e3o para emiss\u00e3o e renova\u00e7\u00e3o de Carteira do Programa do Artesanato Brasileiro (PAB) para os artistas manuais de Paudalho. O evento ocorreu na Casa das Juventudes, localizada no Alto do Cruzeiro. A carteira \u00e9 um documento essencial para que esses profissionais tenham seus direitos garantidos e possam expandir seus trabalhos. Atualmente a pasta atende 184 artes\u00e3os cadastrados nas mais diversas vertentes art\u00edsticas e v\u00e1rios ainda n\u00e3o tinham a Carteira de Artes\u00e3os. \u201c<em>A import\u00e2ncia em si \u00e9 para os artes\u00e3o de paudalho serem reconhecidos como um profissional no que faz, no que gosta de fazer na arte. Para tamb\u00e9m o munic\u00edpio ser reconhecido, para nosso trabalho ser reconhecido fora, e tamb\u00e9m a gente ter possibilidades de conseguir material e tamb\u00e9m cursos.<\/em>\u201d comentou o artes\u00e3o Jos\u00e9 Rivaldo, que participava da a\u00e7\u00e3o.<\/p>\n\n\n\n<figure class=\"wp-block-image size-large\"><img loading=\"lazy\" decoding=\"async\" width=\"800\" height=\"450\" data-attachment-id=\"25171\" data-permalink=\"https:\/\/www.paudalho.pe.gov.br\/portal\/prefeitura-do-paudalho-realiza-programacao-para-produtores-culturais-em-parceria-com-sebrae-e-fundarpe\/photo1680014543-3\/\" data-orig-file=\"https:\/\/www.paudalho.pe.gov.br\/portal\/wp-content\/uploads\/2023\/03\/photo1680014543-3.jpeg\" data-orig-size=\"1280,853\" data-comments-opened=\"1\" data-image-meta=\"{&quot;aperture&quot;:&quot;0&quot;,&quot;credit&quot;:&quot;&quot;,&quot;camera&quot;:&quot;&quot;,&quot;caption&quot;:&quot;&quot;,&quot;created_timestamp&quot;:&quot;0&quot;,&quot;copyright&quot;:&quot;&quot;,&quot;focal_length&quot;:&quot;0&quot;,&quot;iso&quot;:&quot;0&quot;,&quot;shutter_speed&quot;:&quot;0&quot;,&quot;title&quot;:&quot;&quot;,&quot;orientation&quot;:&quot;0&quot;}\" data-image-title=\"photo1680014543-3\" data-image-description=\"\" data-image-caption=\"\" data-medium-file=\"https:\/\/www.paudalho.pe.gov.br\/portal\/wp-content\/uploads\/2023\/03\/photo1680014543-3-350x230.jpeg\" data-large-file=\"https:\/\/www.paudalho.pe.gov.br\/portal\/wp-content\/uploads\/2023\/03\/photo1680014543-3-800x450.jpeg\" src=\"https:\/\/www.paudalho.pe.gov.br\/portal\/wp-content\/uploads\/2023\/03\/photo1680014543-3-800x450.jpeg\" alt=\"\" class=\"wp-image-25171\"\/><\/figure>\n\n\n\n<p>Continuando com o reconhecimento a esses produtores, a Secretaria ainda realiza nesta quarta-feira (29), a entrega de certificado homenageando esses profissionais. A iniciativa faz parte da programa\u00e7\u00e3o de celebra\u00e7\u00e3o do Dia do Artes\u00e3o, que foi celebrado no dia 19 de mar\u00e7o. Os certificados ser\u00e3o entregues a partir das 14h durante oficinas realizadas em parceria com a Funda\u00e7\u00e3o do Patrim\u00f4nio Hist\u00f3rico e Art\u00edstico de Pernambuco (Fundarpe), no Audit\u00f3rio do P\u00e1tio da Feira, Centro de Paudalho. O evento come\u00e7ou \u00e0s 9h, com a Oficina sobre o Patrim\u00f4nio Ferrovi\u00e1rio, para contribuir para a preserva\u00e7\u00e3o da mem\u00f3ria ferrovi\u00e1ria e para a constru\u00e7\u00e3o de estrat\u00e9gias de planos de preserva\u00e7\u00e3o e salvaguarda para o Patrim\u00f4nio Ferrovi\u00e1rio de Pernambuco.<\/p>\n\n\n\n<figure class=\"wp-block-image size-large\"><img loading=\"lazy\" decoding=\"async\" width=\"800\" height=\"450\" data-attachment-id=\"25172\" data-permalink=\"https:\/\/www.paudalho.pe.gov.br\/portal\/prefeitura-do-paudalho-realiza-programacao-para-produtores-culturais-em-parceria-com-sebrae-e-fundarpe\/photo1680094322\/\" data-orig-file=\"https:\/\/www.paudalho.pe.gov.br\/portal\/wp-content\/uploads\/2023\/03\/photo1680094322.jpeg\" data-orig-size=\"1280,853\" data-comments-opened=\"1\" data-image-meta=\"{&quot;aperture&quot;:&quot;0&quot;,&quot;credit&quot;:&quot;&quot;,&quot;camera&quot;:&quot;&quot;,&quot;caption&quot;:&quot;&quot;,&quot;created_timestamp&quot;:&quot;0&quot;,&quot;copyright&quot;:&quot;&quot;,&quot;focal_length&quot;:&quot;0&quot;,&quot;iso&quot;:&quot;0&quot;,&quot;shutter_speed&quot;:&quot;0&quot;,&quot;title&quot;:&quot;&quot;,&quot;orientation&quot;:&quot;0&quot;}\" data-image-title=\"photo1680094322\" data-image-description=\"\" data-image-caption=\"\" data-medium-file=\"https:\/\/www.paudalho.pe.gov.br\/portal\/wp-content\/uploads\/2023\/03\/photo1680094322-350x230.jpeg\" data-large-file=\"https:\/\/www.paudalho.pe.gov.br\/portal\/wp-content\/uploads\/2023\/03\/photo1680094322-800x450.jpeg\" src=\"https:\/\/www.paudalho.pe.gov.br\/portal\/wp-content\/uploads\/2023\/03\/photo1680094322-800x450.jpeg\" alt=\"\" class=\"wp-image-25172\"\/><\/figure>\n\n\n\n<p>Continuando a a\u00e7\u00e3o, \u00e0s 14h, tem Oficina sobre os Editais do Concurso do Registro do Patrim\u00f4nio Vivo de Pernambuco e sobre o Pr\u00eamio Ayrton de Almeida Carvalho de Preserva\u00e7\u00e3o do Patrim\u00f4nio Cultural e dar orienta\u00e7\u00f5es quanto ao preenchimento e candidatura. Os encontros integram as a\u00e7\u00f5es de Educa\u00e7\u00e3o Patrimonial, da Ger\u00eancia Geral de Preserva\u00e7\u00e3o Cultural da Fundarpe e Superintend\u00eancia de Prote\u00e7\u00e3o ao Patrim\u00f4nio Cultural e Hist\u00f3rico do Paudalho.<\/p>\n","protected":false},"excerpt":{"rendered":"<p>Sabendo da import\u00e2ncia dos seus produtores culturais, a Prefeitura do Paudalho por meio da Secretaria de Cultura, Turismo, Lazer e Juventude realiza nesta semana diversas a\u00e7\u00f5es voltadas para o setor com a emiss\u00e3o e renova\u00e7\u00e3o de Carteiras dos Artes\u00e3os do munic\u00edpio e entrega de certificados, al\u00e9m de oficinas sobre Patrim\u00f4nio Cultural. Na \u00faltima ter\u00e7a-feira (28), [&hellip;]<\/p>\n","protected":false},"author":11,"featured_media":25173,"comment_status":"open","ping_status":"open","sticky":false,"template":"","format":"standard","meta":{"_jetpack_newsletter_access":"","_jetpack_dont_email_post_to_subs":false,"_jetpack_newsletter_tier_id":0,"_jetpack_memberships_contains_paywalled_content":false,"_jetpack_memberships_contains_paid_content":false,"footnotes":""},"categories":[6,2,1,767],"tags":[1152,1151,1153,1096,118,196,1154,524],"class_list":["post-25170","post","type-post","status-publish","format-standard","has-post-thumbnail","hentry","category-cultura","category-destaque","category-noticias","category-programa-do-artesanato-brasileiro","tag-carteira-de-artesaos","tag-carteira-do-programa-do-artesanato-brasileiro","tag-fundarpe","tag-lazer-e-juventude","tag-sebrae","tag-secretaria-de-cultura","tag-superintendencia-de-protecao-ao-patrimonio-cultural-e-historico-do-paudalho","tag-turismo"],"jetpack_featured_media_url":"https:\/\/www.paudalho.pe.gov.br\/portal\/wp-content\/uploads\/2023\/03\/photo1680014551-4.jpeg","jetpack_sharing_enabled":true,"jetpack_shortlink":"https:\/\/wp.me\/p98mS2-6xY","_links":{"self":[{"href":"https:\/\/www.paudalho.pe.gov.br\/portal\/wp-json\/wp\/v2\/posts\/25170","targetHints":{"allow":["GET"]}}],"collection":[{"href":"https:\/\/www.paudalho.pe.gov.br\/portal\/wp-json\/wp\/v2\/posts"}],"about":[{"href":"https:\/\/www.paudalho.pe.gov.br\/portal\/wp-json\/wp\/v2\/types\/post"}],"author":[{"embeddable":true,"href":"https:\/\/www.paudalho.pe.gov.br\/portal\/wp-json\/wp\/v2\/users\/11"}],"replies":[{"embeddable":true,"href":"https:\/\/www.paudalho.pe.gov.br\/portal\/wp-json\/wp\/v2\/comments?post=25170"}],"version-history":[{"count":1,"href":"https:\/\/www.paudalho.pe.gov.br\/portal\/wp-json\/wp\/v2\/posts\/25170\/revisions"}],"predecessor-version":[{"id":25174,"href":"https:\/\/www.paudalho.pe.gov.br\/portal\/wp-json\/wp\/v2\/posts\/25170\/revisions\/25174"}],"wp:featuredmedia":[{"embeddable":true,"href":"https:\/\/www.paudalho.pe.gov.br\/portal\/wp-json\/wp\/v2\/media\/25173"}],"wp:attachment":[{"href":"https:\/\/www.paudalho.pe.gov.br\/portal\/wp-json\/wp\/v2\/media?parent=25170"}],"wp:term":[{"taxonomy":"category","embeddable":true,"href":"https:\/\/www.paudalho.pe.gov.br\/portal\/wp-json\/wp\/v2\/categories?post=25170"},{"taxonomy":"post_tag","embeddable":true,"href":"https:\/\/www.paudalho.pe.gov.br\/portal\/wp-json\/wp\/v2\/tags?post=25170"}],"curies":[{"name":"wp","href":"https:\/\/api.w.org\/{rel}","templated":true}]}}