{"id":2516,"date":"2018-02-11T12:48:39","date_gmt":"2018-02-11T15:48:39","guid":{"rendered":"http:\/\/www.paudalho.pe.gov.br\/portal\/?p=2516"},"modified":"2020-01-22T12:46:25","modified_gmt":"2020-01-22T15:46:25","slug":"banho-de-frevo-infantil-abre-programacao-do-carnaval-em-paudalho","status":"publish","type":"post","link":"https:\/\/www.paudalho.pe.gov.br\/portal\/banho-de-frevo-infantil-abre-programacao-do-carnaval-em-paudalho\/","title":{"rendered":"Banho de Frevo infantil abre programa\u00e7\u00e3o do Carnaval em Paudalho"},"content":{"rendered":"<p>Milhares de crian\u00e7as encheram o P\u00e1tio de Eventos Beira-Rio, no centro do Paudalho para abertura do Carnaval 2018, na manh\u00e3 deste domingo (11). A programa\u00e7\u00e3o foi iniciada pela banda infantil \u201cBal\u00e3o da Alegria\u201d e com m\u00fasica em frevo, ciranda e outros ritmos, o grupo animou a crian\u00e7ada.<\/p>\n<p>Veterana, a cantora Elizonete Claudina de Oliveira, popularmente conhecida como Ely Reis est\u00e1 no comando do grupo. Al\u00e9m do Bal\u00e3o da Alegria, a artista \u00e9 vers\u00e1til e trabalha com quadrilha junina desde 2012. Ela comenta da import\u00e2ncia de Paudalho ter espa\u00e7o para as festas populares. &#8220;Eu fico muito feliz que aqui no munic\u00edpio temos espa\u00e7o. Eu estou \u00e0 frente da quadrilha Mastruz Com Leite desde o ano de 2012 e tenho outros projetos culturais. Porque falo isso? Porque em Paudalho h\u00e1 espa\u00e7o para as celebra\u00e7\u00f5es, para o Carnaval, para o S\u00e3o Jo\u00e3o, para as festas do povo&#8221;, comentou.<\/p>\n<p>Pela primeira vez a vers\u00e3o infantil da programa\u00e7\u00e3o vai ocorrer durante os tr\u00eas dias. E ainda tem mais! Na segunda-feira (12) a crian\u00e7ada vai se divertir ao som da banda \u201cA Barca Maluca\u201d. J\u00e1 na ter\u00e7a-feira (13), a banda Bal\u00e3o da Alegria sobe novamente ao palco para animar os pequenos. O evento come\u00e7ar\u00e1 todos os dias a partir das 9h. A programa\u00e7\u00e3o ser\u00e1 realizada em outro hor\u00e1rio para dar mais comunidade e seguran\u00e7a \u00e0s crian\u00e7as do Munic\u00edpio e tamb\u00e9m a oportunidade de celebrar o Carnaval em um momento refrescante.<\/p>\n<div id=\"attachment_2517\" style=\"width: 561px\" class=\"wp-caption alignnone\"><img loading=\"lazy\" decoding=\"async\" aria-describedby=\"caption-attachment-2517\" data-attachment-id=\"2517\" data-permalink=\"https:\/\/www.paudalho.pe.gov.br\/portal\/banho-de-frevo-infantil-abre-programacao-do-carnaval-em-paudalho\/img_1542\/\" data-orig-file=\"https:\/\/www.paudalho.pe.gov.br\/portal\/wp-content\/uploads\/2018\/02\/IMG_1542.jpg\" data-orig-size=\"5184,3456\" data-comments-opened=\"1\" data-image-meta=\"{&quot;aperture&quot;:&quot;0&quot;,&quot;credit&quot;:&quot;&quot;,&quot;camera&quot;:&quot;&quot;,&quot;caption&quot;:&quot;&quot;,&quot;created_timestamp&quot;:&quot;0&quot;,&quot;copyright&quot;:&quot;&quot;,&quot;focal_length&quot;:&quot;0&quot;,&quot;iso&quot;:&quot;0&quot;,&quot;shutter_speed&quot;:&quot;0&quot;,&quot;title&quot;:&quot;&quot;,&quot;orientation&quot;:&quot;0&quot;}\" data-image-title=\"IMG_1542\" data-image-description=\"\" data-image-caption=\"&lt;p&gt;DH Ferreira\/FocusComunica\u00e7\u00e3o &lt;\/p&gt;\n\" data-medium-file=\"https:\/\/www.paudalho.pe.gov.br\/portal\/wp-content\/uploads\/2018\/02\/IMG_1542-350x230.jpg\" data-large-file=\"https:\/\/www.paudalho.pe.gov.br\/portal\/wp-content\/uploads\/2018\/02\/IMG_1542-800x450.jpg\" class=\" wp-image-2517\" src=\"http:\/\/www.paudalho.pe.gov.br\/portal\/wp-content\/uploads\/2018\/02\/IMG_1542-350x230.jpg\" alt=\"\" width=\"551\" height=\"362\" \/><p id=\"caption-attachment-2517\" class=\"wp-caption-text\">DH Ferreira\/FocusComunica\u00e7\u00e3o<\/p><\/div>\n<div id=\"attachment_2518\" style=\"width: 564px\" class=\"wp-caption alignnone\"><img loading=\"lazy\" decoding=\"async\" aria-describedby=\"caption-attachment-2518\" data-attachment-id=\"2518\" data-permalink=\"https:\/\/www.paudalho.pe.gov.br\/portal\/banho-de-frevo-infantil-abre-programacao-do-carnaval-em-paudalho\/img_1521\/\" data-orig-file=\"https:\/\/www.paudalho.pe.gov.br\/portal\/wp-content\/uploads\/2018\/02\/IMG_1521.jpg\" data-orig-size=\"5184,3456\" data-comments-opened=\"1\" data-image-meta=\"{&quot;aperture&quot;:&quot;0&quot;,&quot;credit&quot;:&quot;&quot;,&quot;camera&quot;:&quot;&quot;,&quot;caption&quot;:&quot;&quot;,&quot;created_timestamp&quot;:&quot;0&quot;,&quot;copyright&quot;:&quot;&quot;,&quot;focal_length&quot;:&quot;0&quot;,&quot;iso&quot;:&quot;0&quot;,&quot;shutter_speed&quot;:&quot;0&quot;,&quot;title&quot;:&quot;&quot;,&quot;orientation&quot;:&quot;0&quot;}\" data-image-title=\"IMG_1521\" data-image-description=\"\" data-image-caption=\"&lt;p&gt;DH Ferreira\/FocusComunica\u00e7\u00e3o &lt;\/p&gt;\n\" data-medium-file=\"https:\/\/www.paudalho.pe.gov.br\/portal\/wp-content\/uploads\/2018\/02\/IMG_1521-350x230.jpg\" data-large-file=\"https:\/\/www.paudalho.pe.gov.br\/portal\/wp-content\/uploads\/2018\/02\/IMG_1521-800x450.jpg\" class=\" wp-image-2518\" src=\"http:\/\/www.paudalho.pe.gov.br\/portal\/wp-content\/uploads\/2018\/02\/IMG_1521-350x230.jpg\" alt=\"\" width=\"554\" height=\"364\" \/><p id=\"caption-attachment-2518\" class=\"wp-caption-text\">DH Ferreira\/FocusComunica\u00e7\u00e3o<\/p><\/div>\n<div id=\"attachment_2520\" style=\"width: 567px\" class=\"wp-caption alignnone\"><img loading=\"lazy\" decoding=\"async\" aria-describedby=\"caption-attachment-2520\" data-attachment-id=\"2520\" data-permalink=\"https:\/\/www.paudalho.pe.gov.br\/portal\/banho-de-frevo-infantil-abre-programacao-do-carnaval-em-paudalho\/img_1558-2\/\" data-orig-file=\"https:\/\/www.paudalho.pe.gov.br\/portal\/wp-content\/uploads\/2018\/02\/IMG_1558-1.jpg\" data-orig-size=\"5184,3456\" data-comments-opened=\"1\" data-image-meta=\"{&quot;aperture&quot;:&quot;0&quot;,&quot;credit&quot;:&quot;&quot;,&quot;camera&quot;:&quot;&quot;,&quot;caption&quot;:&quot;&quot;,&quot;created_timestamp&quot;:&quot;0&quot;,&quot;copyright&quot;:&quot;&quot;,&quot;focal_length&quot;:&quot;0&quot;,&quot;iso&quot;:&quot;0&quot;,&quot;shutter_speed&quot;:&quot;0&quot;,&quot;title&quot;:&quot;&quot;,&quot;orientation&quot;:&quot;0&quot;}\" data-image-title=\"IMG_1558\" data-image-description=\"\" data-image-caption=\"&lt;p&gt;DH Ferreira\/FocusComunica\u00e7\u00e3o &lt;\/p&gt;\n\" data-medium-file=\"https:\/\/www.paudalho.pe.gov.br\/portal\/wp-content\/uploads\/2018\/02\/IMG_1558-1-350x230.jpg\" data-large-file=\"https:\/\/www.paudalho.pe.gov.br\/portal\/wp-content\/uploads\/2018\/02\/IMG_1558-1-800x450.jpg\" class=\" wp-image-2520\" src=\"http:\/\/www.paudalho.pe.gov.br\/portal\/wp-content\/uploads\/2018\/02\/IMG_1558-1-350x230.jpg\" alt=\"\" width=\"557\" height=\"366\" \/><p id=\"caption-attachment-2520\" class=\"wp-caption-text\">DH Ferreira\/FocusComunica\u00e7\u00e3o<\/p><\/div>\n<h2>Carnaval Acess\u00edvel<\/h2>\n<p>Valdege Nilda \u00e9 cadeirante e veio com a Irma N\u00fabia para celebrar no maior Carnaval da regi\u00e3o. \u201cEu acho muito bom, gostei bastante\u201d, disse a menina, acrescentando que n\u00e3o encontrou dificuldades para participar da programa\u00e7\u00e3o.<\/p>\n<p><img loading=\"lazy\" decoding=\"async\" data-attachment-id=\"2521\" data-permalink=\"https:\/\/www.paudalho.pe.gov.br\/portal\/banho-de-frevo-infantil-abre-programacao-do-carnaval-em-paudalho\/e3d326f3-9f64-4e27-9ba9-abe0fc39a69a\/\" data-orig-file=\"https:\/\/www.paudalho.pe.gov.br\/portal\/wp-content\/uploads\/2018\/02\/e3d326f3-9f64-4e27-9ba9-abe0fc39a69a.jpg\" data-orig-size=\"1040,780\" data-comments-opened=\"1\" data-image-meta=\"{&quot;aperture&quot;:&quot;0&quot;,&quot;credit&quot;:&quot;&quot;,&quot;camera&quot;:&quot;&quot;,&quot;caption&quot;:&quot;&quot;,&quot;created_timestamp&quot;:&quot;0&quot;,&quot;copyright&quot;:&quot;&quot;,&quot;focal_length&quot;:&quot;0&quot;,&quot;iso&quot;:&quot;0&quot;,&quot;shutter_speed&quot;:&quot;0&quot;,&quot;title&quot;:&quot;&quot;,&quot;orientation&quot;:&quot;0&quot;}\" data-image-title=\"e3d326f3-9f64-4e27-9ba9-abe0fc39a69a\" data-image-description=\"\" data-image-caption=\"\" data-medium-file=\"https:\/\/www.paudalho.pe.gov.br\/portal\/wp-content\/uploads\/2018\/02\/e3d326f3-9f64-4e27-9ba9-abe0fc39a69a-350x230.jpg\" data-large-file=\"https:\/\/www.paudalho.pe.gov.br\/portal\/wp-content\/uploads\/2018\/02\/e3d326f3-9f64-4e27-9ba9-abe0fc39a69a-800x450.jpg\" class=\"alignnone wp-image-2521\" src=\"http:\/\/www.paudalho.pe.gov.br\/portal\/wp-content\/uploads\/2018\/02\/e3d326f3-9f64-4e27-9ba9-abe0fc39a69a-350x230.jpg\" alt=\"\" width=\"577\" height=\"379\" \/><\/p>\n<p>O objetivo da programa\u00e7\u00e3o \u00e9 trazer mais comodidade e seguran\u00e7a para os pequenos na hora de brincar. A cantora do Bal\u00e3o da Alegria, Eli Reis, destacou a iniciativa. \u201c\u00c9 muito importante porque cada um tem que ter o seu espa\u00e7o e o seu momento. Assim elas podem se divertir com tranquilidade eu estou muito feliz.<\/p>\n<p><img loading=\"lazy\" decoding=\"async\" data-attachment-id=\"2522\" data-permalink=\"https:\/\/www.paudalho.pe.gov.br\/portal\/banho-de-frevo-infantil-abre-programacao-do-carnaval-em-paudalho\/6f477b3c-dc18-4afe-8e90-f0aecc4813a3\/\" data-orig-file=\"https:\/\/www.paudalho.pe.gov.br\/portal\/wp-content\/uploads\/2018\/02\/6f477b3c-dc18-4afe-8e90-f0aecc4813a3.jpg\" data-orig-size=\"1040,780\" data-comments-opened=\"1\" data-image-meta=\"{&quot;aperture&quot;:&quot;0&quot;,&quot;credit&quot;:&quot;&quot;,&quot;camera&quot;:&quot;&quot;,&quot;caption&quot;:&quot;&quot;,&quot;created_timestamp&quot;:&quot;0&quot;,&quot;copyright&quot;:&quot;&quot;,&quot;focal_length&quot;:&quot;0&quot;,&quot;iso&quot;:&quot;0&quot;,&quot;shutter_speed&quot;:&quot;0&quot;,&quot;title&quot;:&quot;&quot;,&quot;orientation&quot;:&quot;0&quot;}\" data-image-title=\"6f477b3c-dc18-4afe-8e90-f0aecc4813a3\" data-image-description=\"\" data-image-caption=\"\" data-medium-file=\"https:\/\/www.paudalho.pe.gov.br\/portal\/wp-content\/uploads\/2018\/02\/6f477b3c-dc18-4afe-8e90-f0aecc4813a3-350x230.jpg\" data-large-file=\"https:\/\/www.paudalho.pe.gov.br\/portal\/wp-content\/uploads\/2018\/02\/6f477b3c-dc18-4afe-8e90-f0aecc4813a3-800x450.jpg\" class=\"alignnone wp-image-2522\" src=\"http:\/\/www.paudalho.pe.gov.br\/portal\/wp-content\/uploads\/2018\/02\/6f477b3c-dc18-4afe-8e90-f0aecc4813a3-350x230.jpg\" alt=\"\" width=\"588\" height=\"386\" \/><\/p>\n<p><strong>Confira no v\u00eddeo:<\/strong><\/p>\n<div style=\"width: 640px;\" class=\"wp-video\"><!--[if lt IE 9]><script>document.createElement('video');<\/script><![endif]-->\n<video class=\"wp-video-shortcode\" id=\"video-2516-1\" width=\"640\" height=\"352\" preload=\"metadata\" controls=\"controls\"><source type=\"video\/mp4\" src=\"http:\/\/www.paudalho.pe.gov.br\/portal\/wp-content\/uploads\/2018\/02\/WhatsApp-Video-2018-02-11-at-13.03.43.mp4?_=1\" \/><a href=\"http:\/\/www.paudalho.pe.gov.br\/portal\/wp-content\/uploads\/2018\/02\/WhatsApp-Video-2018-02-11-at-13.03.43.mp4\">http:\/\/www.paudalho.pe.gov.br\/portal\/wp-content\/uploads\/2018\/02\/WhatsApp-Video-2018-02-11-at-13.03.43.mp4<\/a><\/video><\/div>\n<h2>O Banho de Frevo<\/h2>\n<p>A programa\u00e7\u00e3o nasceu na cidade de Ch\u00e3 de Alegria e foi trazida para Paudalho h\u00e1 mais de 12 anos. Segundo a organiza\u00e7\u00e3o do evento, v\u00e3o ser usados, em 2018, 60 mil litros de \u00e1gua em 180 metros de cano. S\u00e3o tr\u00eas linhas de cano de 60 metros que recebem a \u00e1gua de tr\u00eas reservat\u00f3rios, um de 20 mil litros e outro de 10 mil litros. A cada tr\u00eas metros, existe um aspersor de irriga\u00e7\u00e3o que distribui o jato de \u00e1gua nos foli\u00f5es. No liquido, al\u00e9m de \u00e1gua, ser\u00e1 misturada cerca de mil litros de ess\u00eancia de tutti frutti para que o banho fique arom\u00e1tico. O objetivo do Banho de Frevo \u00e9 proporcionar uma folia refrescante para quem vai se deparar com os tr\u00eas dias de celebra\u00e7\u00e3o na cidade. Segundo o secret\u00e1rio de Cultura, Esporte, Turismo e Juventude, Jobson Oliveira, o alvo \u00e9 o bem-estar da popula\u00e7\u00e3o. \u201cAl\u00e9m da anima\u00e7\u00e3o regada a muita m\u00fasica e alegria, o Banho de Frevo tem o objetivo de ajudar o foli\u00e3o a se divertir. Na hora que \u00e9 disparada a \u00e1gua, \u00e9 como se o sol sumisse e o P\u00e1tio se Transformasse em uma grande arena com ar-condicionado. Vale a pena, porque j\u00e1 \u00e9 tradi\u00e7\u00e3o\u201d, comentou.<\/p>\n<p>A programa\u00e7\u00e3o continua neste domingo. Sobem ao palco do Banho de Frevo, Jo\u00e3o do Morro e N\u00e1dia Maia. No Polo Cultural, na Pra\u00e7a Pedro Coutinho, se apresentam Bois, Maracatus, Blocos L\u00edricos e Escolas de Samba.<\/p>\n","protected":false},"excerpt":{"rendered":"<p>Milhares de crian\u00e7as encheram o P\u00e1tio de Eventos Beira-Rio, no centro do Paudalho para abertura do Carnaval 2018, na manh\u00e3 deste domingo (11). A programa\u00e7\u00e3o foi iniciada pela banda infantil \u201cBal\u00e3o da Alegria\u201d e com m\u00fasica em frevo, ciranda e outros ritmos, o grupo animou a crian\u00e7ada. Veterana, a cantora Elizonete Claudina de Oliveira, popularmente [&hellip;]<\/p>\n","protected":false},"author":4,"featured_media":2524,"comment_status":"open","ping_status":"open","sticky":false,"template":"","format":"standard","meta":{"_jetpack_newsletter_access":"","_jetpack_dont_email_post_to_subs":false,"_jetpack_newsletter_tier_id":0,"_jetpack_memberships_contains_paywalled_content":false,"_jetpack_memberships_contains_paid_content":false,"footnotes":""},"categories":[6,2,1],"tags":[263,264,233,14],"class_list":["post-2516","post","type-post","status-publish","format-standard","has-post-thumbnail","hentry","category-cultura","category-destaque","category-noticias","tag-banho-de-frevo","tag-banho-de-frevo-infantil","tag-carnaval-2018","tag-paudalho"],"jetpack_featured_media_url":"https:\/\/www.paudalho.pe.gov.br\/portal\/wp-content\/uploads\/2018\/02\/IMG_1570.jpg","jetpack_sharing_enabled":true,"jetpack_shortlink":"https:\/\/wp.me\/p98mS2-EA","_links":{"self":[{"href":"https:\/\/www.paudalho.pe.gov.br\/portal\/wp-json\/wp\/v2\/posts\/2516","targetHints":{"allow":["GET"]}}],"collection":[{"href":"https:\/\/www.paudalho.pe.gov.br\/portal\/wp-json\/wp\/v2\/posts"}],"about":[{"href":"https:\/\/www.paudalho.pe.gov.br\/portal\/wp-json\/wp\/v2\/types\/post"}],"author":[{"embeddable":true,"href":"https:\/\/www.paudalho.pe.gov.br\/portal\/wp-json\/wp\/v2\/users\/4"}],"replies":[{"embeddable":true,"href":"https:\/\/www.paudalho.pe.gov.br\/portal\/wp-json\/wp\/v2\/comments?post=2516"}],"version-history":[{"count":10,"href":"https:\/\/www.paudalho.pe.gov.br\/portal\/wp-json\/wp\/v2\/posts\/2516\/revisions"}],"predecessor-version":[{"id":9705,"href":"https:\/\/www.paudalho.pe.gov.br\/portal\/wp-json\/wp\/v2\/posts\/2516\/revisions\/9705"}],"wp:featuredmedia":[{"embeddable":true,"href":"https:\/\/www.paudalho.pe.gov.br\/portal\/wp-json\/wp\/v2\/media\/2524"}],"wp:attachment":[{"href":"https:\/\/www.paudalho.pe.gov.br\/portal\/wp-json\/wp\/v2\/media?parent=2516"}],"wp:term":[{"taxonomy":"category","embeddable":true,"href":"https:\/\/www.paudalho.pe.gov.br\/portal\/wp-json\/wp\/v2\/categories?post=2516"},{"taxonomy":"post_tag","embeddable":true,"href":"https:\/\/www.paudalho.pe.gov.br\/portal\/wp-json\/wp\/v2\/tags?post=2516"}],"curies":[{"name":"wp","href":"https:\/\/api.w.org\/{rel}","templated":true}]}}