{"id":2509,"date":"2018-02-08T01:59:31","date_gmt":"2018-02-08T04:59:31","guid":{"rendered":"http:\/\/www.paudalho.pe.gov.br\/portal\/?p=2509"},"modified":"2018-02-08T02:00:50","modified_gmt":"2018-02-08T05:00:50","slug":"bois-maracatus-e-escolas-de-samba-sao-algumas-das-atracoes-do-polo-cultural-no-carnaval-em-paudalho","status":"publish","type":"post","link":"https:\/\/www.paudalho.pe.gov.br\/portal\/bois-maracatus-e-escolas-de-samba-sao-algumas-das-atracoes-do-polo-cultural-no-carnaval-em-paudalho\/","title":{"rendered":"Bois, Maracatus e Escolas de Samba s\u00e3o algumas das atra\u00e7\u00f5es do Polo Cultural no Carnaval em Paudalho"},"content":{"rendered":"<p style=\"font-weight: 400\">O Carnaval do Paudalho \u00e9 Centen\u00e1rio, diverso, ecl\u00e9tico e acolhedor. A estimativa \u00e9 que, por dia, mais de 100 mil pessoas participem da festa no Munic\u00edpio e cerca de 200 agremia\u00e7\u00f5es e blocos encham as ruas da cidade com muita folia durante todos os dias da celebra\u00e7\u00e3o.<\/p>\n<p style=\"font-weight: 400\">No per\u00edodo carnavalesco, al\u00e9m do Polo Principal, o Banho de Frevo e a vers\u00e3o infantil da programa\u00e7\u00e3o, a Prefeitura preparou apresenta\u00e7\u00f5es no Polo Cultural que ser\u00e1 montado na Pra\u00e7a Pedro Coutinho, no centro do Paudalho. Entre as atra\u00e7\u00f5es, v\u00e3o se apresentar: Bois, Maracatus e escolas de samba.<\/p>\n<p>&nbsp;<\/p>\n<p style=\"font-weight: 400\"><strong>Confira a programa\u00e7\u00e3o completa:\u00a0<\/strong><\/p>\n<table>\n<tbody>\n<tr>\n<td width=\"205\">Domingo 11\/02<\/td>\n<td width=\"205\">Segunda 12\/2<\/td>\n<td width=\"205\">Ter\u00e7a13\/02<\/td>\n<\/tr>\n<tr>\n<td width=\"205\">Boi Legal<\/p>\n<p>Boi da M\u00f4nica<\/p>\n<p>Boi Imperador<\/p>\n<p>Boi da FL<\/p>\n<p>Boi Carinhoso<\/p>\n<p>Boi Malhado<\/p>\n<p>Boi Malandro<\/p>\n<p>Cavalo Babau<\/p>\n<p>Maracatu \u00c1guia Dourada<\/p>\n<p>Maracatu Fonte do Ita\u00edba<\/p>\n<p>Maracatu Le\u00e3o Teimoso<\/p>\n<p>Caboclinho Reiamar<\/p>\n<p>Escola de Samba Unidos da Primavera<\/p>\n<p>Amantes do Luar<\/p>\n<p>Magia L\u00edrica<\/p>\n<p>Som de Serenata<\/p>\n<p>Clube Lenhadores<\/p>\n<p>Clube Cruzeiro do Sul<\/td>\n<td width=\"205\">Boi Bole Bole<\/p>\n<p>Vaca Carinhosa<\/p>\n<p>Boi Vamp<\/p>\n<p>Boi da Loca<\/p>\n<p>Boi do Cruzeiro<\/p>\n<p>Boi Alegria<\/p>\n<p>Boi Pobre<\/p>\n<p>Cavalo Babau<\/p>\n<p>Caboclinho Urub\u00e1<\/p>\n<p>Caboclinho Anamb\u00e9<\/p>\n<p>Escola de Samba Esta\u00e7\u00e3o da Primavera<\/p>\n<p>Bloco L\u00edrico Linda Flor da Mata<\/p>\n<p>Bloco L\u00edrico Som de Serenata<\/p>\n<p>Clube Estrela<\/p>\n<p>Clube Lenhadores<\/td>\n<td width=\"205\">Bloco Valdemar Ferreira<\/p>\n<p>Boi Pipoquinha<\/p>\n<p>Boi Cangaceiro<\/p>\n<p>Boi Crian\u00e7a<\/p>\n<p>Boi Timbu<\/p>\n<p>Boi Brilhoso<\/p>\n<p>Caboclinho Canind\u00e9<\/p>\n<p>Escola Gigante do Samba<\/p>\n<p>Bloco L\u00edrico Som de Serenata<\/p>\n<p>Bloco L\u00edrico Magia L\u00edrica<\/p>\n<p>Bloco L\u00edrico Amantes do Luar<\/p>\n<p>Clube Cruzeiro do Sul<\/p>\n<p>Clube Estrela<\/td>\n<\/tr>\n<\/tbody>\n<\/table>\n<h2><\/h2>\n<h2>Polo Principal<\/h2>\n<p style=\"font-weight: 400\">No tradicional Banho de Frevo que come\u00e7a no domingo (11), a programa\u00e7\u00e3o ser\u00e1 iniciada \u00e0s 14 com a Orquestra do Clube Estrela, Jo\u00e3o do Morro e N\u00e1dia Maia. J\u00e1 na segunda-feira (12), a alegria e a descontra\u00e7\u00e3o se misturam nos ritmos do MC Troia, do cantor consagrado Alceu Valen\u00e7a e da Orquestra do Clube Cruzeiro do Sul. Na ter\u00e7a-feira (13), a folia continua com a Orquestra do Clube Lenhadores, Andr\u00e9 Marreta e Chicote El\u00e9trico. Todas as apresenta\u00e7\u00f5es ser\u00e3o no P\u00e1tio de Eventos Beira-Rio, no centro da cidade.<\/p>\n<p style=\"font-weight: 400\">Banho de Frevo Infantil<\/p>\n<p style=\"font-weight: 400\">Pela primeira vez a vers\u00e3o infantil da programa\u00e7\u00e3o vai ocorrer durante os tr\u00eas dias. O Banho de Frevo Infantil come\u00e7ar\u00e1 no domingo (11) com a banda Bal\u00e3o da Alegria. Na segunda-feira (12) a crian\u00e7ada vai se divertir ao som da banda \u201cA Barca Maluca\u201d. J\u00e1 na ter\u00e7a-feira (13), a banda Bal\u00e3o da Alegria sobe novamente ao palco para animar os pequenos.<\/p>\n<p style=\"font-weight: 400\">O evento come\u00e7ar\u00e1 todos os dias a partir das 9h.\u00a0 Para o secret\u00e1rio de Cultura, Turismo, Esporte e Juventude, Jobson Oliveira, o Carnaval n\u00e3o tem idade. \u201cAs crian\u00e7as tamb\u00e9m v\u00e3o ter uma programa\u00e7\u00e3o. O Banho de Frevo Infantil tem o objetivo de proporcionar a folia para os pequenos e isso \u00e9 maravilhoso. A gest\u00e3o se preocupa com os mun\u00edcipes n\u00e3o se importando com a idade\u201d, detalhou.<\/p>\n<h2 style=\"font-weight: 400\">Homenageado<\/h2>\n<p style=\"font-weight: 400\">Eufr\u00e1sio Gouveia Nasceu em 07 de novembro de 1918 e foi o 30\u00ba\u00b7 prefeito da cidade. Desde pequeno j\u00e1 mostrava lideran\u00e7a. Enquanto esteve \u00e0 frente da Prefeitura, entre os anos de 1966 e 1969, foi considerado o grande iniciador do trabalho. Entre as centenas de a\u00e7\u00f5es que realizou podemos destacar a constru\u00e7\u00e3o da Maternidade Laura Bandeira de Melo \u2013 que abriga as instala\u00e7\u00f5es da futura Unidade de Pronto Atendimento (UPA) do Munic\u00edpio; do ent\u00e3o \u201cGin\u00e1sio\u201d Municipal de Paudalho, o atual Col\u00e9gio Municipal do Paudalho (CMP) Carmem Pinheiro Campos Gouveia \u2013 fundado em janeiro de 1969, que tem 1.389 alunos matriculados; o Est\u00e1dio Municipal, localizado no bairro da Primavera; e a constru\u00e7\u00e3o de 106 casas populares, com a cria\u00e7\u00e3o de duas vilas residenciais, sendo uma delas localizada \u00e0 margem da BR 408, conhecida como \u201cVila da Pista\u201d, e a outra, na localidade do Alto do Cruzeiro. Foi o primeiro a pavimentar ruas do Alto Dois Irm\u00e3os, Livramento, Pra\u00e7a Santa Tereza, Rua da Linha e implantou o primeiro servi\u00e7o de limpeza urbana.<\/p>\n<p style=\"font-weight: 400\">Mas, o destaque n\u00e3o foi apenas na gest\u00e3o. O ex-prefeito foi escolhido como grande homenageado do Carnaval 2018 pela sua contribui\u00e7\u00e3o cultural aos clubes e agremia\u00e7\u00f5es da cidade. Eufr\u00e1sio Gouveia, por exemplo, cedeu o terreno e construiu com recursos pr\u00f3prios o pr\u00e9dio do centen\u00e1rio Clube Estrela do Paudalho. Sempre foi um incentivador da cultura no Munic\u00edpio fomentando a festa de Momo mesmo quando n\u00e3o estava \u00e0 frente da Prefeitura.<\/p>\n<h2 style=\"font-weight: 400\">Hist\u00f3ria<\/h2>\n<p style=\"font-weight: 400\">Em 2018, Paudalho completar\u00e1 207 anos como Munic\u00edpio. Sua funda\u00e7\u00e3o ocorreu no final do s\u00e9culo XVII, pelos franciscanos em um aldeamento de \u00edndios cerca de duas l\u00e9guas do Rio Capibaribe. A hist\u00f3ria do Munic\u00edpio, que fica na Mata Norte de Pernambuco, se confunde com a trajet\u00f3ria de in\u00edcio do Estado e do Brasil. No Carnaval n\u00e3o \u00e9 diferente. A cidade tamb\u00e9m<\/p>\n","protected":false},"excerpt":{"rendered":"<p>O Carnaval do Paudalho \u00e9 Centen\u00e1rio, diverso, ecl\u00e9tico e acolhedor. A estimativa \u00e9 que, por dia, mais de 100 mil pessoas participem da festa no Munic\u00edpio e cerca de 200 agremia\u00e7\u00f5es e blocos encham as ruas da cidade com muita folia durante todos os dias da celebra\u00e7\u00e3o. No per\u00edodo carnavalesco, al\u00e9m do Polo Principal, o [&hellip;]<\/p>\n","protected":false},"author":4,"featured_media":2511,"comment_status":"open","ping_status":"open","sticky":false,"template":"","format":"standard","meta":{"_jetpack_newsletter_access":"","_jetpack_dont_email_post_to_subs":false,"_jetpack_newsletter_tier_id":0,"_jetpack_memberships_contains_paywalled_content":false,"_jetpack_memberships_contains_paid_content":false,"footnotes":""},"categories":[6,2],"tags":[38,233,262,14,261],"class_list":["post-2509","post","type-post","status-publish","format-standard","has-post-thumbnail","hentry","category-cultura","category-destaque","tag-carnaval","tag-carnaval-2018","tag-maracatus-bois","tag-paudalho","tag-polo-cultural"],"jetpack_featured_media_url":"https:\/\/www.paudalho.pe.gov.br\/portal\/wp-content\/uploads\/2018\/02\/5dd74922-78a3-45f4-9306-7690c6d0f609.jpg","jetpack_sharing_enabled":true,"jetpack_shortlink":"https:\/\/wp.me\/p98mS2-Et","_links":{"self":[{"href":"https:\/\/www.paudalho.pe.gov.br\/portal\/wp-json\/wp\/v2\/posts\/2509","targetHints":{"allow":["GET"]}}],"collection":[{"href":"https:\/\/www.paudalho.pe.gov.br\/portal\/wp-json\/wp\/v2\/posts"}],"about":[{"href":"https:\/\/www.paudalho.pe.gov.br\/portal\/wp-json\/wp\/v2\/types\/post"}],"author":[{"embeddable":true,"href":"https:\/\/www.paudalho.pe.gov.br\/portal\/wp-json\/wp\/v2\/users\/4"}],"replies":[{"embeddable":true,"href":"https:\/\/www.paudalho.pe.gov.br\/portal\/wp-json\/wp\/v2\/comments?post=2509"}],"version-history":[{"count":2,"href":"https:\/\/www.paudalho.pe.gov.br\/portal\/wp-json\/wp\/v2\/posts\/2509\/revisions"}],"predecessor-version":[{"id":2513,"href":"https:\/\/www.paudalho.pe.gov.br\/portal\/wp-json\/wp\/v2\/posts\/2509\/revisions\/2513"}],"wp:featuredmedia":[{"embeddable":true,"href":"https:\/\/www.paudalho.pe.gov.br\/portal\/wp-json\/wp\/v2\/media\/2511"}],"wp:attachment":[{"href":"https:\/\/www.paudalho.pe.gov.br\/portal\/wp-json\/wp\/v2\/media?parent=2509"}],"wp:term":[{"taxonomy":"category","embeddable":true,"href":"https:\/\/www.paudalho.pe.gov.br\/portal\/wp-json\/wp\/v2\/categories?post=2509"},{"taxonomy":"post_tag","embeddable":true,"href":"https:\/\/www.paudalho.pe.gov.br\/portal\/wp-json\/wp\/v2\/tags?post=2509"}],"curies":[{"name":"wp","href":"https:\/\/api.w.org\/{rel}","templated":true}]}}