{"id":25058,"date":"2023-03-17T20:50:47","date_gmt":"2023-03-17T23:50:47","guid":{"rendered":"https:\/\/www.paudalho.pe.gov.br\/portal\/?p=25058"},"modified":"2025-01-08T00:38:58","modified_gmt":"2025-01-08T03:38:58","slug":"prefeitura-do-paudalho-divulga-resultado-do-edital-de-chamamento-publico-para-as-festividades-culturais-2023","status":"publish","type":"post","link":"https:\/\/www.paudalho.pe.gov.br\/portal\/prefeitura-do-paudalho-divulga-resultado-do-edital-de-chamamento-publico-para-as-festividades-culturais-2023\/","title":{"rendered":"<strong>Prefeitura do Paudalho divulga resultado do Edital de Chamamento P\u00fablico para as Festividades Culturais 2023<\/strong>"},"content":{"rendered":"\n<p>A Prefeitura do Paudalho, por meio da Secretaria de Cultura, Turismo, Lazer e Juventudes, divulgou nesta sexta-feira (17) o resultado final do Edital de Chamamento P\u00fablico para as Festividades Culturais 2023.<\/p>\n\n\n\n<p>O Edital lan\u00e7ado em janeiro teve como objetivo preencher a grade de programa\u00e7\u00e3o das diversas festividades que ocorrer\u00e3o durante todo o ano de 2023, realizadas pela Prefeitura Municipal do Paudalho, atrav\u00e9s do credenciamento de atra\u00e7\u00f5es art\u00edsticas locais de diversas vertentes culturais.<\/p>\n\n\n\n<p><strong>Confira a lista:<\/strong><\/p>\n\n\n\n<div class=\"wp-block-file\"><a id=\"wp-block-file--media-119020d9-c280-4a97-a2dc-2b5e9da90d4b\" href=\"https:\/\/www.paudalho.pe.gov.br\/portal\/wp-content\/uploads\/2023\/03\/RESULTADO-Edital-para-as-Festividades-Culturais-2023.doc\">RESULTADO-Edital-para-as-Festividades-Culturais-2023<\/a><a href=\"https:\/\/www.paudalho.pe.gov.br\/portal\/wp-content\/uploads\/2023\/03\/RESULTADO-Edital-para-as-Festividades-Culturais-2023.doc\" class=\"wp-block-file__button wp-element-button\" download aria-describedby=\"wp-block-file--media-119020d9-c280-4a97-a2dc-2b5e9da90d4b\">Baixar<\/a><\/div>\n","protected":false},"excerpt":{"rendered":"<p>A Prefeitura do Paudalho, por meio da Secretaria de Cultura, Turismo, Lazer e Juventudes, divulgou nesta sexta-feira (17) o resultado final do Edital de Chamamento P\u00fablico para as Festividades Culturais 2023. O Edital lan\u00e7ado em janeiro teve como objetivo preencher a grade de programa\u00e7\u00e3o das diversas festividades que ocorrer\u00e3o durante todo o ano de 2023, [&hellip;]<\/p>\n","protected":false},"author":11,"featured_media":25060,"comment_status":"open","ping_status":"open","sticky":false,"template":"","format":"standard","meta":{"_jetpack_newsletter_access":"","_jetpack_dont_email_post_to_subs":false,"_jetpack_newsletter_tier_id":0,"_jetpack_memberships_contains_paywalled_content":false,"_jetpack_memberships_contains_paid_content":false,"footnotes":""},"categories":[6,2],"tags":[68,697,1101,238],"class_list":["post-25058","post","type-post","status-publish","format-standard","has-post-thumbnail","hentry","category-cultura","category-destaque","tag-cultura","tag-edital","tag-edital-festividades-culturais-2023","tag-secretaria-de-cultura-e-turismo"],"jetpack_featured_media_url":"https:\/\/www.paudalho.pe.gov.br\/portal\/wp-content\/uploads\/2023\/03\/CARNAVAL-PAUDALHO17.jpg","jetpack_sharing_enabled":true,"jetpack_shortlink":"https:\/\/wp.me\/p98mS2-6wa","_links":{"self":[{"href":"https:\/\/www.paudalho.pe.gov.br\/portal\/wp-json\/wp\/v2\/posts\/25058","targetHints":{"allow":["GET"]}}],"collection":[{"href":"https:\/\/www.paudalho.pe.gov.br\/portal\/wp-json\/wp\/v2\/posts"}],"about":[{"href":"https:\/\/www.paudalho.pe.gov.br\/portal\/wp-json\/wp\/v2\/types\/post"}],"author":[{"embeddable":true,"href":"https:\/\/www.paudalho.pe.gov.br\/portal\/wp-json\/wp\/v2\/users\/11"}],"replies":[{"embeddable":true,"href":"https:\/\/www.paudalho.pe.gov.br\/portal\/wp-json\/wp\/v2\/comments?post=25058"}],"version-history":[{"count":1,"href":"https:\/\/www.paudalho.pe.gov.br\/portal\/wp-json\/wp\/v2\/posts\/25058\/revisions"}],"predecessor-version":[{"id":25061,"href":"https:\/\/www.paudalho.pe.gov.br\/portal\/wp-json\/wp\/v2\/posts\/25058\/revisions\/25061"}],"wp:featuredmedia":[{"embeddable":true,"href":"https:\/\/www.paudalho.pe.gov.br\/portal\/wp-json\/wp\/v2\/media\/25060"}],"wp:attachment":[{"href":"https:\/\/www.paudalho.pe.gov.br\/portal\/wp-json\/wp\/v2\/media?parent=25058"}],"wp:term":[{"taxonomy":"category","embeddable":true,"href":"https:\/\/www.paudalho.pe.gov.br\/portal\/wp-json\/wp\/v2\/categories?post=25058"},{"taxonomy":"post_tag","embeddable":true,"href":"https:\/\/www.paudalho.pe.gov.br\/portal\/wp-json\/wp\/v2\/tags?post=25058"}],"curies":[{"name":"wp","href":"https:\/\/api.w.org\/{rel}","templated":true}]}}