{"id":24977,"date":"2023-03-10T13:27:51","date_gmt":"2023-03-10T16:27:51","guid":{"rendered":"https:\/\/www.paudalho.pe.gov.br\/portal\/?p=24977"},"modified":"2025-01-08T00:38:58","modified_gmt":"2025-01-08T03:38:58","slug":"paudalho-anuncia-nova-faixa-etaria-para-a-vacinacao-bivalente-contra-a-covid-19","status":"publish","type":"post","link":"https:\/\/www.paudalho.pe.gov.br\/portal\/paudalho-anuncia-nova-faixa-etaria-para-a-vacinacao-bivalente-contra-a-covid-19\/","title":{"rendered":"<strong>Paudalho anuncia nova faixa et\u00e1ria para a vacina\u00e7\u00e3o bivalente contra a Covid-19<\/strong>"},"content":{"rendered":"\n<p>A Prefeitura do Paudalho continua no combate ao v\u00edrus da Covid-19. Nesta semana foi aberta a vacina\u00e7\u00e3o para idosos a partir de 60 anos para a imuniza\u00e7\u00e3o com a vacina bivalente da Pfizer, que protege contra a cepa original do coronav\u00edrus, a variante \u00d4micron e as suas subvariantes. A cidade iniciou a aplica\u00e7\u00e3o do imunizante no Drive-thru de vacina\u00e7\u00e3o, localizado na Pra\u00e7a Pedro Coutinho, no Centro, com atendimento na segunda-feira, quarta-feira e sexta-feira, das 10h \u00e0s 19h, e na Unidade B\u00e1sica de Sa\u00fade no Loteamento Boboc\u00e3o todos os dias.<\/p>\n\n\n\n<p>Al\u00e9m dessa faixa et\u00e1ria, a vacina\u00e7\u00e3o bivalente ser\u00e1 aplicada em outros grupos priorit\u00e1rios, sendo eles: pacientes imunossuprimidos, pessoas vivendo em ILPs (Institui\u00e7\u00f5es de Longa Perman\u00eancia) e popula\u00e7\u00f5es de comunidades ind\u00edgenas, ribeirinhas e quilombolas.<\/p>\n","protected":false},"excerpt":{"rendered":"<p>A Prefeitura do Paudalho continua no combate ao v\u00edrus da Covid-19. Nesta semana foi aberta a vacina\u00e7\u00e3o para idosos a partir de 60 anos para a imuniza\u00e7\u00e3o com a vacina bivalente da Pfizer, que protege contra a cepa original do coronav\u00edrus, a variante \u00d4micron e as suas subvariantes. A cidade iniciou a aplica\u00e7\u00e3o do imunizante [&hellip;]<\/p>\n","protected":false},"author":11,"featured_media":24978,"comment_status":"open","ping_status":"open","sticky":false,"template":"","format":"standard","meta":{"_jetpack_newsletter_access":"","_jetpack_dont_email_post_to_subs":false,"_jetpack_newsletter_tier_id":0,"_jetpack_memberships_contains_paywalled_content":false,"_jetpack_memberships_contains_paid_content":false,"footnotes":""},"categories":[732,2,1,3],"tags":[16,1130,314,738],"class_list":["post-24977","post","type-post","status-publish","format-standard","has-post-thumbnail","hentry","category-covid-19","category-destaque","category-noticias","category-saude","tag-saude","tag-vacina-bivalente","tag-vacinacao","tag-vacinacao-contra-a-covid-19"],"jetpack_featured_media_url":"https:\/\/www.paudalho.pe.gov.br\/portal\/wp-content\/uploads\/2023\/03\/VACINA-BIVALENTE-PAUDALHO.jpg","jetpack_sharing_enabled":true,"jetpack_shortlink":"https:\/\/wp.me\/p98mS2-6uR","_links":{"self":[{"href":"https:\/\/www.paudalho.pe.gov.br\/portal\/wp-json\/wp\/v2\/posts\/24977","targetHints":{"allow":["GET"]}}],"collection":[{"href":"https:\/\/www.paudalho.pe.gov.br\/portal\/wp-json\/wp\/v2\/posts"}],"about":[{"href":"https:\/\/www.paudalho.pe.gov.br\/portal\/wp-json\/wp\/v2\/types\/post"}],"author":[{"embeddable":true,"href":"https:\/\/www.paudalho.pe.gov.br\/portal\/wp-json\/wp\/v2\/users\/11"}],"replies":[{"embeddable":true,"href":"https:\/\/www.paudalho.pe.gov.br\/portal\/wp-json\/wp\/v2\/comments?post=24977"}],"version-history":[{"count":1,"href":"https:\/\/www.paudalho.pe.gov.br\/portal\/wp-json\/wp\/v2\/posts\/24977\/revisions"}],"predecessor-version":[{"id":24979,"href":"https:\/\/www.paudalho.pe.gov.br\/portal\/wp-json\/wp\/v2\/posts\/24977\/revisions\/24979"}],"wp:featuredmedia":[{"embeddable":true,"href":"https:\/\/www.paudalho.pe.gov.br\/portal\/wp-json\/wp\/v2\/media\/24978"}],"wp:attachment":[{"href":"https:\/\/www.paudalho.pe.gov.br\/portal\/wp-json\/wp\/v2\/media?parent=24977"}],"wp:term":[{"taxonomy":"category","embeddable":true,"href":"https:\/\/www.paudalho.pe.gov.br\/portal\/wp-json\/wp\/v2\/categories?post=24977"},{"taxonomy":"post_tag","embeddable":true,"href":"https:\/\/www.paudalho.pe.gov.br\/portal\/wp-json\/wp\/v2\/tags?post=24977"}],"curies":[{"name":"wp","href":"https:\/\/api.w.org\/{rel}","templated":true}]}}