{"id":24937,"date":"2023-03-08T13:50:35","date_gmt":"2023-03-08T16:50:35","guid":{"rendered":"https:\/\/www.paudalho.pe.gov.br\/portal\/?p=24937"},"modified":"2025-01-08T00:38:58","modified_gmt":"2025-01-08T03:38:58","slug":"prefeitura-do-paudalho-divulga-programacao-da-vi-semana-da-mulher","status":"publish","type":"post","link":"https:\/\/www.paudalho.pe.gov.br\/portal\/prefeitura-do-paudalho-divulga-programacao-da-vi-semana-da-mulher\/","title":{"rendered":"<strong>Prefeitura do Paudalho divulga programa\u00e7\u00e3o da VI Semana Da Mulher<\/strong>"},"content":{"rendered":"\n<p>Dia 8 de mar\u00e7o \u00e9 comemorado o Dia Internacional das Mulheres, e para celebrar a luta e as vit\u00f3rias das guerreiras que movem o mundo, a Prefeitura do Paudalho, por meio da Secretaria de Desenvolvimento e Assist\u00eancia Social e da Coordenadoria da Mulher, realiza a VI Semana Da Mulher. Com o tema \u201c<em>Por um mundo digital inclusivo: Inova\u00e7\u00e3o e tecnologia para igualdade de g\u00eanero<\/em>\u201d, a programa\u00e7\u00e3o ocorre durante 11 dias, com o in\u00edcio a partir desta quarta-feira (8) at\u00e9 o domingo (26).<\/p>\n\n\n\n<p>Com atividades voltadas ao empoderamento e \u00e0 uni\u00e3o feminina, o evento ter\u00e1 participa\u00e7\u00e3o de profissionais da sa\u00fade e da educa\u00e7\u00e3o, com palestras, atividades recreativas, rodas de conversa, passeio cicl\u00edstico, e caminhada ecol\u00f3gica. Para participar, \u00e9 necess\u00e1rio apenas comparecer aos locais das a\u00e7\u00f5es nos hor\u00e1rios indicados.&nbsp;<\/p>\n\n\n\n<p><strong>Homenagens<\/strong><\/p>\n\n\n\n<p>Nesta sexta edi\u00e7\u00e3o do projeto ser\u00e3o homenageadas 12 mulheres paudalhenses que contribu\u00edram de forma imensur\u00e1vel em suas devidas \u00e1reas de especialidade. S\u00e3o elas: La\u00eds Correia de Figueiredo, professora; Maria Bernadete Almeira, professora; Joseane Costa Monteiro, coordenadora dos conselhos; Cl\u00e1udia Maria Povoleri Fuchs, Ex-Primeira Dama; Maria de F\u00e1tima Bento Pedrosa, Diretora do Col\u00e9gio Nossa Senhora de F\u00e1tima; Josefa Severina da Silva, fundadora e dona da Escola Educand\u00e1rio Santa Ana; Maria Cristina Gomes Guerra, fundadora do Boi Bole Bole; Rinete de Melo Rangel, primeira mulher vereadora do munic\u00edpio; Maria Doricea Gusm\u00e3o Magalh\u00e3es, professora; Maria das Neves da Silva, professora; Marta Maria Silva Lira, professora; e Alzenir Beltr\u00e3o Isidoro da Silva, professora.<\/p>\n\n\n\n<p>As homenageadas, ou os familiares daquelas que j\u00e1 faleceram, receber\u00e3o um pr\u00eamio simb\u00f3lico durante a Solenidade de Abertura do M\u00eas da Mulher, no primeiro dia de atividades, a partir das 13h30, realizada na Quadra Coberta da Academia da Cidade, localizada no Centro de Paudalho.<\/p>\n\n\n\n<p><strong>SERVI\u00c7O:<\/strong><\/p>\n\n\n\n<p>Data: 8 a 26 de Mar\u00e7o de 2023<\/p>\n\n\n\n<p>Tema: Por um mundo digital inclusivo: Inova\u00e7\u00e3o e tecnologia para igualdade de g\u00eanero<\/p>\n\n\n\n<p><strong>PROGRAMA\u00c7\u00c3O COMPLETA:<\/strong><\/p>\n\n\n\n<p><strong>08 de Mar\u00e7o<\/strong><\/p>\n\n\n\n<p>Hor\u00e1rio: A partir de 6h<\/p>\n\n\n\n<p>Atividades recreativas, na Academia da Sa\u00fade e palestra<\/p>\n\n\n\n<p>Local: Escola Elisa Fidelis em Rosarinho \u2013 Paudalho\/PE<\/p>\n\n\n\n<p>Hor\u00e1rio: A partir das 13h30<\/p>\n\n\n\n<p>Solenidade de Abertura do M\u00eas da Mulher<\/p>\n\n\n\n<p>Atividades: Mesa de abertura, apresenta\u00e7\u00e3o do Servi\u00e7o de Conviv\u00eancia, sorteios, rodas de conversa e din\u00e2micas.<\/p>\n\n\n\n<p>Local: Quadra Coberta da Academia da Cidade \u2013 Centro \u2013 Paudalho &#8211; PE<\/p>\n\n\n\n<p><strong>09 de Mar\u00e7o<\/strong><\/p>\n\n\n\n<p>Hor\u00e1rio: A partir de 6h<\/p>\n\n\n\n<p>Atividades recreativas na Academia da Sa\u00fade em Guadalajara e rodas de conversa<\/p>\n\n\n\n<p><strong>12 de Mar\u00e7o<\/strong><\/p>\n\n\n\n<p>Hor\u00e1rio: A partir de 8h<\/p>\n\n\n\n<p>Passeio cicl\u00edstico em dire\u00e7\u00e3o a Pedreira<\/p>\n\n\n\n<p>Local: Sa\u00edda da Academia da Sa\u00fade do Centro<\/p>\n\n\n\n<p><strong>13 de Mar\u00e7o<\/strong><\/p>\n\n\n\n<p>Hor\u00e1rio: A partir de 8h<\/p>\n\n\n\n<p>Palestras na UBS Santa Tereza com a psic\u00f3loga do Minha casa, Minha Vida, Renata Ara\u00fajo<\/p>\n\n\n\n<p><strong>14 de Mar\u00e7o<\/strong><\/p>\n\n\n\n<p>Hor\u00e1rio: A partir de 8h<\/p>\n\n\n\n<p>Palestras na UBS Alto dois Irm\u00e3os com a psic\u00f3loga do Creas, Ligia Carolina<\/p>\n\n\n\n<p><strong>15 de Mar\u00e7o<\/strong><\/p>\n\n\n\n<p>Hor\u00e1rio: A partir de 8h<\/p>\n\n\n\n<p>Palestras na UBS Centro com a Coordenadora da Mulher, Cida Galv\u00e3o<\/p>\n\n\n\n<p><strong>20 de Mar\u00e7o<\/strong><\/p>\n\n\n\n<p>Hor\u00e1rio: A partir de 14h<\/p>\n\n\n\n<p>Palestra na Escola Manoel da Rosa com o psic\u00f3logo do Fam\u00edlia Acolhedora, Jo\u00e3o Carlos<\/p>\n\n\n\n<p><strong>21 de Mar\u00e7o<\/strong><\/p>\n\n\n\n<p>Hor\u00e1rio: A partir de 14h<\/p>\n\n\n\n<p>Palestra no Col\u00e9gio Municipal de Paudalho (CMP), com a psic\u00f3loga do CREAS, Debora H\u00e9lem<\/p>\n\n\n\n<p><strong>23 de Mar\u00e7o<\/strong><\/p>\n\n\n\n<p>Hor\u00e1rio: A partir de 14h<\/p>\n\n\n\n<p>Palestra no Col\u00e9gio Municipal de Guadalajara (CMG), com a psic\u00f3loga do CRAS, Gra\u00e7a Freitas<\/p>\n\n\n\n<p><strong>24 de Mar\u00e7o<\/strong><\/p>\n\n\n\n<p>Hor\u00e1rio: A partir de 14h<\/p>\n\n\n\n<p>Palestra na Escola Tancredo Neves, com a psic\u00f3loga do CREAS, Ligia Carolina<\/p>\n\n\n\n<p><strong>26 de Mar\u00e7o<\/strong><\/p>\n\n\n\n<p>Hor\u00e1rio: A partir de 6h<\/p>\n\n\n\n<p>Encerramento do M\u00eas da Mulher com uma Caminhada Ecol\u00f3gica com o apoio de professores de Educa\u00e7\u00e3o F\u00edsica<\/p>\n\n\n\n<p>Local: Sa\u00edda da Academia da Sa\u00fade<\/p>\n","protected":false},"excerpt":{"rendered":"<p>Dia 8 de mar\u00e7o \u00e9 comemorado o Dia Internacional das Mulheres, e para celebrar a luta e as vit\u00f3rias das guerreiras que movem o mundo, a Prefeitura do Paudalho, por meio da Secretaria de Desenvolvimento e Assist\u00eancia Social e da Coordenadoria da Mulher, realiza a VI Semana Da Mulher. Com o tema \u201cPor um mundo [&hellip;]<\/p>\n","protected":false},"author":11,"featured_media":24938,"comment_status":"open","ping_status":"open","sticky":false,"template":"","format":"standard","meta":{"_jetpack_newsletter_access":"","_jetpack_dont_email_post_to_subs":false,"_jetpack_newsletter_tier_id":0,"_jetpack_memberships_contains_paywalled_content":false,"_jetpack_memberships_contains_paid_content":false,"footnotes":""},"categories":[850,2,1],"tags":[1135,1132,1134,1133],"class_list":["post-24937","post","type-post","status-publish","format-standard","has-post-thumbnail","hentry","category-assistencia-social","category-destaque","category-noticias","tag-dia-internacional-da-mulher","tag-secretaria-de-assistencia-social","tag-semana-da-mulher","tag-vi-semana-da-mulher"],"jetpack_featured_media_url":"https:\/\/www.paudalho.pe.gov.br\/portal\/wp-content\/uploads\/2023\/03\/PMP-FEED-MULHER.png","jetpack_sharing_enabled":true,"jetpack_shortlink":"https:\/\/wp.me\/p98mS2-6ud","_links":{"self":[{"href":"https:\/\/www.paudalho.pe.gov.br\/portal\/wp-json\/wp\/v2\/posts\/24937","targetHints":{"allow":["GET"]}}],"collection":[{"href":"https:\/\/www.paudalho.pe.gov.br\/portal\/wp-json\/wp\/v2\/posts"}],"about":[{"href":"https:\/\/www.paudalho.pe.gov.br\/portal\/wp-json\/wp\/v2\/types\/post"}],"author":[{"embeddable":true,"href":"https:\/\/www.paudalho.pe.gov.br\/portal\/wp-json\/wp\/v2\/users\/11"}],"replies":[{"embeddable":true,"href":"https:\/\/www.paudalho.pe.gov.br\/portal\/wp-json\/wp\/v2\/comments?post=24937"}],"version-history":[{"count":1,"href":"https:\/\/www.paudalho.pe.gov.br\/portal\/wp-json\/wp\/v2\/posts\/24937\/revisions"}],"predecessor-version":[{"id":24939,"href":"https:\/\/www.paudalho.pe.gov.br\/portal\/wp-json\/wp\/v2\/posts\/24937\/revisions\/24939"}],"wp:featuredmedia":[{"embeddable":true,"href":"https:\/\/www.paudalho.pe.gov.br\/portal\/wp-json\/wp\/v2\/media\/24938"}],"wp:attachment":[{"href":"https:\/\/www.paudalho.pe.gov.br\/portal\/wp-json\/wp\/v2\/media?parent=24937"}],"wp:term":[{"taxonomy":"category","embeddable":true,"href":"https:\/\/www.paudalho.pe.gov.br\/portal\/wp-json\/wp\/v2\/categories?post=24937"},{"taxonomy":"post_tag","embeddable":true,"href":"https:\/\/www.paudalho.pe.gov.br\/portal\/wp-json\/wp\/v2\/tags?post=24937"}],"curies":[{"name":"wp","href":"https:\/\/api.w.org\/{rel}","templated":true}]}}