{"id":24895,"date":"2023-03-02T11:12:23","date_gmt":"2023-03-02T14:12:23","guid":{"rendered":"https:\/\/www.paudalho.pe.gov.br\/portal\/?p=24895"},"modified":"2025-01-08T00:38:59","modified_gmt":"2025-01-08T03:38:59","slug":"paudalho-inicia-imunizacao-com-a-vacina-bivalente-contra-a-covid-19","status":"publish","type":"post","link":"https:\/\/www.paudalho.pe.gov.br\/portal\/paudalho-inicia-imunizacao-com-a-vacina-bivalente-contra-a-covid-19\/","title":{"rendered":"Paudalho inicia imuniza\u00e7\u00e3o com a vacina bivalente contra a Covid-19"},"content":{"rendered":"\n<p>Uma nova etapa no combate ao v\u00edrus da Covid-19 come\u00e7ou no Brasil com a chegada da vacina bivalente da Pfizer, que protege contra a cepa original do coronav\u00edrus, a variante \u00d4micron e as suas subvariantes. E o munic\u00edpio de Paudalho j\u00e1 entrou nessa luta. A cidade recebeu do Governo Federal 700 doses, e desde segunda-feira (2) a cidade iniciou a aplica\u00e7\u00e3o do imunizante no Drive-thru de vacina\u00e7\u00e3o, localizado na Pra\u00e7a Pedro Coutinho, no Centro. Os atendimentos ocorrem na segunda-feira, quarta-feira e sexta-feira, das 10h \u00e0s 19h.<\/p>\n\n\n\n<p>Por indica\u00e7\u00e3o do Minist\u00e9rio da Sa\u00fade, a vacina\u00e7\u00e3o bivalente ser\u00e1 aplicada em grupos priorit\u00e1rios, escalonada em etapas com cinco fases. Nesta primeira fase, est\u00e3o aptos para receber o imunizante: pessoas acima de 70 anos, pacientes imunossuprimidos, pessoas vivendo em ILPs (Institui\u00e7\u00f5es de Longa Perman\u00eancia) e popula\u00e7\u00f5es de comunidades ind\u00edgenas, ribeirinhas e quilombolas.<\/p>\n\n\n\n<p><strong>Paudalho contra o v\u00edrus<\/strong><\/p>\n\n\n\n<p>Desde o in\u00edcio da pandemia, Paudalho sabe da import\u00e2ncia da atua\u00e7\u00e3o dos \u00f3rg\u00e3os p\u00fablicos para a efic\u00e1cia da preven\u00e7\u00e3o e combate ao v\u00edrus. Por isso, tem realizado a\u00e7\u00f5es cont\u00ednuas para enfrentar a doen\u00e7a e proteger seus mun\u00edcipes, como a inaugura\u00e7\u00e3o do sistema de atendimento di\u00e1rio Drive-thru, pontos itinerantes de vacina\u00e7\u00e3o para chegar em lugares mais remotos da cidade, higieniza\u00e7\u00e3o refor\u00e7ada em ruas e espa\u00e7os p\u00fablicos, monitoramento ativo do avan\u00e7o da doen\u00e7a, campanhas de conscientiza\u00e7\u00e3o, entre outros servi\u00e7os.<\/p>\n","protected":false},"excerpt":{"rendered":"<p>Uma nova etapa no combate ao v\u00edrus da Covid-19 come\u00e7ou no Brasil com a chegada da vacina bivalente da Pfizer, que protege contra a cepa original do coronav\u00edrus, a variante \u00d4micron e as suas subvariantes. E o munic\u00edpio de Paudalho j\u00e1 entrou nessa luta. A cidade recebeu do Governo Federal 700 doses, e desde segunda-feira [&hellip;]<\/p>\n","protected":false},"author":11,"featured_media":24896,"comment_status":"open","ping_status":"open","sticky":false,"template":"","format":"standard","meta":{"_jetpack_newsletter_access":"","_jetpack_dont_email_post_to_subs":false,"_jetpack_newsletter_tier_id":0,"_jetpack_memberships_contains_paywalled_content":false,"_jetpack_memberships_contains_paid_content":false,"footnotes":""},"categories":[732,2,1,3],"tags":[622,16,1130,738],"class_list":["post-24895","post","type-post","status-publish","format-standard","has-post-thumbnail","hentry","category-covid-19","category-destaque","category-noticias","category-saude","tag-covid-19","tag-saude","tag-vacina-bivalente","tag-vacinacao-contra-a-covid-19"],"jetpack_featured_media_url":"https:\/\/www.paudalho.pe.gov.br\/portal\/wp-content\/uploads\/2023\/03\/Vacinacao-Bivalente-Paudalho-04.jpg","jetpack_sharing_enabled":true,"jetpack_shortlink":"https:\/\/wp.me\/p98mS2-6tx","_links":{"self":[{"href":"https:\/\/www.paudalho.pe.gov.br\/portal\/wp-json\/wp\/v2\/posts\/24895","targetHints":{"allow":["GET"]}}],"collection":[{"href":"https:\/\/www.paudalho.pe.gov.br\/portal\/wp-json\/wp\/v2\/posts"}],"about":[{"href":"https:\/\/www.paudalho.pe.gov.br\/portal\/wp-json\/wp\/v2\/types\/post"}],"author":[{"embeddable":true,"href":"https:\/\/www.paudalho.pe.gov.br\/portal\/wp-json\/wp\/v2\/users\/11"}],"replies":[{"embeddable":true,"href":"https:\/\/www.paudalho.pe.gov.br\/portal\/wp-json\/wp\/v2\/comments?post=24895"}],"version-history":[{"count":1,"href":"https:\/\/www.paudalho.pe.gov.br\/portal\/wp-json\/wp\/v2\/posts\/24895\/revisions"}],"predecessor-version":[{"id":24897,"href":"https:\/\/www.paudalho.pe.gov.br\/portal\/wp-json\/wp\/v2\/posts\/24895\/revisions\/24897"}],"wp:featuredmedia":[{"embeddable":true,"href":"https:\/\/www.paudalho.pe.gov.br\/portal\/wp-json\/wp\/v2\/media\/24896"}],"wp:attachment":[{"href":"https:\/\/www.paudalho.pe.gov.br\/portal\/wp-json\/wp\/v2\/media?parent=24895"}],"wp:term":[{"taxonomy":"category","embeddable":true,"href":"https:\/\/www.paudalho.pe.gov.br\/portal\/wp-json\/wp\/v2\/categories?post=24895"},{"taxonomy":"post_tag","embeddable":true,"href":"https:\/\/www.paudalho.pe.gov.br\/portal\/wp-json\/wp\/v2\/tags?post=24895"}],"curies":[{"name":"wp","href":"https:\/\/api.w.org\/{rel}","templated":true}]}}