{"id":2489,"date":"2018-02-04T04:42:41","date_gmt":"2018-02-04T07:42:41","guid":{"rendered":"http:\/\/www.paudalho.pe.gov.br\/portal\/?p=2489"},"modified":"2018-02-04T04:44:22","modified_gmt":"2018-02-04T07:44:22","slug":"confira-a-programacao-dos-desfiles-de-blocos-e-agremiacoes-na-semana-pre-carnaval","status":"publish","type":"post","link":"https:\/\/www.paudalho.pe.gov.br\/portal\/confira-a-programacao-dos-desfiles-de-blocos-e-agremiacoes-na-semana-pre-carnaval\/","title":{"rendered":"Confira a programa\u00e7\u00e3o dos desfiles de blocos e agremia\u00e7\u00f5es na semana pr\u00e9-carnaval"},"content":{"rendered":"<p>Nosso Carnaval j\u00e1 movimenta a cidade. Paudalho teve o privil\u00e9gio de abrir a programa\u00e7\u00e3o de Momo, no Estado, com o Bloco da Bolacha, no dia primeiro de janeiro, e agora, a poucos dias da semana carnavalesca os desfiles dos blocos e agremia\u00e7\u00f5es continuam agitando os foli\u00f5es do Munic\u00edpio.\u00a0 As pr\u00e9vias come\u00e7aram desde o dia 29 de janeiro e seguem at\u00e9 o dia 12. <strong>Confira a programa\u00e7\u00e3o completa na \u00edntegra:<\/strong><\/p>\n<table width=\"640\">\n<tbody>\n<tr>\n<td width=\"57\">DIA<\/td>\n<td width=\"176\">ATRA\u00c7\u00c3O<\/td>\n<td width=\"100\">INICIO TERMINO<\/td>\n<td width=\"180\">LOCAL DE SA\u00cdDA<\/td>\n<td width=\"127\">P\u00daBLICO ESTIMADO<\/td>\n<\/tr>\n<\/tbody>\n<\/table>\n<table width=\"640\">\n<tbody>\n<tr>\n<td width=\"57\">\n<table width=\"640\">\n<tbody>\n<tr>\n<td width=\"57\">04\/02<\/td>\n<td width=\"176\">AS FUXIQUEIRAS<\/td>\n<td width=\"100\">17 \u00e1s 23 horas<\/td>\n<td width=\"180\">ALTO DOIS IRM\u00c3OS<\/td>\n<td width=\"127\">1.000<\/td>\n<\/tr>\n<tr>\n<td width=\"57\">04\/02<\/td>\n<td width=\"176\">BLOCO LOCOMOTIVA<\/td>\n<td width=\"100\">15 \u00e0s 22 horas<\/td>\n<td width=\"180\">PRA\u00c7A HERCULANO BANDEIRA<\/td>\n<td width=\"127\">10.000<\/td>\n<\/tr>\n<tr>\n<td width=\"57\">05\/02<\/td>\n<td width=\"176\">BLOCO DO PINGU\u00c7O<\/td>\n<td width=\"100\">20 \u00e0s 23 horas<\/td>\n<td width=\"180\">RUA DA LINHA<\/td>\n<td width=\"127\">3.000<\/td>\n<\/tr>\n<tr>\n<td width=\"57\">05\/02<\/td>\n<td width=\"176\">BLOCO DOS INSTRUMENTOS<\/td>\n<td width=\"100\">20 \u00e0s 23 horas<\/td>\n<td width=\"180\">RUA TIRADENTES<\/td>\n<td width=\"127\">3.000<\/td>\n<\/tr>\n<tr>\n<td width=\"57\">06\/02<\/td>\n<td width=\"176\">ENSAIO GERAL DO CLUBE CRUZEIRO DO SUL<\/td>\n<td width=\"100\">20 \u00e0s 23 horas<\/td>\n<td width=\"180\">ALTO DOIS IRM\u00c3OS<\/td>\n<td width=\"127\">10.000<\/td>\n<\/tr>\n<tr>\n<td width=\"57\">07\/02<\/td>\n<td width=\"176\">ENSAIO GERAL DO CLUBE LENHADORES DE\u00a0 PAUDALHO<\/td>\n<td width=\"100\">20 \u00e0s 23 horas<\/td>\n<td width=\"180\">PRA\u00c7A PEDRO COUTINHO<\/td>\n<td width=\"127\">15.000<\/td>\n<\/tr>\n<tr>\n<td width=\"57\">08\/02<\/td>\n<td width=\"176\">NA PEGADA\u00a0 GG<\/td>\n<td width=\"100\">20 \u00e0s 23 horas<\/td>\n<td width=\"180\">PRA\u00c7A HERCULANO BANDEIRA<\/td>\n<td width=\"127\">10.000<\/td>\n<\/tr>\n<tr>\n<td width=\"57\">09\/02<\/td>\n<td width=\"176\">AS DONZELAS<\/td>\n<td width=\"100\">20 \u00e0s 23 horas<\/td>\n<td width=\"180\">PRA\u00c7A S\u00c3O MIGUEL<\/td>\n<td width=\"127\">10.000<\/td>\n<\/tr>\n<tr>\n<td width=\"57\">10\/02<\/td>\n<td width=\"176\">QUEM FOR CORNO VENHA<\/td>\n<td width=\"100\">20 \u00e0s 23 horas<\/td>\n<td width=\"180\">RUA PACHECO FILHO<\/td>\n<td width=\"127\">3.000<\/td>\n<\/tr>\n<tr>\n<td width=\"57\">10\/02<\/td>\n<td width=\"176\">\u00a0O CABAR\u00c9<\/td>\n<td width=\"100\">19H<\/td>\n<td width=\"180\">ALTO DOIS IRM\u00c3OS<\/td>\n<td width=\"127\">2.000<\/td>\n<\/tr>\n<tr>\n<td width=\"57\">12\/02<\/td>\n<td width=\"176\">BLOCO DO PINGU\u00c7O<\/td>\n<td width=\"100\">20 \u00e0s 23 horas<\/td>\n<td width=\"180\">RUA DA LINHA<\/td>\n<td width=\"127\">2.000<\/td>\n<\/tr>\n<tr>\n<td width=\"57\">12\/02<\/td>\n<td width=\"176\">TORA PAU<\/td>\n<td width=\"100\">20 \u00e0s 23 horas<\/td>\n<td width=\"180\">ALTO SANTA TEREZA<\/td>\n<td width=\"127\">2.000<\/td>\n<\/tr>\n<\/tbody>\n<\/table>\n<\/td>\n<td width=\"176\"><\/td>\n<td width=\"100\"><\/td>\n<td width=\"180\"><\/td>\n<td width=\"127\"><\/td>\n<\/tr>\n<\/tbody>\n<\/table>\n","protected":false},"excerpt":{"rendered":"<p>Nosso Carnaval j\u00e1 movimenta a cidade. Paudalho teve o privil\u00e9gio de abrir a programa\u00e7\u00e3o de Momo, no Estado, com o Bloco da Bolacha, no dia primeiro de janeiro, e agora, a poucos dias da semana carnavalesca os desfiles dos blocos e agremia\u00e7\u00f5es continuam agitando os foli\u00f5es do Munic\u00edpio.\u00a0 As pr\u00e9vias come\u00e7aram desde o dia 29 [&hellip;]<\/p>\n","protected":false},"author":4,"featured_media":2491,"comment_status":"open","ping_status":"open","sticky":false,"template":"","format":"standard","meta":{"_jetpack_newsletter_access":"","_jetpack_dont_email_post_to_subs":false,"_jetpack_newsletter_tier_id":0,"_jetpack_memberships_contains_paywalled_content":false,"_jetpack_memberships_contains_paid_content":false,"footnotes":""},"categories":[6,2],"tags":[259,38,260,22],"class_list":["post-2489","post","type-post","status-publish","format-standard","has-post-thumbnail","hentry","category-cultura","category-destaque","tag-blocos","tag-carnaval","tag-desfiles","tag-prefeitura-do-paudalho"],"jetpack_featured_media_url":"https:\/\/www.paudalho.pe.gov.br\/portal\/wp-content\/uploads\/2018\/02\/PR\u00c9-CARNAVAL.png","jetpack_sharing_enabled":true,"jetpack_shortlink":"https:\/\/wp.me\/p98mS2-E9","_links":{"self":[{"href":"https:\/\/www.paudalho.pe.gov.br\/portal\/wp-json\/wp\/v2\/posts\/2489","targetHints":{"allow":["GET"]}}],"collection":[{"href":"https:\/\/www.paudalho.pe.gov.br\/portal\/wp-json\/wp\/v2\/posts"}],"about":[{"href":"https:\/\/www.paudalho.pe.gov.br\/portal\/wp-json\/wp\/v2\/types\/post"}],"author":[{"embeddable":true,"href":"https:\/\/www.paudalho.pe.gov.br\/portal\/wp-json\/wp\/v2\/users\/4"}],"replies":[{"embeddable":true,"href":"https:\/\/www.paudalho.pe.gov.br\/portal\/wp-json\/wp\/v2\/comments?post=2489"}],"version-history":[{"count":3,"href":"https:\/\/www.paudalho.pe.gov.br\/portal\/wp-json\/wp\/v2\/posts\/2489\/revisions"}],"predecessor-version":[{"id":2494,"href":"https:\/\/www.paudalho.pe.gov.br\/portal\/wp-json\/wp\/v2\/posts\/2489\/revisions\/2494"}],"wp:featuredmedia":[{"embeddable":true,"href":"https:\/\/www.paudalho.pe.gov.br\/portal\/wp-json\/wp\/v2\/media\/2491"}],"wp:attachment":[{"href":"https:\/\/www.paudalho.pe.gov.br\/portal\/wp-json\/wp\/v2\/media?parent=2489"}],"wp:term":[{"taxonomy":"category","embeddable":true,"href":"https:\/\/www.paudalho.pe.gov.br\/portal\/wp-json\/wp\/v2\/categories?post=2489"},{"taxonomy":"post_tag","embeddable":true,"href":"https:\/\/www.paudalho.pe.gov.br\/portal\/wp-json\/wp\/v2\/tags?post=2489"}],"curies":[{"name":"wp","href":"https:\/\/api.w.org\/{rel}","templated":true}]}}