{"id":24790,"date":"2023-02-20T15:57:52","date_gmt":"2023-02-20T18:57:52","guid":{"rendered":"https:\/\/www.paudalho.pe.gov.br\/portal\/?p=24790"},"modified":"2025-01-08T00:38:59","modified_gmt":"2025-01-08T03:38:59","slug":"carnaval-multicultural-do-paudalho-apresenta-desfiles-de-blocos-liricos-clubes-carnavalescos-maracatus-bois-bumba-e-caboclinhos-no-polo-cultural","status":"publish","type":"post","link":"https:\/\/www.paudalho.pe.gov.br\/portal\/carnaval-multicultural-do-paudalho-apresenta-desfiles-de-blocos-liricos-clubes-carnavalescos-maracatus-bois-bumba-e-caboclinhos-no-polo-cultural\/","title":{"rendered":"<strong>Carnaval Multicultural do Paudalho apresenta desfiles de blocos l\u00edricos, clubes carnavalescos, maracatus, bois-bumb\u00e1 e caboclinhos no Polo Cultural<\/strong>"},"content":{"rendered":"\n<p>Neste ano, a tradicional festa de Momo do Paudalho tem como tema &#8220;Carnaval Multicultural: Um Turbilh\u00e3o de Saudades&#8221; e \u00e9 no Polo Cultural, localizado na Pra\u00e7a Pedro Coutinho, Centro da cidade, onde as diversas express\u00f5es art\u00edsticas populares de Pernambuco recebem o holofote principal da celebra\u00e7\u00e3o.<\/p>\n\n\n\n<p>No domingo (19) e nesta segunda-feira (20), com o in\u00edcio das apresenta\u00e7\u00f5es \u00e0s 9h, pela manh\u00e3 o p\u00fablico j\u00e1 p\u00f4de acompanhar apresenta\u00e7\u00f5es de caboclinhos, maracatus e o desfile do Boi de Bronze, Boi Bole Bole, Boi da FL, Boi Vamp, entre outros que j\u00e1 passaram pelo Polo nestes dois dias.<\/p>\n\n\n\n<p>E com uma programa\u00e7\u00e3o que come\u00e7a logo cedo e vai at\u00e9 a madrugada, na noite de ontem a popula\u00e7\u00e3o tamb\u00e9m acompanhou os Blocos L\u00edricos Amantes do Luar, Magia L\u00edrica e Som de Serenata, e a apresenta\u00e7\u00e3o da Escola de samba Gigante do Samba e Escola de Samba Unidos da Primavera.<\/p>\n\n\n\n<p>A noite ainda foi abrilhantada com os desfiles de dois dos tr\u00eas do Clubes Carnavalescos tradicionais de Paudalho, que revelaram pela primeira vez seus temas para o Carnaval deste ano: o Clube Lenhadores, com o tema &#8220;Os romances de Suassuna&#8221;, e o Clube Cruzeiro do Sul, com o tema &#8220;Elemental&#8230; Os guardi\u00f5es dos quatro reinos&#8221;. Os clubes apresentaram suas fantasias cheias de brilho e plumas, confeccionadas pelas m\u00e3os habilidosas de seus pr\u00f3prios membros, fazendo a alegria das fam\u00edlias que assistiam e paravam para tirar fotos. Logo ap\u00f3s, subiu ao palco a Orquestra 100% Frevo e Chicote El\u00e9trico, fazendo todos frevarem noite adentro.<\/p>\n\n\n\n<p>E ainda nesta segunda-feira, a partir das 19h30, o Polo Cultural conta com a presen\u00e7a do Bloco L\u00edrico Amantes do Luar, Escola de samba Esta\u00e7\u00e3o da Primavera, Desfile do Clube Estrela, que mostrar\u00e1 o tema de suas fantasias deste ano, e do Clube Lenhadores. Em seguida shows da Orquestra P\u00e9rola e Almir Rouche. Amanh\u00e3, ter\u00e7a-feira (21), a partir das 9h tem mais apresenta\u00e7\u00f5es culturais, e durante a noite, os Blocos L\u00edricos Som de Serenata e Magia L\u00edrica, a Escola de samba Gr\u00eamio Recreativo Imp\u00e9rio do Bel\u00e9m, desfile do Clube Estrela e do Clube Cruzeiro do Sul e shows da Orquestra Caprichosos De S\u00e3o Miguel e Irah Caldeira.<\/p>\n\n\n\n<figure class=\"wp-block-gallery has-nested-images columns-4 is-cropped wp-block-gallery-1 is-layout-flex wp-block-gallery-is-layout-flex\">\n<figure class=\"wp-block-image size-large\"><img loading=\"lazy\" decoding=\"async\" width=\"800\" height=\"450\" data-attachment-id=\"24792\" data-permalink=\"https:\/\/www.paudalho.pe.gov.br\/portal\/carnaval-multicultural-do-paudalho-apresenta-desfiles-de-blocos-liricos-clubes-carnavalescos-maracatus-bois-bumba-e-caboclinhos-no-polo-cultural\/carnaval-paudalho1\/\" data-orig-file=\"https:\/\/www.paudalho.pe.gov.br\/portal\/wp-content\/uploads\/2023\/02\/CARNAVAL-PAUDALHO1.jpg\" data-orig-size=\"1280,823\" data-comments-opened=\"1\" data-image-meta=\"{&quot;aperture&quot;:&quot;0&quot;,&quot;credit&quot;:&quot;&quot;,&quot;camera&quot;:&quot;&quot;,&quot;caption&quot;:&quot;&quot;,&quot;created_timestamp&quot;:&quot;0&quot;,&quot;copyright&quot;:&quot;&quot;,&quot;focal_length&quot;:&quot;0&quot;,&quot;iso&quot;:&quot;0&quot;,&quot;shutter_speed&quot;:&quot;0&quot;,&quot;title&quot;:&quot;&quot;,&quot;orientation&quot;:&quot;0&quot;}\" data-image-title=\"CARNAVAL-PAUDALHO1\" data-image-description=\"\" data-image-caption=\"\" data-medium-file=\"https:\/\/www.paudalho.pe.gov.br\/portal\/wp-content\/uploads\/2023\/02\/CARNAVAL-PAUDALHO1-350x230.jpg\" data-large-file=\"https:\/\/www.paudalho.pe.gov.br\/portal\/wp-content\/uploads\/2023\/02\/CARNAVAL-PAUDALHO1-800x450.jpg\" data-id=\"24792\" src=\"https:\/\/www.paudalho.pe.gov.br\/portal\/wp-content\/uploads\/2023\/02\/CARNAVAL-PAUDALHO1-800x450.jpg\" alt=\"\" class=\"wp-image-24792\"\/><\/figure>\n\n\n\n<figure class=\"wp-block-image size-large\"><img loading=\"lazy\" decoding=\"async\" width=\"800\" height=\"450\" data-attachment-id=\"24793\" data-permalink=\"https:\/\/www.paudalho.pe.gov.br\/portal\/carnaval-multicultural-do-paudalho-apresenta-desfiles-de-blocos-liricos-clubes-carnavalescos-maracatus-bois-bumba-e-caboclinhos-no-polo-cultural\/carnaval-paudalho5-1\/\" data-orig-file=\"https:\/\/www.paudalho.pe.gov.br\/portal\/wp-content\/uploads\/2023\/02\/CARNAVAL-PAUDALHO5-1.jpg\" data-orig-size=\"1280,853\" data-comments-opened=\"1\" data-image-meta=\"{&quot;aperture&quot;:&quot;0&quot;,&quot;credit&quot;:&quot;&quot;,&quot;camera&quot;:&quot;&quot;,&quot;caption&quot;:&quot;&quot;,&quot;created_timestamp&quot;:&quot;0&quot;,&quot;copyright&quot;:&quot;&quot;,&quot;focal_length&quot;:&quot;0&quot;,&quot;iso&quot;:&quot;0&quot;,&quot;shutter_speed&quot;:&quot;0&quot;,&quot;title&quot;:&quot;&quot;,&quot;orientation&quot;:&quot;0&quot;}\" data-image-title=\"CARNAVAL-PAUDALHO5-1\" data-image-description=\"\" data-image-caption=\"\" data-medium-file=\"https:\/\/www.paudalho.pe.gov.br\/portal\/wp-content\/uploads\/2023\/02\/CARNAVAL-PAUDALHO5-1-350x230.jpg\" data-large-file=\"https:\/\/www.paudalho.pe.gov.br\/portal\/wp-content\/uploads\/2023\/02\/CARNAVAL-PAUDALHO5-1-800x450.jpg\" data-id=\"24793\" src=\"https:\/\/www.paudalho.pe.gov.br\/portal\/wp-content\/uploads\/2023\/02\/CARNAVAL-PAUDALHO5-1-800x450.jpg\" alt=\"\" class=\"wp-image-24793\"\/><\/figure>\n\n\n\n<figure class=\"wp-block-image size-large\"><img loading=\"lazy\" decoding=\"async\" width=\"800\" height=\"450\" data-attachment-id=\"24795\" data-permalink=\"https:\/\/www.paudalho.pe.gov.br\/portal\/carnaval-multicultural-do-paudalho-apresenta-desfiles-de-blocos-liricos-clubes-carnavalescos-maracatus-bois-bumba-e-caboclinhos-no-polo-cultural\/carnaval-paudalho11\/\" data-orig-file=\"https:\/\/www.paudalho.pe.gov.br\/portal\/wp-content\/uploads\/2023\/02\/CARNAVAL-PAUDALHO11.jpg\" data-orig-size=\"1280,853\" data-comments-opened=\"1\" data-image-meta=\"{&quot;aperture&quot;:&quot;0&quot;,&quot;credit&quot;:&quot;&quot;,&quot;camera&quot;:&quot;&quot;,&quot;caption&quot;:&quot;&quot;,&quot;created_timestamp&quot;:&quot;0&quot;,&quot;copyright&quot;:&quot;&quot;,&quot;focal_length&quot;:&quot;0&quot;,&quot;iso&quot;:&quot;0&quot;,&quot;shutter_speed&quot;:&quot;0&quot;,&quot;title&quot;:&quot;&quot;,&quot;orientation&quot;:&quot;0&quot;}\" data-image-title=\"CARNAVAL-PAUDALHO11\" data-image-description=\"\" data-image-caption=\"\" data-medium-file=\"https:\/\/www.paudalho.pe.gov.br\/portal\/wp-content\/uploads\/2023\/02\/CARNAVAL-PAUDALHO11-350x230.jpg\" data-large-file=\"https:\/\/www.paudalho.pe.gov.br\/portal\/wp-content\/uploads\/2023\/02\/CARNAVAL-PAUDALHO11-800x450.jpg\" data-id=\"24795\" src=\"https:\/\/www.paudalho.pe.gov.br\/portal\/wp-content\/uploads\/2023\/02\/CARNAVAL-PAUDALHO11-800x450.jpg\" alt=\"\" class=\"wp-image-24795\"\/><\/figure>\n\n\n\n<figure class=\"wp-block-image size-large\"><img loading=\"lazy\" decoding=\"async\" width=\"800\" height=\"450\" data-attachment-id=\"24796\" data-permalink=\"https:\/\/www.paudalho.pe.gov.br\/portal\/carnaval-multicultural-do-paudalho-apresenta-desfiles-de-blocos-liricos-clubes-carnavalescos-maracatus-bois-bumba-e-caboclinhos-no-polo-cultural\/carnaval-paudalho\/\" data-orig-file=\"https:\/\/www.paudalho.pe.gov.br\/portal\/wp-content\/uploads\/2023\/02\/CARNAVAL-PAUDALHO.jpg\" data-orig-size=\"1280,831\" data-comments-opened=\"1\" data-image-meta=\"{&quot;aperture&quot;:&quot;0&quot;,&quot;credit&quot;:&quot;&quot;,&quot;camera&quot;:&quot;&quot;,&quot;caption&quot;:&quot;&quot;,&quot;created_timestamp&quot;:&quot;0&quot;,&quot;copyright&quot;:&quot;&quot;,&quot;focal_length&quot;:&quot;0&quot;,&quot;iso&quot;:&quot;0&quot;,&quot;shutter_speed&quot;:&quot;0&quot;,&quot;title&quot;:&quot;&quot;,&quot;orientation&quot;:&quot;0&quot;}\" data-image-title=\"CARNAVAL-PAUDALHO\" data-image-description=\"\" data-image-caption=\"\" data-medium-file=\"https:\/\/www.paudalho.pe.gov.br\/portal\/wp-content\/uploads\/2023\/02\/CARNAVAL-PAUDALHO-350x230.jpg\" data-large-file=\"https:\/\/www.paudalho.pe.gov.br\/portal\/wp-content\/uploads\/2023\/02\/CARNAVAL-PAUDALHO-800x450.jpg\" data-id=\"24796\" src=\"https:\/\/www.paudalho.pe.gov.br\/portal\/wp-content\/uploads\/2023\/02\/CARNAVAL-PAUDALHO-800x450.jpg\" alt=\"\" class=\"wp-image-24796\"\/><\/figure>\n\n\n\n<figure class=\"wp-block-image size-large\"><img loading=\"lazy\" decoding=\"async\" width=\"800\" height=\"450\" data-attachment-id=\"24797\" data-permalink=\"https:\/\/www.paudalho.pe.gov.br\/portal\/carnaval-multicultural-do-paudalho-apresenta-desfiles-de-blocos-liricos-clubes-carnavalescos-maracatus-bois-bumba-e-caboclinhos-no-polo-cultural\/carnaval-paudalho-1\/\" data-orig-file=\"https:\/\/www.paudalho.pe.gov.br\/portal\/wp-content\/uploads\/2023\/02\/CARNAVAL-PAUDALHO-1.jpg\" data-orig-size=\"1280,853\" data-comments-opened=\"1\" data-image-meta=\"{&quot;aperture&quot;:&quot;0&quot;,&quot;credit&quot;:&quot;&quot;,&quot;camera&quot;:&quot;&quot;,&quot;caption&quot;:&quot;&quot;,&quot;created_timestamp&quot;:&quot;0&quot;,&quot;copyright&quot;:&quot;&quot;,&quot;focal_length&quot;:&quot;0&quot;,&quot;iso&quot;:&quot;0&quot;,&quot;shutter_speed&quot;:&quot;0&quot;,&quot;title&quot;:&quot;&quot;,&quot;orientation&quot;:&quot;0&quot;}\" data-image-title=\"CARNAVAL-PAUDALHO-1\" data-image-description=\"\" data-image-caption=\"\" data-medium-file=\"https:\/\/www.paudalho.pe.gov.br\/portal\/wp-content\/uploads\/2023\/02\/CARNAVAL-PAUDALHO-1-350x230.jpg\" data-large-file=\"https:\/\/www.paudalho.pe.gov.br\/portal\/wp-content\/uploads\/2023\/02\/CARNAVAL-PAUDALHO-1-800x450.jpg\" data-id=\"24797\" src=\"https:\/\/www.paudalho.pe.gov.br\/portal\/wp-content\/uploads\/2023\/02\/CARNAVAL-PAUDALHO-1-800x450.jpg\" alt=\"\" class=\"wp-image-24797\"\/><\/figure>\n\n\n\n<figure class=\"wp-block-image size-large\"><img loading=\"lazy\" decoding=\"async\" width=\"800\" height=\"450\" data-attachment-id=\"24798\" data-permalink=\"https:\/\/www.paudalho.pe.gov.br\/portal\/carnaval-multicultural-do-paudalho-apresenta-desfiles-de-blocos-liricos-clubes-carnavalescos-maracatus-bois-bumba-e-caboclinhos-no-polo-cultural\/carnaval-paudalho2-1\/\" data-orig-file=\"https:\/\/www.paudalho.pe.gov.br\/portal\/wp-content\/uploads\/2023\/02\/CARNAVAL-PAUDALHO2-1.jpg\" data-orig-size=\"1280,853\" data-comments-opened=\"1\" data-image-meta=\"{&quot;aperture&quot;:&quot;0&quot;,&quot;credit&quot;:&quot;&quot;,&quot;camera&quot;:&quot;&quot;,&quot;caption&quot;:&quot;&quot;,&quot;created_timestamp&quot;:&quot;0&quot;,&quot;copyright&quot;:&quot;&quot;,&quot;focal_length&quot;:&quot;0&quot;,&quot;iso&quot;:&quot;0&quot;,&quot;shutter_speed&quot;:&quot;0&quot;,&quot;title&quot;:&quot;&quot;,&quot;orientation&quot;:&quot;0&quot;}\" data-image-title=\"CARNAVAL-PAUDALHO2-1\" data-image-description=\"\" data-image-caption=\"\" data-medium-file=\"https:\/\/www.paudalho.pe.gov.br\/portal\/wp-content\/uploads\/2023\/02\/CARNAVAL-PAUDALHO2-1-350x230.jpg\" data-large-file=\"https:\/\/www.paudalho.pe.gov.br\/portal\/wp-content\/uploads\/2023\/02\/CARNAVAL-PAUDALHO2-1-800x450.jpg\" data-id=\"24798\" src=\"https:\/\/www.paudalho.pe.gov.br\/portal\/wp-content\/uploads\/2023\/02\/CARNAVAL-PAUDALHO2-1-800x450.jpg\" alt=\"\" class=\"wp-image-24798\"\/><\/figure>\n\n\n\n<figure class=\"wp-block-image size-large\"><img loading=\"lazy\" decoding=\"async\" width=\"800\" height=\"450\" data-attachment-id=\"24799\" data-permalink=\"https:\/\/www.paudalho.pe.gov.br\/portal\/carnaval-multicultural-do-paudalho-apresenta-desfiles-de-blocos-liricos-clubes-carnavalescos-maracatus-bois-bumba-e-caboclinhos-no-polo-cultural\/carnaval-paudalho3\/\" data-orig-file=\"https:\/\/www.paudalho.pe.gov.br\/portal\/wp-content\/uploads\/2023\/02\/CARNAVAL-PAUDALHO3.jpg\" data-orig-size=\"1280,853\" data-comments-opened=\"1\" data-image-meta=\"{&quot;aperture&quot;:&quot;0&quot;,&quot;credit&quot;:&quot;&quot;,&quot;camera&quot;:&quot;&quot;,&quot;caption&quot;:&quot;&quot;,&quot;created_timestamp&quot;:&quot;0&quot;,&quot;copyright&quot;:&quot;&quot;,&quot;focal_length&quot;:&quot;0&quot;,&quot;iso&quot;:&quot;0&quot;,&quot;shutter_speed&quot;:&quot;0&quot;,&quot;title&quot;:&quot;&quot;,&quot;orientation&quot;:&quot;0&quot;}\" data-image-title=\"CARNAVAL-PAUDALHO3\" data-image-description=\"\" data-image-caption=\"\" data-medium-file=\"https:\/\/www.paudalho.pe.gov.br\/portal\/wp-content\/uploads\/2023\/02\/CARNAVAL-PAUDALHO3-350x230.jpg\" data-large-file=\"https:\/\/www.paudalho.pe.gov.br\/portal\/wp-content\/uploads\/2023\/02\/CARNAVAL-PAUDALHO3-800x450.jpg\" data-id=\"24799\" src=\"https:\/\/www.paudalho.pe.gov.br\/portal\/wp-content\/uploads\/2023\/02\/CARNAVAL-PAUDALHO3-800x450.jpg\" alt=\"\" class=\"wp-image-24799\"\/><\/figure>\n\n\n\n<figure class=\"wp-block-image size-large\"><img loading=\"lazy\" decoding=\"async\" width=\"800\" height=\"450\" data-attachment-id=\"24804\" data-permalink=\"https:\/\/www.paudalho.pe.gov.br\/portal\/carnaval-multicultural-do-paudalho-apresenta-desfiles-de-blocos-liricos-clubes-carnavalescos-maracatus-bois-bumba-e-caboclinhos-no-polo-cultural\/carnaval-paudalho4\/\" data-orig-file=\"https:\/\/www.paudalho.pe.gov.br\/portal\/wp-content\/uploads\/2023\/02\/CARNAVAL-PAUDALHO4.jpg\" data-orig-size=\"1280,772\" data-comments-opened=\"1\" data-image-meta=\"{&quot;aperture&quot;:&quot;0&quot;,&quot;credit&quot;:&quot;&quot;,&quot;camera&quot;:&quot;&quot;,&quot;caption&quot;:&quot;&quot;,&quot;created_timestamp&quot;:&quot;0&quot;,&quot;copyright&quot;:&quot;&quot;,&quot;focal_length&quot;:&quot;0&quot;,&quot;iso&quot;:&quot;0&quot;,&quot;shutter_speed&quot;:&quot;0&quot;,&quot;title&quot;:&quot;&quot;,&quot;orientation&quot;:&quot;0&quot;}\" data-image-title=\"CARNAVAL-PAUDALHO4\" data-image-description=\"\" data-image-caption=\"\" data-medium-file=\"https:\/\/www.paudalho.pe.gov.br\/portal\/wp-content\/uploads\/2023\/02\/CARNAVAL-PAUDALHO4-350x230.jpg\" data-large-file=\"https:\/\/www.paudalho.pe.gov.br\/portal\/wp-content\/uploads\/2023\/02\/CARNAVAL-PAUDALHO4-800x450.jpg\" data-id=\"24804\" src=\"https:\/\/www.paudalho.pe.gov.br\/portal\/wp-content\/uploads\/2023\/02\/CARNAVAL-PAUDALHO4-800x450.jpg\" alt=\"\" class=\"wp-image-24804\"\/><\/figure>\n\n\n\n<figure class=\"wp-block-image size-large\"><img loading=\"lazy\" decoding=\"async\" width=\"800\" height=\"450\" data-attachment-id=\"24805\" data-permalink=\"https:\/\/www.paudalho.pe.gov.br\/portal\/carnaval-multicultural-do-paudalho-apresenta-desfiles-de-blocos-liricos-clubes-carnavalescos-maracatus-bois-bumba-e-caboclinhos-no-polo-cultural\/carnaval-paudalho6\/\" data-orig-file=\"https:\/\/www.paudalho.pe.gov.br\/portal\/wp-content\/uploads\/2023\/02\/CARNAVAL-PAUDALHO6.jpg\" data-orig-size=\"1280,853\" data-comments-opened=\"1\" data-image-meta=\"{&quot;aperture&quot;:&quot;0&quot;,&quot;credit&quot;:&quot;&quot;,&quot;camera&quot;:&quot;&quot;,&quot;caption&quot;:&quot;&quot;,&quot;created_timestamp&quot;:&quot;0&quot;,&quot;copyright&quot;:&quot;&quot;,&quot;focal_length&quot;:&quot;0&quot;,&quot;iso&quot;:&quot;0&quot;,&quot;shutter_speed&quot;:&quot;0&quot;,&quot;title&quot;:&quot;&quot;,&quot;orientation&quot;:&quot;0&quot;}\" data-image-title=\"CARNAVAL-PAUDALHO6\" data-image-description=\"\" data-image-caption=\"\" data-medium-file=\"https:\/\/www.paudalho.pe.gov.br\/portal\/wp-content\/uploads\/2023\/02\/CARNAVAL-PAUDALHO6-350x230.jpg\" data-large-file=\"https:\/\/www.paudalho.pe.gov.br\/portal\/wp-content\/uploads\/2023\/02\/CARNAVAL-PAUDALHO6-800x450.jpg\" data-id=\"24805\" src=\"https:\/\/www.paudalho.pe.gov.br\/portal\/wp-content\/uploads\/2023\/02\/CARNAVAL-PAUDALHO6-800x450.jpg\" alt=\"\" class=\"wp-image-24805\"\/><\/figure>\n\n\n\n<figure class=\"wp-block-image size-large\"><img loading=\"lazy\" decoding=\"async\" width=\"800\" height=\"450\" data-attachment-id=\"24806\" data-permalink=\"https:\/\/www.paudalho.pe.gov.br\/portal\/carnaval-multicultural-do-paudalho-apresenta-desfiles-de-blocos-liricos-clubes-carnavalescos-maracatus-bois-bumba-e-caboclinhos-no-polo-cultural\/carnaval-paudalho7\/\" data-orig-file=\"https:\/\/www.paudalho.pe.gov.br\/portal\/wp-content\/uploads\/2023\/02\/CARNAVAL-PAUDALHO7.jpg\" data-orig-size=\"1280,853\" data-comments-opened=\"1\" data-image-meta=\"{&quot;aperture&quot;:&quot;0&quot;,&quot;credit&quot;:&quot;&quot;,&quot;camera&quot;:&quot;&quot;,&quot;caption&quot;:&quot;&quot;,&quot;created_timestamp&quot;:&quot;0&quot;,&quot;copyright&quot;:&quot;&quot;,&quot;focal_length&quot;:&quot;0&quot;,&quot;iso&quot;:&quot;0&quot;,&quot;shutter_speed&quot;:&quot;0&quot;,&quot;title&quot;:&quot;&quot;,&quot;orientation&quot;:&quot;0&quot;}\" data-image-title=\"CARNAVAL-PAUDALHO7\" data-image-description=\"\" data-image-caption=\"\" data-medium-file=\"https:\/\/www.paudalho.pe.gov.br\/portal\/wp-content\/uploads\/2023\/02\/CARNAVAL-PAUDALHO7-350x230.jpg\" data-large-file=\"https:\/\/www.paudalho.pe.gov.br\/portal\/wp-content\/uploads\/2023\/02\/CARNAVAL-PAUDALHO7-800x450.jpg\" data-id=\"24806\" src=\"https:\/\/www.paudalho.pe.gov.br\/portal\/wp-content\/uploads\/2023\/02\/CARNAVAL-PAUDALHO7-800x450.jpg\" alt=\"\" class=\"wp-image-24806\"\/><\/figure>\n\n\n\n<figure class=\"wp-block-image size-large\"><img loading=\"lazy\" decoding=\"async\" width=\"800\" height=\"450\" data-attachment-id=\"24814\" data-permalink=\"https:\/\/www.paudalho.pe.gov.br\/portal\/carnaval-multicultural-do-paudalho-apresenta-desfiles-de-blocos-liricos-clubes-carnavalescos-maracatus-bois-bumba-e-caboclinhos-no-polo-cultural\/carnaval-paudalho8\/\" data-orig-file=\"https:\/\/www.paudalho.pe.gov.br\/portal\/wp-content\/uploads\/2023\/02\/CARNAVAL-PAUDALHO8.jpg\" data-orig-size=\"1280,853\" data-comments-opened=\"1\" data-image-meta=\"{&quot;aperture&quot;:&quot;0&quot;,&quot;credit&quot;:&quot;&quot;,&quot;camera&quot;:&quot;&quot;,&quot;caption&quot;:&quot;&quot;,&quot;created_timestamp&quot;:&quot;0&quot;,&quot;copyright&quot;:&quot;&quot;,&quot;focal_length&quot;:&quot;0&quot;,&quot;iso&quot;:&quot;0&quot;,&quot;shutter_speed&quot;:&quot;0&quot;,&quot;title&quot;:&quot;&quot;,&quot;orientation&quot;:&quot;0&quot;}\" data-image-title=\"CARNAVAL-PAUDALHO8\" data-image-description=\"\" data-image-caption=\"\" data-medium-file=\"https:\/\/www.paudalho.pe.gov.br\/portal\/wp-content\/uploads\/2023\/02\/CARNAVAL-PAUDALHO8-350x230.jpg\" data-large-file=\"https:\/\/www.paudalho.pe.gov.br\/portal\/wp-content\/uploads\/2023\/02\/CARNAVAL-PAUDALHO8-800x450.jpg\" data-id=\"24814\" src=\"https:\/\/www.paudalho.pe.gov.br\/portal\/wp-content\/uploads\/2023\/02\/CARNAVAL-PAUDALHO8-800x450.jpg\" alt=\"\" class=\"wp-image-24814\"\/><\/figure>\n\n\n\n<figure class=\"wp-block-image size-large\"><img loading=\"lazy\" decoding=\"async\" width=\"800\" height=\"450\" data-attachment-id=\"24800\" data-permalink=\"https:\/\/www.paudalho.pe.gov.br\/portal\/carnaval-multicultural-do-paudalho-apresenta-desfiles-de-blocos-liricos-clubes-carnavalescos-maracatus-bois-bumba-e-caboclinhos-no-polo-cultural\/carnaval-paudalho11-1\/\" data-orig-file=\"https:\/\/www.paudalho.pe.gov.br\/portal\/wp-content\/uploads\/2023\/02\/CARNAVAL-PAUDALHO11-1.jpg\" data-orig-size=\"1280,853\" data-comments-opened=\"1\" data-image-meta=\"{&quot;aperture&quot;:&quot;0&quot;,&quot;credit&quot;:&quot;&quot;,&quot;camera&quot;:&quot;&quot;,&quot;caption&quot;:&quot;&quot;,&quot;created_timestamp&quot;:&quot;0&quot;,&quot;copyright&quot;:&quot;&quot;,&quot;focal_length&quot;:&quot;0&quot;,&quot;iso&quot;:&quot;0&quot;,&quot;shutter_speed&quot;:&quot;0&quot;,&quot;title&quot;:&quot;&quot;,&quot;orientation&quot;:&quot;0&quot;}\" data-image-title=\"CARNAVAL-PAUDALHO11-1\" data-image-description=\"\" data-image-caption=\"\" data-medium-file=\"https:\/\/www.paudalho.pe.gov.br\/portal\/wp-content\/uploads\/2023\/02\/CARNAVAL-PAUDALHO11-1-350x230.jpg\" data-large-file=\"https:\/\/www.paudalho.pe.gov.br\/portal\/wp-content\/uploads\/2023\/02\/CARNAVAL-PAUDALHO11-1-800x450.jpg\" data-id=\"24800\" src=\"https:\/\/www.paudalho.pe.gov.br\/portal\/wp-content\/uploads\/2023\/02\/CARNAVAL-PAUDALHO11-1-800x450.jpg\" alt=\"\" class=\"wp-image-24800\"\/><\/figure>\n\n\n\n<figure class=\"wp-block-image size-large\"><img loading=\"lazy\" decoding=\"async\" width=\"800\" height=\"450\" data-attachment-id=\"24812\" data-permalink=\"https:\/\/www.paudalho.pe.gov.br\/portal\/carnaval-multicultural-do-paudalho-apresenta-desfiles-de-blocos-liricos-clubes-carnavalescos-maracatus-bois-bumba-e-caboclinhos-no-polo-cultural\/carnaval-paudalho12\/\" data-orig-file=\"https:\/\/www.paudalho.pe.gov.br\/portal\/wp-content\/uploads\/2023\/02\/CARNAVAL-PAUDALHO12.jpg\" data-orig-size=\"1280,853\" data-comments-opened=\"1\" data-image-meta=\"{&quot;aperture&quot;:&quot;0&quot;,&quot;credit&quot;:&quot;&quot;,&quot;camera&quot;:&quot;&quot;,&quot;caption&quot;:&quot;&quot;,&quot;created_timestamp&quot;:&quot;0&quot;,&quot;copyright&quot;:&quot;&quot;,&quot;focal_length&quot;:&quot;0&quot;,&quot;iso&quot;:&quot;0&quot;,&quot;shutter_speed&quot;:&quot;0&quot;,&quot;title&quot;:&quot;&quot;,&quot;orientation&quot;:&quot;0&quot;}\" data-image-title=\"CARNAVAL-PAUDALHO12\" data-image-description=\"\" data-image-caption=\"\" data-medium-file=\"https:\/\/www.paudalho.pe.gov.br\/portal\/wp-content\/uploads\/2023\/02\/CARNAVAL-PAUDALHO12-350x230.jpg\" data-large-file=\"https:\/\/www.paudalho.pe.gov.br\/portal\/wp-content\/uploads\/2023\/02\/CARNAVAL-PAUDALHO12-800x450.jpg\" data-id=\"24812\" src=\"https:\/\/www.paudalho.pe.gov.br\/portal\/wp-content\/uploads\/2023\/02\/CARNAVAL-PAUDALHO12-800x450.jpg\" alt=\"\" class=\"wp-image-24812\"\/><\/figure>\n\n\n\n<figure class=\"wp-block-image size-large\"><img loading=\"lazy\" decoding=\"async\" width=\"800\" height=\"450\" data-attachment-id=\"24807\" data-permalink=\"https:\/\/www.paudalho.pe.gov.br\/portal\/carnaval-multicultural-do-paudalho-apresenta-desfiles-de-blocos-liricos-clubes-carnavalescos-maracatus-bois-bumba-e-caboclinhos-no-polo-cultural\/carnaval-paudalho13\/\" data-orig-file=\"https:\/\/www.paudalho.pe.gov.br\/portal\/wp-content\/uploads\/2023\/02\/CARNAVAL-PAUDALHO13.jpg\" data-orig-size=\"1280,853\" data-comments-opened=\"1\" data-image-meta=\"{&quot;aperture&quot;:&quot;0&quot;,&quot;credit&quot;:&quot;&quot;,&quot;camera&quot;:&quot;&quot;,&quot;caption&quot;:&quot;&quot;,&quot;created_timestamp&quot;:&quot;0&quot;,&quot;copyright&quot;:&quot;&quot;,&quot;focal_length&quot;:&quot;0&quot;,&quot;iso&quot;:&quot;0&quot;,&quot;shutter_speed&quot;:&quot;0&quot;,&quot;title&quot;:&quot;&quot;,&quot;orientation&quot;:&quot;0&quot;}\" data-image-title=\"CARNAVAL-PAUDALHO13\" data-image-description=\"\" data-image-caption=\"\" data-medium-file=\"https:\/\/www.paudalho.pe.gov.br\/portal\/wp-content\/uploads\/2023\/02\/CARNAVAL-PAUDALHO13-350x230.jpg\" data-large-file=\"https:\/\/www.paudalho.pe.gov.br\/portal\/wp-content\/uploads\/2023\/02\/CARNAVAL-PAUDALHO13-800x450.jpg\" data-id=\"24807\" src=\"https:\/\/www.paudalho.pe.gov.br\/portal\/wp-content\/uploads\/2023\/02\/CARNAVAL-PAUDALHO13-800x450.jpg\" alt=\"\" class=\"wp-image-24807\"\/><\/figure>\n\n\n\n<figure class=\"wp-block-image size-large\"><img loading=\"lazy\" decoding=\"async\" width=\"800\" height=\"450\" data-attachment-id=\"24819\" data-permalink=\"https:\/\/www.paudalho.pe.gov.br\/portal\/carnaval-multicultural-do-paudalho-apresenta-desfiles-de-blocos-liricos-clubes-carnavalescos-maracatus-bois-bumba-e-caboclinhos-no-polo-cultural\/carnaval-paudalho14\/\" data-orig-file=\"https:\/\/www.paudalho.pe.gov.br\/portal\/wp-content\/uploads\/2023\/02\/CARNAVAL-PAUDALHO14.jpg\" data-orig-size=\"1280,908\" data-comments-opened=\"1\" data-image-meta=\"{&quot;aperture&quot;:&quot;0&quot;,&quot;credit&quot;:&quot;&quot;,&quot;camera&quot;:&quot;&quot;,&quot;caption&quot;:&quot;&quot;,&quot;created_timestamp&quot;:&quot;0&quot;,&quot;copyright&quot;:&quot;&quot;,&quot;focal_length&quot;:&quot;0&quot;,&quot;iso&quot;:&quot;0&quot;,&quot;shutter_speed&quot;:&quot;0&quot;,&quot;title&quot;:&quot;&quot;,&quot;orientation&quot;:&quot;0&quot;}\" data-image-title=\"CARNAVAL-PAUDALHO14\" data-image-description=\"\" data-image-caption=\"\" data-medium-file=\"https:\/\/www.paudalho.pe.gov.br\/portal\/wp-content\/uploads\/2023\/02\/CARNAVAL-PAUDALHO14-350x230.jpg\" data-large-file=\"https:\/\/www.paudalho.pe.gov.br\/portal\/wp-content\/uploads\/2023\/02\/CARNAVAL-PAUDALHO14-800x450.jpg\" data-id=\"24819\" src=\"https:\/\/www.paudalho.pe.gov.br\/portal\/wp-content\/uploads\/2023\/02\/CARNAVAL-PAUDALHO14-800x450.jpg\" alt=\"\" class=\"wp-image-24819\"\/><\/figure>\n\n\n\n<figure class=\"wp-block-image size-large\"><img loading=\"lazy\" decoding=\"async\" width=\"800\" height=\"450\" data-attachment-id=\"24816\" data-permalink=\"https:\/\/www.paudalho.pe.gov.br\/portal\/carnaval-multicultural-do-paudalho-apresenta-desfiles-de-blocos-liricos-clubes-carnavalescos-maracatus-bois-bumba-e-caboclinhos-no-polo-cultural\/carnaval-paudalho15\/\" data-orig-file=\"https:\/\/www.paudalho.pe.gov.br\/portal\/wp-content\/uploads\/2023\/02\/CARNAVAL-PAUDALHO15.jpg\" data-orig-size=\"853,1280\" data-comments-opened=\"1\" data-image-meta=\"{&quot;aperture&quot;:&quot;0&quot;,&quot;credit&quot;:&quot;&quot;,&quot;camera&quot;:&quot;&quot;,&quot;caption&quot;:&quot;&quot;,&quot;created_timestamp&quot;:&quot;0&quot;,&quot;copyright&quot;:&quot;&quot;,&quot;focal_length&quot;:&quot;0&quot;,&quot;iso&quot;:&quot;0&quot;,&quot;shutter_speed&quot;:&quot;0&quot;,&quot;title&quot;:&quot;&quot;,&quot;orientation&quot;:&quot;0&quot;}\" data-image-title=\"CARNAVAL-PAUDALHO15\" data-image-description=\"\" data-image-caption=\"\" data-medium-file=\"https:\/\/www.paudalho.pe.gov.br\/portal\/wp-content\/uploads\/2023\/02\/CARNAVAL-PAUDALHO15-350x230.jpg\" data-large-file=\"https:\/\/www.paudalho.pe.gov.br\/portal\/wp-content\/uploads\/2023\/02\/CARNAVAL-PAUDALHO15-800x450.jpg\" data-id=\"24816\" src=\"https:\/\/www.paudalho.pe.gov.br\/portal\/wp-content\/uploads\/2023\/02\/CARNAVAL-PAUDALHO15-800x450.jpg\" alt=\"\" class=\"wp-image-24816\"\/><\/figure>\n\n\n\n<figure class=\"wp-block-image size-large\"><img loading=\"lazy\" decoding=\"async\" width=\"800\" height=\"450\" data-attachment-id=\"24815\" data-permalink=\"https:\/\/www.paudalho.pe.gov.br\/portal\/carnaval-multicultural-do-paudalho-apresenta-desfiles-de-blocos-liricos-clubes-carnavalescos-maracatus-bois-bumba-e-caboclinhos-no-polo-cultural\/carnaval-paudalho16\/\" data-orig-file=\"https:\/\/www.paudalho.pe.gov.br\/portal\/wp-content\/uploads\/2023\/02\/CARNAVAL-PAUDALHO16.jpg\" data-orig-size=\"1280,853\" data-comments-opened=\"1\" data-image-meta=\"{&quot;aperture&quot;:&quot;0&quot;,&quot;credit&quot;:&quot;&quot;,&quot;camera&quot;:&quot;&quot;,&quot;caption&quot;:&quot;&quot;,&quot;created_timestamp&quot;:&quot;0&quot;,&quot;copyright&quot;:&quot;&quot;,&quot;focal_length&quot;:&quot;0&quot;,&quot;iso&quot;:&quot;0&quot;,&quot;shutter_speed&quot;:&quot;0&quot;,&quot;title&quot;:&quot;&quot;,&quot;orientation&quot;:&quot;0&quot;}\" data-image-title=\"CARNAVAL-PAUDALHO16\" data-image-description=\"\" data-image-caption=\"\" data-medium-file=\"https:\/\/www.paudalho.pe.gov.br\/portal\/wp-content\/uploads\/2023\/02\/CARNAVAL-PAUDALHO16-350x230.jpg\" data-large-file=\"https:\/\/www.paudalho.pe.gov.br\/portal\/wp-content\/uploads\/2023\/02\/CARNAVAL-PAUDALHO16-800x450.jpg\" data-id=\"24815\" src=\"https:\/\/www.paudalho.pe.gov.br\/portal\/wp-content\/uploads\/2023\/02\/CARNAVAL-PAUDALHO16-800x450.jpg\" alt=\"\" class=\"wp-image-24815\"\/><\/figure>\n\n\n\n<figure class=\"wp-block-image size-large\"><img loading=\"lazy\" decoding=\"async\" width=\"800\" height=\"450\" data-attachment-id=\"24817\" data-permalink=\"https:\/\/www.paudalho.pe.gov.br\/portal\/carnaval-multicultural-do-paudalho-apresenta-desfiles-de-blocos-liricos-clubes-carnavalescos-maracatus-bois-bumba-e-caboclinhos-no-polo-cultural\/carnaval-paudalho17\/\" data-orig-file=\"https:\/\/www.paudalho.pe.gov.br\/portal\/wp-content\/uploads\/2023\/02\/CARNAVAL-PAUDALHO17.jpg\" data-orig-size=\"1280,853\" data-comments-opened=\"1\" data-image-meta=\"{&quot;aperture&quot;:&quot;0&quot;,&quot;credit&quot;:&quot;&quot;,&quot;camera&quot;:&quot;&quot;,&quot;caption&quot;:&quot;&quot;,&quot;created_timestamp&quot;:&quot;0&quot;,&quot;copyright&quot;:&quot;&quot;,&quot;focal_length&quot;:&quot;0&quot;,&quot;iso&quot;:&quot;0&quot;,&quot;shutter_speed&quot;:&quot;0&quot;,&quot;title&quot;:&quot;&quot;,&quot;orientation&quot;:&quot;0&quot;}\" data-image-title=\"CARNAVAL-PAUDALHO17\" data-image-description=\"\" data-image-caption=\"\" data-medium-file=\"https:\/\/www.paudalho.pe.gov.br\/portal\/wp-content\/uploads\/2023\/02\/CARNAVAL-PAUDALHO17-350x230.jpg\" data-large-file=\"https:\/\/www.paudalho.pe.gov.br\/portal\/wp-content\/uploads\/2023\/02\/CARNAVAL-PAUDALHO17-800x450.jpg\" data-id=\"24817\" src=\"https:\/\/www.paudalho.pe.gov.br\/portal\/wp-content\/uploads\/2023\/02\/CARNAVAL-PAUDALHO17-800x450.jpg\" alt=\"\" class=\"wp-image-24817\"\/><\/figure>\n\n\n\n<figure class=\"wp-block-image size-large\"><img loading=\"lazy\" decoding=\"async\" width=\"800\" height=\"450\" data-attachment-id=\"24801\" data-permalink=\"https:\/\/www.paudalho.pe.gov.br\/portal\/carnaval-multicultural-do-paudalho-apresenta-desfiles-de-blocos-liricos-clubes-carnavalescos-maracatus-bois-bumba-e-caboclinhos-no-polo-cultural\/carnaval-paudalho18\/\" data-orig-file=\"https:\/\/www.paudalho.pe.gov.br\/portal\/wp-content\/uploads\/2023\/02\/CARNAVAL-PAUDALHO18.jpg\" data-orig-size=\"1280,853\" data-comments-opened=\"1\" data-image-meta=\"{&quot;aperture&quot;:&quot;0&quot;,&quot;credit&quot;:&quot;&quot;,&quot;camera&quot;:&quot;&quot;,&quot;caption&quot;:&quot;&quot;,&quot;created_timestamp&quot;:&quot;0&quot;,&quot;copyright&quot;:&quot;&quot;,&quot;focal_length&quot;:&quot;0&quot;,&quot;iso&quot;:&quot;0&quot;,&quot;shutter_speed&quot;:&quot;0&quot;,&quot;title&quot;:&quot;&quot;,&quot;orientation&quot;:&quot;0&quot;}\" data-image-title=\"CARNAVAL-PAUDALHO18\" data-image-description=\"\" data-image-caption=\"\" data-medium-file=\"https:\/\/www.paudalho.pe.gov.br\/portal\/wp-content\/uploads\/2023\/02\/CARNAVAL-PAUDALHO18-350x230.jpg\" data-large-file=\"https:\/\/www.paudalho.pe.gov.br\/portal\/wp-content\/uploads\/2023\/02\/CARNAVAL-PAUDALHO18-800x450.jpg\" data-id=\"24801\" src=\"https:\/\/www.paudalho.pe.gov.br\/portal\/wp-content\/uploads\/2023\/02\/CARNAVAL-PAUDALHO18-800x450.jpg\" alt=\"\" class=\"wp-image-24801\"\/><\/figure>\n\n\n\n<figure class=\"wp-block-image size-large\"><img loading=\"lazy\" decoding=\"async\" width=\"800\" height=\"450\" data-attachment-id=\"24810\" data-permalink=\"https:\/\/www.paudalho.pe.gov.br\/portal\/carnaval-multicultural-do-paudalho-apresenta-desfiles-de-blocos-liricos-clubes-carnavalescos-maracatus-bois-bumba-e-caboclinhos-no-polo-cultural\/carnaval-paudalho19\/\" data-orig-file=\"https:\/\/www.paudalho.pe.gov.br\/portal\/wp-content\/uploads\/2023\/02\/CARNAVAL-PAUDALHO19.jpg\" data-orig-size=\"853,1280\" data-comments-opened=\"1\" data-image-meta=\"{&quot;aperture&quot;:&quot;0&quot;,&quot;credit&quot;:&quot;&quot;,&quot;camera&quot;:&quot;&quot;,&quot;caption&quot;:&quot;&quot;,&quot;created_timestamp&quot;:&quot;0&quot;,&quot;copyright&quot;:&quot;&quot;,&quot;focal_length&quot;:&quot;0&quot;,&quot;iso&quot;:&quot;0&quot;,&quot;shutter_speed&quot;:&quot;0&quot;,&quot;title&quot;:&quot;&quot;,&quot;orientation&quot;:&quot;0&quot;}\" data-image-title=\"CARNAVAL-PAUDALHO19\" data-image-description=\"\" data-image-caption=\"\" data-medium-file=\"https:\/\/www.paudalho.pe.gov.br\/portal\/wp-content\/uploads\/2023\/02\/CARNAVAL-PAUDALHO19-350x230.jpg\" data-large-file=\"https:\/\/www.paudalho.pe.gov.br\/portal\/wp-content\/uploads\/2023\/02\/CARNAVAL-PAUDALHO19-800x450.jpg\" data-id=\"24810\" src=\"https:\/\/www.paudalho.pe.gov.br\/portal\/wp-content\/uploads\/2023\/02\/CARNAVAL-PAUDALHO19-800x450.jpg\" alt=\"\" class=\"wp-image-24810\"\/><\/figure>\n\n\n\n<figure class=\"wp-block-image size-large\"><img loading=\"lazy\" decoding=\"async\" width=\"800\" height=\"450\" data-attachment-id=\"24808\" data-permalink=\"https:\/\/www.paudalho.pe.gov.br\/portal\/carnaval-multicultural-do-paudalho-apresenta-desfiles-de-blocos-liricos-clubes-carnavalescos-maracatus-bois-bumba-e-caboclinhos-no-polo-cultural\/carnaval-paudalho20\/\" data-orig-file=\"https:\/\/www.paudalho.pe.gov.br\/portal\/wp-content\/uploads\/2023\/02\/CARNAVAL-PAUDALHO20.jpg\" data-orig-size=\"1280,853\" data-comments-opened=\"1\" data-image-meta=\"{&quot;aperture&quot;:&quot;0&quot;,&quot;credit&quot;:&quot;&quot;,&quot;camera&quot;:&quot;&quot;,&quot;caption&quot;:&quot;&quot;,&quot;created_timestamp&quot;:&quot;0&quot;,&quot;copyright&quot;:&quot;&quot;,&quot;focal_length&quot;:&quot;0&quot;,&quot;iso&quot;:&quot;0&quot;,&quot;shutter_speed&quot;:&quot;0&quot;,&quot;title&quot;:&quot;&quot;,&quot;orientation&quot;:&quot;0&quot;}\" data-image-title=\"CARNAVAL-PAUDALHO20\" data-image-description=\"\" data-image-caption=\"\" data-medium-file=\"https:\/\/www.paudalho.pe.gov.br\/portal\/wp-content\/uploads\/2023\/02\/CARNAVAL-PAUDALHO20-350x230.jpg\" data-large-file=\"https:\/\/www.paudalho.pe.gov.br\/portal\/wp-content\/uploads\/2023\/02\/CARNAVAL-PAUDALHO20-800x450.jpg\" data-id=\"24808\" src=\"https:\/\/www.paudalho.pe.gov.br\/portal\/wp-content\/uploads\/2023\/02\/CARNAVAL-PAUDALHO20-800x450.jpg\" alt=\"\" class=\"wp-image-24808\"\/><\/figure>\n\n\n\n<figure class=\"wp-block-image size-large\"><img loading=\"lazy\" decoding=\"async\" width=\"800\" height=\"450\" data-attachment-id=\"24803\" data-permalink=\"https:\/\/www.paudalho.pe.gov.br\/portal\/carnaval-multicultural-do-paudalho-apresenta-desfiles-de-blocos-liricos-clubes-carnavalescos-maracatus-bois-bumba-e-caboclinhos-no-polo-cultural\/carnaval-paudalho21\/\" data-orig-file=\"https:\/\/www.paudalho.pe.gov.br\/portal\/wp-content\/uploads\/2023\/02\/CARNAVAL-PAUDALHO21.jpg\" data-orig-size=\"1280,853\" data-comments-opened=\"1\" data-image-meta=\"{&quot;aperture&quot;:&quot;0&quot;,&quot;credit&quot;:&quot;&quot;,&quot;camera&quot;:&quot;&quot;,&quot;caption&quot;:&quot;&quot;,&quot;created_timestamp&quot;:&quot;0&quot;,&quot;copyright&quot;:&quot;&quot;,&quot;focal_length&quot;:&quot;0&quot;,&quot;iso&quot;:&quot;0&quot;,&quot;shutter_speed&quot;:&quot;0&quot;,&quot;title&quot;:&quot;&quot;,&quot;orientation&quot;:&quot;0&quot;}\" data-image-title=\"CARNAVAL-PAUDALHO21\" data-image-description=\"\" data-image-caption=\"\" data-medium-file=\"https:\/\/www.paudalho.pe.gov.br\/portal\/wp-content\/uploads\/2023\/02\/CARNAVAL-PAUDALHO21-350x230.jpg\" data-large-file=\"https:\/\/www.paudalho.pe.gov.br\/portal\/wp-content\/uploads\/2023\/02\/CARNAVAL-PAUDALHO21-800x450.jpg\" data-id=\"24803\" src=\"https:\/\/www.paudalho.pe.gov.br\/portal\/wp-content\/uploads\/2023\/02\/CARNAVAL-PAUDALHO21-800x450.jpg\" alt=\"\" class=\"wp-image-24803\"\/><\/figure>\n\n\n\n<figure class=\"wp-block-image size-large\"><img loading=\"lazy\" decoding=\"async\" width=\"800\" height=\"450\" data-attachment-id=\"24809\" data-permalink=\"https:\/\/www.paudalho.pe.gov.br\/portal\/carnaval-multicultural-do-paudalho-apresenta-desfiles-de-blocos-liricos-clubes-carnavalescos-maracatus-bois-bumba-e-caboclinhos-no-polo-cultural\/carnaval-paudalho22\/\" data-orig-file=\"https:\/\/www.paudalho.pe.gov.br\/portal\/wp-content\/uploads\/2023\/02\/CARNAVAL-PAUDALHO22.jpg\" data-orig-size=\"1280,853\" data-comments-opened=\"1\" data-image-meta=\"{&quot;aperture&quot;:&quot;0&quot;,&quot;credit&quot;:&quot;&quot;,&quot;camera&quot;:&quot;&quot;,&quot;caption&quot;:&quot;&quot;,&quot;created_timestamp&quot;:&quot;0&quot;,&quot;copyright&quot;:&quot;&quot;,&quot;focal_length&quot;:&quot;0&quot;,&quot;iso&quot;:&quot;0&quot;,&quot;shutter_speed&quot;:&quot;0&quot;,&quot;title&quot;:&quot;&quot;,&quot;orientation&quot;:&quot;0&quot;}\" data-image-title=\"CARNAVAL-PAUDALHO22\" data-image-description=\"\" data-image-caption=\"\" data-medium-file=\"https:\/\/www.paudalho.pe.gov.br\/portal\/wp-content\/uploads\/2023\/02\/CARNAVAL-PAUDALHO22-350x230.jpg\" data-large-file=\"https:\/\/www.paudalho.pe.gov.br\/portal\/wp-content\/uploads\/2023\/02\/CARNAVAL-PAUDALHO22-800x450.jpg\" data-id=\"24809\" src=\"https:\/\/www.paudalho.pe.gov.br\/portal\/wp-content\/uploads\/2023\/02\/CARNAVAL-PAUDALHO22-800x450.jpg\" alt=\"\" class=\"wp-image-24809\"\/><\/figure>\n\n\n\n<figure class=\"wp-block-image size-large\"><img loading=\"lazy\" decoding=\"async\" width=\"800\" height=\"450\" data-attachment-id=\"24802\" data-permalink=\"https:\/\/www.paudalho.pe.gov.br\/portal\/carnaval-multicultural-do-paudalho-apresenta-desfiles-de-blocos-liricos-clubes-carnavalescos-maracatus-bois-bumba-e-caboclinhos-no-polo-cultural\/carnaval-paudalho23\/\" data-orig-file=\"https:\/\/www.paudalho.pe.gov.br\/portal\/wp-content\/uploads\/2023\/02\/CARNAVAL-PAUDALHO23.jpg\" data-orig-size=\"1280,853\" data-comments-opened=\"1\" data-image-meta=\"{&quot;aperture&quot;:&quot;0&quot;,&quot;credit&quot;:&quot;&quot;,&quot;camera&quot;:&quot;&quot;,&quot;caption&quot;:&quot;&quot;,&quot;created_timestamp&quot;:&quot;0&quot;,&quot;copyright&quot;:&quot;&quot;,&quot;focal_length&quot;:&quot;0&quot;,&quot;iso&quot;:&quot;0&quot;,&quot;shutter_speed&quot;:&quot;0&quot;,&quot;title&quot;:&quot;&quot;,&quot;orientation&quot;:&quot;0&quot;}\" data-image-title=\"CARNAVAL-PAUDALHO23\" data-image-description=\"\" data-image-caption=\"\" data-medium-file=\"https:\/\/www.paudalho.pe.gov.br\/portal\/wp-content\/uploads\/2023\/02\/CARNAVAL-PAUDALHO23-350x230.jpg\" data-large-file=\"https:\/\/www.paudalho.pe.gov.br\/portal\/wp-content\/uploads\/2023\/02\/CARNAVAL-PAUDALHO23-800x450.jpg\" data-id=\"24802\" src=\"https:\/\/www.paudalho.pe.gov.br\/portal\/wp-content\/uploads\/2023\/02\/CARNAVAL-PAUDALHO23-800x450.jpg\" alt=\"\" class=\"wp-image-24802\"\/><\/figure>\n\n\n\n<figure class=\"wp-block-image size-large\"><img loading=\"lazy\" decoding=\"async\" width=\"800\" height=\"450\" data-attachment-id=\"24820\" data-permalink=\"https:\/\/www.paudalho.pe.gov.br\/portal\/carnaval-multicultural-do-paudalho-apresenta-desfiles-de-blocos-liricos-clubes-carnavalescos-maracatus-bois-bumba-e-caboclinhos-no-polo-cultural\/carnaval-paudalho24\/\" data-orig-file=\"https:\/\/www.paudalho.pe.gov.br\/portal\/wp-content\/uploads\/2023\/02\/CARNAVAL-PAUDALHO24.jpg\" data-orig-size=\"1280,853\" data-comments-opened=\"1\" data-image-meta=\"{&quot;aperture&quot;:&quot;0&quot;,&quot;credit&quot;:&quot;&quot;,&quot;camera&quot;:&quot;&quot;,&quot;caption&quot;:&quot;&quot;,&quot;created_timestamp&quot;:&quot;0&quot;,&quot;copyright&quot;:&quot;&quot;,&quot;focal_length&quot;:&quot;0&quot;,&quot;iso&quot;:&quot;0&quot;,&quot;shutter_speed&quot;:&quot;0&quot;,&quot;title&quot;:&quot;&quot;,&quot;orientation&quot;:&quot;0&quot;}\" data-image-title=\"CARNAVAL-PAUDALHO24\" data-image-description=\"\" data-image-caption=\"\" data-medium-file=\"https:\/\/www.paudalho.pe.gov.br\/portal\/wp-content\/uploads\/2023\/02\/CARNAVAL-PAUDALHO24-350x230.jpg\" data-large-file=\"https:\/\/www.paudalho.pe.gov.br\/portal\/wp-content\/uploads\/2023\/02\/CARNAVAL-PAUDALHO24-800x450.jpg\" data-id=\"24820\" src=\"https:\/\/www.paudalho.pe.gov.br\/portal\/wp-content\/uploads\/2023\/02\/CARNAVAL-PAUDALHO24-800x450.jpg\" alt=\"\" class=\"wp-image-24820\"\/><\/figure>\n\n\n\n<figure class=\"wp-block-image size-large\"><img loading=\"lazy\" decoding=\"async\" width=\"800\" height=\"450\" data-attachment-id=\"24818\" data-permalink=\"https:\/\/www.paudalho.pe.gov.br\/portal\/carnaval-multicultural-do-paudalho-apresenta-desfiles-de-blocos-liricos-clubes-carnavalescos-maracatus-bois-bumba-e-caboclinhos-no-polo-cultural\/carnaval-paudalho25\/\" data-orig-file=\"https:\/\/www.paudalho.pe.gov.br\/portal\/wp-content\/uploads\/2023\/02\/CARNAVAL-PAUDALHO25.jpg\" data-orig-size=\"1280,853\" data-comments-opened=\"1\" data-image-meta=\"{&quot;aperture&quot;:&quot;0&quot;,&quot;credit&quot;:&quot;&quot;,&quot;camera&quot;:&quot;&quot;,&quot;caption&quot;:&quot;&quot;,&quot;created_timestamp&quot;:&quot;0&quot;,&quot;copyright&quot;:&quot;&quot;,&quot;focal_length&quot;:&quot;0&quot;,&quot;iso&quot;:&quot;0&quot;,&quot;shutter_speed&quot;:&quot;0&quot;,&quot;title&quot;:&quot;&quot;,&quot;orientation&quot;:&quot;0&quot;}\" data-image-title=\"CARNAVAL-PAUDALHO25\" data-image-description=\"\" data-image-caption=\"\" data-medium-file=\"https:\/\/www.paudalho.pe.gov.br\/portal\/wp-content\/uploads\/2023\/02\/CARNAVAL-PAUDALHO25-350x230.jpg\" data-large-file=\"https:\/\/www.paudalho.pe.gov.br\/portal\/wp-content\/uploads\/2023\/02\/CARNAVAL-PAUDALHO25-800x450.jpg\" data-id=\"24818\" src=\"https:\/\/www.paudalho.pe.gov.br\/portal\/wp-content\/uploads\/2023\/02\/CARNAVAL-PAUDALHO25-800x450.jpg\" alt=\"\" class=\"wp-image-24818\"\/><\/figure>\n\n\n\n<figure class=\"wp-block-image size-large\"><img loading=\"lazy\" decoding=\"async\" width=\"800\" height=\"450\" data-attachment-id=\"24813\" data-permalink=\"https:\/\/www.paudalho.pe.gov.br\/portal\/carnaval-multicultural-do-paudalho-apresenta-desfiles-de-blocos-liricos-clubes-carnavalescos-maracatus-bois-bumba-e-caboclinhos-no-polo-cultural\/carnaval-paudalho26\/\" data-orig-file=\"https:\/\/www.paudalho.pe.gov.br\/portal\/wp-content\/uploads\/2023\/02\/CARNAVAL-PAUDALHO26.jpg\" data-orig-size=\"1280,853\" data-comments-opened=\"1\" data-image-meta=\"{&quot;aperture&quot;:&quot;0&quot;,&quot;credit&quot;:&quot;&quot;,&quot;camera&quot;:&quot;&quot;,&quot;caption&quot;:&quot;&quot;,&quot;created_timestamp&quot;:&quot;0&quot;,&quot;copyright&quot;:&quot;&quot;,&quot;focal_length&quot;:&quot;0&quot;,&quot;iso&quot;:&quot;0&quot;,&quot;shutter_speed&quot;:&quot;0&quot;,&quot;title&quot;:&quot;&quot;,&quot;orientation&quot;:&quot;0&quot;}\" data-image-title=\"CARNAVAL-PAUDALHO26\" data-image-description=\"\" data-image-caption=\"\" data-medium-file=\"https:\/\/www.paudalho.pe.gov.br\/portal\/wp-content\/uploads\/2023\/02\/CARNAVAL-PAUDALHO26-350x230.jpg\" data-large-file=\"https:\/\/www.paudalho.pe.gov.br\/portal\/wp-content\/uploads\/2023\/02\/CARNAVAL-PAUDALHO26-800x450.jpg\" data-id=\"24813\" src=\"https:\/\/www.paudalho.pe.gov.br\/portal\/wp-content\/uploads\/2023\/02\/CARNAVAL-PAUDALHO26-800x450.jpg\" alt=\"\" class=\"wp-image-24813\"\/><\/figure>\n\n\n\n<figure class=\"wp-block-image size-large\"><img loading=\"lazy\" decoding=\"async\" width=\"800\" height=\"450\" data-attachment-id=\"24811\" data-permalink=\"https:\/\/www.paudalho.pe.gov.br\/portal\/carnaval-multicultural-do-paudalho-apresenta-desfiles-de-blocos-liricos-clubes-carnavalescos-maracatus-bois-bumba-e-caboclinhos-no-polo-cultural\/carnaval-paudalho27\/\" data-orig-file=\"https:\/\/www.paudalho.pe.gov.br\/portal\/wp-content\/uploads\/2023\/02\/CARNAVAL-PAUDALHO27.jpg\" data-orig-size=\"1280,853\" data-comments-opened=\"1\" data-image-meta=\"{&quot;aperture&quot;:&quot;0&quot;,&quot;credit&quot;:&quot;&quot;,&quot;camera&quot;:&quot;&quot;,&quot;caption&quot;:&quot;&quot;,&quot;created_timestamp&quot;:&quot;0&quot;,&quot;copyright&quot;:&quot;&quot;,&quot;focal_length&quot;:&quot;0&quot;,&quot;iso&quot;:&quot;0&quot;,&quot;shutter_speed&quot;:&quot;0&quot;,&quot;title&quot;:&quot;&quot;,&quot;orientation&quot;:&quot;0&quot;}\" data-image-title=\"CARNAVAL-PAUDALHO27\" data-image-description=\"\" data-image-caption=\"\" data-medium-file=\"https:\/\/www.paudalho.pe.gov.br\/portal\/wp-content\/uploads\/2023\/02\/CARNAVAL-PAUDALHO27-350x230.jpg\" data-large-file=\"https:\/\/www.paudalho.pe.gov.br\/portal\/wp-content\/uploads\/2023\/02\/CARNAVAL-PAUDALHO27-800x450.jpg\" data-id=\"24811\" src=\"https:\/\/www.paudalho.pe.gov.br\/portal\/wp-content\/uploads\/2023\/02\/CARNAVAL-PAUDALHO27-800x450.jpg\" alt=\"\" class=\"wp-image-24811\"\/><\/figure>\n<\/figure>\n","protected":false},"excerpt":{"rendered":"<p>Neste ano, a tradicional festa de Momo do Paudalho tem como tema &#8220;Carnaval Multicultural: Um Turbilh\u00e3o de Saudades&#8221; e \u00e9 no Polo Cultural, localizado na Pra\u00e7a Pedro Coutinho, Centro da cidade, onde as diversas express\u00f5es art\u00edsticas populares de Pernambuco recebem o holofote principal da celebra\u00e7\u00e3o. No domingo (19) e nesta segunda-feira (20), com o in\u00edcio [&hellip;]<\/p>\n","protected":false},"author":11,"featured_media":24791,"comment_status":"open","ping_status":"open","sticky":false,"template":"","format":"standard","meta":{"_jetpack_newsletter_access":"","_jetpack_dont_email_post_to_subs":false,"_jetpack_newsletter_tier_id":0,"_jetpack_memberships_contains_paywalled_content":false,"_jetpack_memberships_contains_paid_content":false,"footnotes":""},"categories":[37,6,2,1],"tags":[1112,261],"class_list":["post-24790","post","type-post","status-publish","format-standard","has-post-thumbnail","hentry","category-carnaval","category-cultura","category-destaque","category-noticias","tag-carnaval-2023","tag-polo-cultural"],"jetpack_featured_media_url":"https:\/\/www.paudalho.pe.gov.br\/portal\/wp-content\/uploads\/2023\/02\/CARNAVAL-PAUDALHO5.jpg","jetpack_sharing_enabled":true,"jetpack_shortlink":"https:\/\/wp.me\/p98mS2-6rQ","_links":{"self":[{"href":"https:\/\/www.paudalho.pe.gov.br\/portal\/wp-json\/wp\/v2\/posts\/24790","targetHints":{"allow":["GET"]}}],"collection":[{"href":"https:\/\/www.paudalho.pe.gov.br\/portal\/wp-json\/wp\/v2\/posts"}],"about":[{"href":"https:\/\/www.paudalho.pe.gov.br\/portal\/wp-json\/wp\/v2\/types\/post"}],"author":[{"embeddable":true,"href":"https:\/\/www.paudalho.pe.gov.br\/portal\/wp-json\/wp\/v2\/users\/11"}],"replies":[{"embeddable":true,"href":"https:\/\/www.paudalho.pe.gov.br\/portal\/wp-json\/wp\/v2\/comments?post=24790"}],"version-history":[{"count":1,"href":"https:\/\/www.paudalho.pe.gov.br\/portal\/wp-json\/wp\/v2\/posts\/24790\/revisions"}],"predecessor-version":[{"id":24821,"href":"https:\/\/www.paudalho.pe.gov.br\/portal\/wp-json\/wp\/v2\/posts\/24790\/revisions\/24821"}],"wp:featuredmedia":[{"embeddable":true,"href":"https:\/\/www.paudalho.pe.gov.br\/portal\/wp-json\/wp\/v2\/media\/24791"}],"wp:attachment":[{"href":"https:\/\/www.paudalho.pe.gov.br\/portal\/wp-json\/wp\/v2\/media?parent=24790"}],"wp:term":[{"taxonomy":"category","embeddable":true,"href":"https:\/\/www.paudalho.pe.gov.br\/portal\/wp-json\/wp\/v2\/categories?post=24790"},{"taxonomy":"post_tag","embeddable":true,"href":"https:\/\/www.paudalho.pe.gov.br\/portal\/wp-json\/wp\/v2\/tags?post=24790"}],"curies":[{"name":"wp","href":"https:\/\/api.w.org\/{rel}","templated":true}]}}