{"id":2479,"date":"2018-02-04T03:51:19","date_gmt":"2018-02-04T06:51:19","guid":{"rendered":"http:\/\/www.paudalho.pe.gov.br\/portal\/?p=2479"},"modified":"2018-02-05T11:20:05","modified_gmt":"2018-02-05T14:20:05","slug":"criancas-terao-programacao-especial-no-carnaval-em-paudalho","status":"publish","type":"post","link":"https:\/\/www.paudalho.pe.gov.br\/portal\/criancas-terao-programacao-especial-no-carnaval-em-paudalho\/","title":{"rendered":"Crian\u00e7as ter\u00e3o programa\u00e7\u00e3o especial no Carnaval em Paudalho"},"content":{"rendered":"<p>O Carnaval \u00e9 uma das principais festas do Brasil e, em Paudalho, promete reunir mais de 100 mil foli\u00f5es por dia, durante o per\u00edodo da celebra\u00e7\u00e3o. A Prefeitura da cidade se preocupa em promover o evento de uma forma democr\u00e1tica que atinja todos os p\u00fablicos e faixas et\u00e1rias. Al\u00e9m das atra\u00e7\u00f5es principais, como o consagrado Alceu Valen\u00e7a e os cerca de 200 blocos e agremia\u00e7\u00f5es nas ruas, a festa de Momo no Munic\u00edpio ter\u00e1 uma programa\u00e7\u00e3o especial para os pequeninos.<\/p>\n<p>Pela primeira vez a vers\u00e3o infantil do Banho de Cheiro vai ocorrer durante os tr\u00eas dias. A programa\u00e7\u00e3o\u00a0come\u00e7ar\u00e1 no domingo (11) com a banda Bal\u00e3o da Alegria. Na segunda-feira (12) a crian\u00e7ada vai se divertir ao som da banda \u201cA Barca Maluca\u201d. J\u00e1 na ter\u00e7a-feira (13) a banda Bal\u00e3o da Alegria sobe novamente ao palco para animar a crian\u00e7ada. O evento come\u00e7ar\u00e1 todos os dias a partir das 9h.\u00a0 Para o secret\u00e1rio de Cultura, Turismo, Esporte e Juventude, Jobson Oliveira, o Carnaval n\u00e3o tem idade. \u201cAs crian\u00e7as tamb\u00e9m v\u00e3o ter uma programa\u00e7\u00e3o. O Banho de Cheiro Infantil tem esse objetivo de proporcionar a folia para os pequenos tamb\u00e9m\u201d, detalhou. A gest\u00e3o entende que a crian\u00e7a paudalhense n\u00e3o \u00e9 apenas o cidad\u00e3o de amanh\u00e3, mas o de hoje tamb\u00e9m.<\/p>\n","protected":false},"excerpt":{"rendered":"<p>O Carnaval \u00e9 uma das principais festas do Brasil e, em Paudalho, promete reunir mais de 100 mil foli\u00f5es por dia, durante o per\u00edodo da celebra\u00e7\u00e3o. A Prefeitura da cidade se preocupa em promover o evento de uma forma democr\u00e1tica que atinja todos os p\u00fablicos e faixas et\u00e1rias. Al\u00e9m das atra\u00e7\u00f5es principais, como o consagrado [&hellip;]<\/p>\n","protected":false},"author":4,"featured_media":2483,"comment_status":"open","ping_status":"open","sticky":false,"template":"","format":"standard","meta":{"_jetpack_newsletter_access":"","_jetpack_dont_email_post_to_subs":false,"_jetpack_newsletter_tier_id":0,"_jetpack_memberships_contains_paywalled_content":false,"_jetpack_memberships_contains_paid_content":false,"footnotes":""},"categories":[6,2],"tags":[257,258,38,68,256,22],"class_list":["post-2479","post","type-post","status-publish","format-standard","has-post-thumbnail","hentry","category-cultura","category-destaque","tag-banho-de-cheiro","tag-banho-de-cheiro-infantil","tag-carnaval","tag-cultura","tag-festa-de-momo","tag-prefeitura-do-paudalho"],"jetpack_featured_media_url":"https:\/\/www.paudalho.pe.gov.br\/portal\/wp-content\/uploads\/2018\/02\/BANHO-DE-CHEIRO-INFANTIL.png","jetpack_sharing_enabled":true,"jetpack_shortlink":"https:\/\/wp.me\/p98mS2-DZ","_links":{"self":[{"href":"https:\/\/www.paudalho.pe.gov.br\/portal\/wp-json\/wp\/v2\/posts\/2479","targetHints":{"allow":["GET"]}}],"collection":[{"href":"https:\/\/www.paudalho.pe.gov.br\/portal\/wp-json\/wp\/v2\/posts"}],"about":[{"href":"https:\/\/www.paudalho.pe.gov.br\/portal\/wp-json\/wp\/v2\/types\/post"}],"author":[{"embeddable":true,"href":"https:\/\/www.paudalho.pe.gov.br\/portal\/wp-json\/wp\/v2\/users\/4"}],"replies":[{"embeddable":true,"href":"https:\/\/www.paudalho.pe.gov.br\/portal\/wp-json\/wp\/v2\/comments?post=2479"}],"version-history":[{"count":7,"href":"https:\/\/www.paudalho.pe.gov.br\/portal\/wp-json\/wp\/v2\/posts\/2479\/revisions"}],"predecessor-version":[{"id":2501,"href":"https:\/\/www.paudalho.pe.gov.br\/portal\/wp-json\/wp\/v2\/posts\/2479\/revisions\/2501"}],"wp:featuredmedia":[{"embeddable":true,"href":"https:\/\/www.paudalho.pe.gov.br\/portal\/wp-json\/wp\/v2\/media\/2483"}],"wp:attachment":[{"href":"https:\/\/www.paudalho.pe.gov.br\/portal\/wp-json\/wp\/v2\/media?parent=2479"}],"wp:term":[{"taxonomy":"category","embeddable":true,"href":"https:\/\/www.paudalho.pe.gov.br\/portal\/wp-json\/wp\/v2\/categories?post=2479"},{"taxonomy":"post_tag","embeddable":true,"href":"https:\/\/www.paudalho.pe.gov.br\/portal\/wp-json\/wp\/v2\/tags?post=2479"}],"curies":[{"name":"wp","href":"https:\/\/api.w.org\/{rel}","templated":true}]}}