{"id":24744,"date":"2023-02-20T14:31:00","date_gmt":"2023-02-20T17:31:00","guid":{"rendered":"https:\/\/www.paudalho.pe.gov.br\/portal\/?p=24744"},"modified":"2025-01-08T00:38:59","modified_gmt":"2025-01-08T03:38:59","slug":"programacao-do-banho-de-frevo-infantil-anima-as-criancas-no-carnaval-de-paudalho","status":"publish","type":"post","link":"https:\/\/www.paudalho.pe.gov.br\/portal\/programacao-do-banho-de-frevo-infantil-anima-as-criancas-no-carnaval-de-paudalho\/","title":{"rendered":"<strong>Programa\u00e7\u00e3o do Banho de Frevo Infantil anima as crian\u00e7as no Carnaval de Paudalho<\/strong>"},"content":{"rendered":"\n<p>O Carnaval \u00e9 a festa mais democr\u00e1tica do Brasil, com uma mistura de ritmos, de pessoas e viv\u00eancias. E \u00e9 pensando nisso que o Carnaval Multicultural de Paudalho abre espa\u00e7o para uma parcela de pessoas que tanto gostam desse festejo, mas que nem sempre tem um espa\u00e7o voltado para elas: as crian\u00e7as. J\u00e1 sendo um marco no Carnaval da cidade, o Banho de Frevo Infantil come\u00e7ou neste domingo (19), \u00e0s 9h, como o pontap\u00e9 inicial para o que ser\u00e3o tr\u00eas dias de atra\u00e7\u00f5es para os pequenos foli\u00f5es.<\/p>\n\n\n\n<p>No primeiro dia do Polo Principal, localizado no P\u00e1tio de Eventos Beira-Rio, subiu ao palco a banda infantil do Tio Bruninho, que colocou as fam\u00edlias para dan\u00e7arem com os personagens protagonistas das m\u00fasicas cl\u00e1ssicas da inf\u00e2ncia, como Seu Rato e a Dona Aranha.<\/p>\n\n\n\n<figure class=\"wp-block-image size-large\"><img loading=\"lazy\" decoding=\"async\" width=\"800\" height=\"450\" data-attachment-id=\"24750\" data-permalink=\"https:\/\/www.paudalho.pe.gov.br\/portal\/programacao-do-banho-de-frevo-infantil-anima-as-criancas-no-carnaval-de-paudalho\/banho-de-frevo-infantil-paudalho3\/\" data-orig-file=\"https:\/\/www.paudalho.pe.gov.br\/portal\/wp-content\/uploads\/2023\/02\/BANHO-DE-FREVO-INFANTIL-PAUDALHO3.jpg\" data-orig-size=\"1280,853\" data-comments-opened=\"1\" data-image-meta=\"{&quot;aperture&quot;:&quot;0&quot;,&quot;credit&quot;:&quot;&quot;,&quot;camera&quot;:&quot;&quot;,&quot;caption&quot;:&quot;&quot;,&quot;created_timestamp&quot;:&quot;0&quot;,&quot;copyright&quot;:&quot;&quot;,&quot;focal_length&quot;:&quot;0&quot;,&quot;iso&quot;:&quot;0&quot;,&quot;shutter_speed&quot;:&quot;0&quot;,&quot;title&quot;:&quot;&quot;,&quot;orientation&quot;:&quot;0&quot;}\" data-image-title=\"BANHO-DE-FREVO-INFANTIL-PAUDALHO3\" data-image-description=\"\" data-image-caption=\"\" data-medium-file=\"https:\/\/www.paudalho.pe.gov.br\/portal\/wp-content\/uploads\/2023\/02\/BANHO-DE-FREVO-INFANTIL-PAUDALHO3-350x230.jpg\" data-large-file=\"https:\/\/www.paudalho.pe.gov.br\/portal\/wp-content\/uploads\/2023\/02\/BANHO-DE-FREVO-INFANTIL-PAUDALHO3-800x450.jpg\" src=\"https:\/\/www.paudalho.pe.gov.br\/portal\/wp-content\/uploads\/2023\/02\/BANHO-DE-FREVO-INFANTIL-PAUDALHO3-800x450.jpg\" alt=\"\" class=\"wp-image-24750\"\/><\/figure>\n\n\n\n<p>&#8220;<em>O dia de hoje foi excelente. Uma iniciativa muito importante pensar n\u00e3o s\u00f3 nos adultos, mas tamb\u00e9m nas crian\u00e7as. O show de Tio Bruninho foi excelente. Muitas crian\u00e7as, muitas fam\u00edlias. \u00c9 um Carnaval das fam\u00edlias paudalhenses e tamb\u00e9m com muita gente de fora, muitos turistas.<\/em>&#8221; comentou um pai que estava no local com suas duas filhas.<\/p>\n\n\n\n<p>E sendo o \u00fanico Banho de Frevo da regi\u00e3o voltado especificamente para as crian\u00e7as, o evento ainda reuniu fam\u00edlias vindas de diversas partes do estado. &#8220;<em>A gente veio diretamente de Recife para brincar aqui em Paudalho no Banho de Frevo, e foi muito bom, muito animado. As crian\u00e7as amaram.<\/em>&#8221; declarou uma m\u00e3e que saiu cedo de casa para brincar em Paudalho.<\/p>\n\n\n\n<figure class=\"wp-block-image size-large\"><img loading=\"lazy\" decoding=\"async\" width=\"800\" height=\"450\" data-attachment-id=\"24747\" data-permalink=\"https:\/\/www.paudalho.pe.gov.br\/portal\/programacao-do-banho-de-frevo-infantil-anima-as-criancas-no-carnaval-de-paudalho\/banho-de-frevo-infantil-paudalho28\/\" data-orig-file=\"https:\/\/www.paudalho.pe.gov.br\/portal\/wp-content\/uploads\/2023\/02\/BANHO-DE-FREVO-INFANTIL-PAUDALHO28.jpg\" data-orig-size=\"1280,853\" data-comments-opened=\"1\" data-image-meta=\"{&quot;aperture&quot;:&quot;0&quot;,&quot;credit&quot;:&quot;&quot;,&quot;camera&quot;:&quot;&quot;,&quot;caption&quot;:&quot;&quot;,&quot;created_timestamp&quot;:&quot;0&quot;,&quot;copyright&quot;:&quot;&quot;,&quot;focal_length&quot;:&quot;0&quot;,&quot;iso&quot;:&quot;0&quot;,&quot;shutter_speed&quot;:&quot;0&quot;,&quot;title&quot;:&quot;&quot;,&quot;orientation&quot;:&quot;0&quot;}\" data-image-title=\"BANHO-DE-FREVO-INFANTIL-PAUDALHO28\" data-image-description=\"\" data-image-caption=\"\" data-medium-file=\"https:\/\/www.paudalho.pe.gov.br\/portal\/wp-content\/uploads\/2023\/02\/BANHO-DE-FREVO-INFANTIL-PAUDALHO28-350x230.jpg\" data-large-file=\"https:\/\/www.paudalho.pe.gov.br\/portal\/wp-content\/uploads\/2023\/02\/BANHO-DE-FREVO-INFANTIL-PAUDALHO28-800x450.jpg\" src=\"https:\/\/www.paudalho.pe.gov.br\/portal\/wp-content\/uploads\/2023\/02\/BANHO-DE-FREVO-INFANTIL-PAUDALHO28-800x450.jpg\" alt=\"\" class=\"wp-image-24747\"\/><\/figure>\n\n\n\n<p>J\u00e1 no segundo dia de farra, nesta segunda-feira (20), quem comandou a alegria das crian\u00e7as foi a Barca Maluka. &#8220;<em>Est\u00e1vamos morrendo de saudade. Hoje \u00e9 um reencontro com esse povo massa. A Barca Maluka come\u00e7ou essa hist\u00f3ria aqui em Paudalho, com as crian\u00e7as. Tem uma conex\u00e3o muito gostosa entre n\u00f3s. O p\u00fablico daqui \u00e9 muito especial, muito carinhoso. A gente tem um amor imenso por esse povo de Paudalho.<\/em>&#8221; comentou a vocalista Lukinha sobre esse retorno ao Banho de Frevo Infantil ap\u00f3s dois anos de pandemia.<\/p>\n\n\n\n<figure class=\"wp-block-image size-large\"><img loading=\"lazy\" decoding=\"async\" width=\"800\" height=\"450\" data-attachment-id=\"24749\" data-permalink=\"https:\/\/www.paudalho.pe.gov.br\/portal\/programacao-do-banho-de-frevo-infantil-anima-as-criancas-no-carnaval-de-paudalho\/banho-de-frevo-infantil-paudalho33\/\" data-orig-file=\"https:\/\/www.paudalho.pe.gov.br\/portal\/wp-content\/uploads\/2023\/02\/BANHO-DE-FREVO-INFANTIL-PAUDALHO33.jpg\" data-orig-size=\"1280,853\" data-comments-opened=\"1\" data-image-meta=\"{&quot;aperture&quot;:&quot;0&quot;,&quot;credit&quot;:&quot;&quot;,&quot;camera&quot;:&quot;&quot;,&quot;caption&quot;:&quot;&quot;,&quot;created_timestamp&quot;:&quot;0&quot;,&quot;copyright&quot;:&quot;&quot;,&quot;focal_length&quot;:&quot;0&quot;,&quot;iso&quot;:&quot;0&quot;,&quot;shutter_speed&quot;:&quot;0&quot;,&quot;title&quot;:&quot;&quot;,&quot;orientation&quot;:&quot;0&quot;}\" data-image-title=\"BANHO-DE-FREVO-INFANTIL-PAUDALHO33\" data-image-description=\"\" data-image-caption=\"\" data-medium-file=\"https:\/\/www.paudalho.pe.gov.br\/portal\/wp-content\/uploads\/2023\/02\/BANHO-DE-FREVO-INFANTIL-PAUDALHO33-350x230.jpg\" data-large-file=\"https:\/\/www.paudalho.pe.gov.br\/portal\/wp-content\/uploads\/2023\/02\/BANHO-DE-FREVO-INFANTIL-PAUDALHO33-800x450.jpg\" src=\"https:\/\/www.paudalho.pe.gov.br\/portal\/wp-content\/uploads\/2023\/02\/BANHO-DE-FREVO-INFANTIL-PAUDALHO33-800x450.jpg\" alt=\"\" class=\"wp-image-24749\"\/><\/figure>\n\n\n\n<p>E o Banho de Frevo Infantil n\u00e3o acabou. Nesta ter\u00e7a-feira (21) a divers\u00e3o continua com o show do Bal\u00e3o da Alegria, a partir das 9h, no Polo Principal, situado no P\u00e1tio de Eventos Beira-Rio, Centro de Paudalho.<\/p>\n\n\n\n<figure class=\"wp-block-gallery has-nested-images columns-7 is-cropped wp-block-gallery-1 is-layout-flex wp-block-gallery-is-layout-flex\">\n<figure class=\"wp-block-image size-large\"><img loading=\"lazy\" decoding=\"async\" width=\"800\" height=\"450\" data-attachment-id=\"24751\" data-permalink=\"https:\/\/www.paudalho.pe.gov.br\/portal\/programacao-do-banho-de-frevo-infantil-anima-as-criancas-no-carnaval-de-paudalho\/banho-de-frevo-infantil-paudalho-2\/\" data-orig-file=\"https:\/\/www.paudalho.pe.gov.br\/portal\/wp-content\/uploads\/2023\/02\/BANHO-DE-FREVO-INFANTIL-PAUDALHO-2.jpg\" data-orig-size=\"853,1280\" data-comments-opened=\"1\" data-image-meta=\"{&quot;aperture&quot;:&quot;0&quot;,&quot;credit&quot;:&quot;&quot;,&quot;camera&quot;:&quot;&quot;,&quot;caption&quot;:&quot;&quot;,&quot;created_timestamp&quot;:&quot;0&quot;,&quot;copyright&quot;:&quot;&quot;,&quot;focal_length&quot;:&quot;0&quot;,&quot;iso&quot;:&quot;0&quot;,&quot;shutter_speed&quot;:&quot;0&quot;,&quot;title&quot;:&quot;&quot;,&quot;orientation&quot;:&quot;0&quot;}\" data-image-title=\"BANHO-DE-FREVO-INFANTIL-PAUDALHO-2\" data-image-description=\"\" data-image-caption=\"\" data-medium-file=\"https:\/\/www.paudalho.pe.gov.br\/portal\/wp-content\/uploads\/2023\/02\/BANHO-DE-FREVO-INFANTIL-PAUDALHO-2-350x230.jpg\" data-large-file=\"https:\/\/www.paudalho.pe.gov.br\/portal\/wp-content\/uploads\/2023\/02\/BANHO-DE-FREVO-INFANTIL-PAUDALHO-2-800x450.jpg\" data-id=\"24751\" src=\"https:\/\/www.paudalho.pe.gov.br\/portal\/wp-content\/uploads\/2023\/02\/BANHO-DE-FREVO-INFANTIL-PAUDALHO-2-800x450.jpg\" alt=\"\" class=\"wp-image-24751\"\/><\/figure>\n\n\n\n<figure class=\"wp-block-image size-large\"><img loading=\"lazy\" decoding=\"async\" width=\"800\" height=\"450\" data-attachment-id=\"24753\" data-permalink=\"https:\/\/www.paudalho.pe.gov.br\/portal\/programacao-do-banho-de-frevo-infantil-anima-as-criancas-no-carnaval-de-paudalho\/banho-de-frevo-infantil-paudalho2\/\" data-orig-file=\"https:\/\/www.paudalho.pe.gov.br\/portal\/wp-content\/uploads\/2023\/02\/BANHO-DE-FREVO-INFANTIL-PAUDALHO2.jpg\" data-orig-size=\"853,1280\" data-comments-opened=\"1\" data-image-meta=\"{&quot;aperture&quot;:&quot;0&quot;,&quot;credit&quot;:&quot;&quot;,&quot;camera&quot;:&quot;&quot;,&quot;caption&quot;:&quot;&quot;,&quot;created_timestamp&quot;:&quot;0&quot;,&quot;copyright&quot;:&quot;&quot;,&quot;focal_length&quot;:&quot;0&quot;,&quot;iso&quot;:&quot;0&quot;,&quot;shutter_speed&quot;:&quot;0&quot;,&quot;title&quot;:&quot;&quot;,&quot;orientation&quot;:&quot;0&quot;}\" data-image-title=\"BANHO-DE-FREVO-INFANTIL-PAUDALHO2\" data-image-description=\"\" data-image-caption=\"\" data-medium-file=\"https:\/\/www.paudalho.pe.gov.br\/portal\/wp-content\/uploads\/2023\/02\/BANHO-DE-FREVO-INFANTIL-PAUDALHO2-350x230.jpg\" data-large-file=\"https:\/\/www.paudalho.pe.gov.br\/portal\/wp-content\/uploads\/2023\/02\/BANHO-DE-FREVO-INFANTIL-PAUDALHO2-800x450.jpg\" data-id=\"24753\" src=\"https:\/\/www.paudalho.pe.gov.br\/portal\/wp-content\/uploads\/2023\/02\/BANHO-DE-FREVO-INFANTIL-PAUDALHO2-800x450.jpg\" alt=\"\" class=\"wp-image-24753\"\/><\/figure>\n\n\n\n<figure class=\"wp-block-image size-large\"><img loading=\"lazy\" decoding=\"async\" width=\"800\" height=\"450\" data-attachment-id=\"24756\" data-permalink=\"https:\/\/www.paudalho.pe.gov.br\/portal\/programacao-do-banho-de-frevo-infantil-anima-as-criancas-no-carnaval-de-paudalho\/banho-de-frevo-infantil-paudalho4\/\" data-orig-file=\"https:\/\/www.paudalho.pe.gov.br\/portal\/wp-content\/uploads\/2023\/02\/BANHO-DE-FREVO-INFANTIL-PAUDALHO4.jpg\" data-orig-size=\"1280,853\" data-comments-opened=\"1\" data-image-meta=\"{&quot;aperture&quot;:&quot;0&quot;,&quot;credit&quot;:&quot;&quot;,&quot;camera&quot;:&quot;&quot;,&quot;caption&quot;:&quot;&quot;,&quot;created_timestamp&quot;:&quot;0&quot;,&quot;copyright&quot;:&quot;&quot;,&quot;focal_length&quot;:&quot;0&quot;,&quot;iso&quot;:&quot;0&quot;,&quot;shutter_speed&quot;:&quot;0&quot;,&quot;title&quot;:&quot;&quot;,&quot;orientation&quot;:&quot;0&quot;}\" data-image-title=\"BANHO-DE-FREVO-INFANTIL-PAUDALHO4\" data-image-description=\"\" data-image-caption=\"\" data-medium-file=\"https:\/\/www.paudalho.pe.gov.br\/portal\/wp-content\/uploads\/2023\/02\/BANHO-DE-FREVO-INFANTIL-PAUDALHO4-350x230.jpg\" data-large-file=\"https:\/\/www.paudalho.pe.gov.br\/portal\/wp-content\/uploads\/2023\/02\/BANHO-DE-FREVO-INFANTIL-PAUDALHO4-800x450.jpg\" data-id=\"24756\" src=\"https:\/\/www.paudalho.pe.gov.br\/portal\/wp-content\/uploads\/2023\/02\/BANHO-DE-FREVO-INFANTIL-PAUDALHO4-800x450.jpg\" alt=\"\" class=\"wp-image-24756\"\/><\/figure>\n\n\n\n<figure class=\"wp-block-image size-large\"><img loading=\"lazy\" decoding=\"async\" width=\"800\" height=\"450\" data-attachment-id=\"24755\" data-permalink=\"https:\/\/www.paudalho.pe.gov.br\/portal\/programacao-do-banho-de-frevo-infantil-anima-as-criancas-no-carnaval-de-paudalho\/banho-de-frevo-infantil-paudalho5\/\" data-orig-file=\"https:\/\/www.paudalho.pe.gov.br\/portal\/wp-content\/uploads\/2023\/02\/BANHO-DE-FREVO-INFANTIL-PAUDALHO5.jpg\" data-orig-size=\"1280,853\" data-comments-opened=\"1\" data-image-meta=\"{&quot;aperture&quot;:&quot;0&quot;,&quot;credit&quot;:&quot;&quot;,&quot;camera&quot;:&quot;&quot;,&quot;caption&quot;:&quot;&quot;,&quot;created_timestamp&quot;:&quot;0&quot;,&quot;copyright&quot;:&quot;&quot;,&quot;focal_length&quot;:&quot;0&quot;,&quot;iso&quot;:&quot;0&quot;,&quot;shutter_speed&quot;:&quot;0&quot;,&quot;title&quot;:&quot;&quot;,&quot;orientation&quot;:&quot;0&quot;}\" data-image-title=\"BANHO-DE-FREVO-INFANTIL-PAUDALHO5\" data-image-description=\"\" data-image-caption=\"\" data-medium-file=\"https:\/\/www.paudalho.pe.gov.br\/portal\/wp-content\/uploads\/2023\/02\/BANHO-DE-FREVO-INFANTIL-PAUDALHO5-350x230.jpg\" data-large-file=\"https:\/\/www.paudalho.pe.gov.br\/portal\/wp-content\/uploads\/2023\/02\/BANHO-DE-FREVO-INFANTIL-PAUDALHO5-800x450.jpg\" data-id=\"24755\" src=\"https:\/\/www.paudalho.pe.gov.br\/portal\/wp-content\/uploads\/2023\/02\/BANHO-DE-FREVO-INFANTIL-PAUDALHO5-800x450.jpg\" alt=\"\" class=\"wp-image-24755\"\/><\/figure>\n\n\n\n<figure class=\"wp-block-image size-large\"><img loading=\"lazy\" decoding=\"async\" width=\"800\" height=\"450\" data-attachment-id=\"24757\" data-permalink=\"https:\/\/www.paudalho.pe.gov.br\/portal\/programacao-do-banho-de-frevo-infantil-anima-as-criancas-no-carnaval-de-paudalho\/banho-de-frevo-infantil-paudalho6\/\" data-orig-file=\"https:\/\/www.paudalho.pe.gov.br\/portal\/wp-content\/uploads\/2023\/02\/BANHO-DE-FREVO-INFANTIL-PAUDALHO6.jpg\" data-orig-size=\"853,1280\" data-comments-opened=\"1\" data-image-meta=\"{&quot;aperture&quot;:&quot;0&quot;,&quot;credit&quot;:&quot;&quot;,&quot;camera&quot;:&quot;&quot;,&quot;caption&quot;:&quot;&quot;,&quot;created_timestamp&quot;:&quot;0&quot;,&quot;copyright&quot;:&quot;&quot;,&quot;focal_length&quot;:&quot;0&quot;,&quot;iso&quot;:&quot;0&quot;,&quot;shutter_speed&quot;:&quot;0&quot;,&quot;title&quot;:&quot;&quot;,&quot;orientation&quot;:&quot;0&quot;}\" data-image-title=\"BANHO-DE-FREVO-INFANTIL-PAUDALHO6\" data-image-description=\"\" data-image-caption=\"\" data-medium-file=\"https:\/\/www.paudalho.pe.gov.br\/portal\/wp-content\/uploads\/2023\/02\/BANHO-DE-FREVO-INFANTIL-PAUDALHO6-350x230.jpg\" data-large-file=\"https:\/\/www.paudalho.pe.gov.br\/portal\/wp-content\/uploads\/2023\/02\/BANHO-DE-FREVO-INFANTIL-PAUDALHO6-800x450.jpg\" data-id=\"24757\" src=\"https:\/\/www.paudalho.pe.gov.br\/portal\/wp-content\/uploads\/2023\/02\/BANHO-DE-FREVO-INFANTIL-PAUDALHO6-800x450.jpg\" alt=\"\" class=\"wp-image-24757\"\/><\/figure>\n\n\n\n<figure class=\"wp-block-image size-large\"><img loading=\"lazy\" decoding=\"async\" width=\"800\" height=\"450\" data-attachment-id=\"24763\" data-permalink=\"https:\/\/www.paudalho.pe.gov.br\/portal\/programacao-do-banho-de-frevo-infantil-anima-as-criancas-no-carnaval-de-paudalho\/banho-de-frevo-infantil-paudalho7-1\/\" data-orig-file=\"https:\/\/www.paudalho.pe.gov.br\/portal\/wp-content\/uploads\/2023\/02\/BANHO-DE-FREVO-INFANTIL-PAUDALHO7-1.jpg\" data-orig-size=\"853,1280\" data-comments-opened=\"1\" data-image-meta=\"{&quot;aperture&quot;:&quot;0&quot;,&quot;credit&quot;:&quot;&quot;,&quot;camera&quot;:&quot;&quot;,&quot;caption&quot;:&quot;&quot;,&quot;created_timestamp&quot;:&quot;0&quot;,&quot;copyright&quot;:&quot;&quot;,&quot;focal_length&quot;:&quot;0&quot;,&quot;iso&quot;:&quot;0&quot;,&quot;shutter_speed&quot;:&quot;0&quot;,&quot;title&quot;:&quot;&quot;,&quot;orientation&quot;:&quot;0&quot;}\" data-image-title=\"BANHO-DE-FREVO-INFANTIL-PAUDALHO7-1\" data-image-description=\"\" data-image-caption=\"\" data-medium-file=\"https:\/\/www.paudalho.pe.gov.br\/portal\/wp-content\/uploads\/2023\/02\/BANHO-DE-FREVO-INFANTIL-PAUDALHO7-1-350x230.jpg\" data-large-file=\"https:\/\/www.paudalho.pe.gov.br\/portal\/wp-content\/uploads\/2023\/02\/BANHO-DE-FREVO-INFANTIL-PAUDALHO7-1-800x450.jpg\" data-id=\"24763\" src=\"https:\/\/www.paudalho.pe.gov.br\/portal\/wp-content\/uploads\/2023\/02\/BANHO-DE-FREVO-INFANTIL-PAUDALHO7-1-800x450.jpg\" alt=\"\" class=\"wp-image-24763\"\/><\/figure>\n\n\n\n<figure class=\"wp-block-image size-large\"><img loading=\"lazy\" decoding=\"async\" width=\"800\" height=\"450\" data-attachment-id=\"24762\" data-permalink=\"https:\/\/www.paudalho.pe.gov.br\/portal\/programacao-do-banho-de-frevo-infantil-anima-as-criancas-no-carnaval-de-paudalho\/banho-de-frevo-infantil-paudalho8\/\" data-orig-file=\"https:\/\/www.paudalho.pe.gov.br\/portal\/wp-content\/uploads\/2023\/02\/BANHO-DE-FREVO-INFANTIL-PAUDALHO8.jpg\" data-orig-size=\"853,1280\" data-comments-opened=\"1\" data-image-meta=\"{&quot;aperture&quot;:&quot;0&quot;,&quot;credit&quot;:&quot;&quot;,&quot;camera&quot;:&quot;&quot;,&quot;caption&quot;:&quot;&quot;,&quot;created_timestamp&quot;:&quot;0&quot;,&quot;copyright&quot;:&quot;&quot;,&quot;focal_length&quot;:&quot;0&quot;,&quot;iso&quot;:&quot;0&quot;,&quot;shutter_speed&quot;:&quot;0&quot;,&quot;title&quot;:&quot;&quot;,&quot;orientation&quot;:&quot;0&quot;}\" data-image-title=\"BANHO-DE-FREVO-INFANTIL-PAUDALHO8\" data-image-description=\"\" data-image-caption=\"\" data-medium-file=\"https:\/\/www.paudalho.pe.gov.br\/portal\/wp-content\/uploads\/2023\/02\/BANHO-DE-FREVO-INFANTIL-PAUDALHO8-350x230.jpg\" data-large-file=\"https:\/\/www.paudalho.pe.gov.br\/portal\/wp-content\/uploads\/2023\/02\/BANHO-DE-FREVO-INFANTIL-PAUDALHO8-800x450.jpg\" data-id=\"24762\" src=\"https:\/\/www.paudalho.pe.gov.br\/portal\/wp-content\/uploads\/2023\/02\/BANHO-DE-FREVO-INFANTIL-PAUDALHO8-800x450.jpg\" alt=\"\" class=\"wp-image-24762\"\/><\/figure>\n\n\n\n<figure class=\"wp-block-image size-large\"><img loading=\"lazy\" decoding=\"async\" width=\"800\" height=\"450\" data-attachment-id=\"24780\" data-permalink=\"https:\/\/www.paudalho.pe.gov.br\/portal\/programacao-do-banho-de-frevo-infantil-anima-as-criancas-no-carnaval-de-paudalho\/banho-de-frevo-infantil-paudalho9\/\" data-orig-file=\"https:\/\/www.paudalho.pe.gov.br\/portal\/wp-content\/uploads\/2023\/02\/BANHO-DE-FREVO-INFANTIL-PAUDALHO9.jpg\" data-orig-size=\"853,1280\" data-comments-opened=\"1\" data-image-meta=\"{&quot;aperture&quot;:&quot;0&quot;,&quot;credit&quot;:&quot;&quot;,&quot;camera&quot;:&quot;&quot;,&quot;caption&quot;:&quot;&quot;,&quot;created_timestamp&quot;:&quot;0&quot;,&quot;copyright&quot;:&quot;&quot;,&quot;focal_length&quot;:&quot;0&quot;,&quot;iso&quot;:&quot;0&quot;,&quot;shutter_speed&quot;:&quot;0&quot;,&quot;title&quot;:&quot;&quot;,&quot;orientation&quot;:&quot;0&quot;}\" data-image-title=\"BANHO-DE-FREVO-INFANTIL-PAUDALHO9\" data-image-description=\"\" data-image-caption=\"\" data-medium-file=\"https:\/\/www.paudalho.pe.gov.br\/portal\/wp-content\/uploads\/2023\/02\/BANHO-DE-FREVO-INFANTIL-PAUDALHO9-350x230.jpg\" data-large-file=\"https:\/\/www.paudalho.pe.gov.br\/portal\/wp-content\/uploads\/2023\/02\/BANHO-DE-FREVO-INFANTIL-PAUDALHO9-800x450.jpg\" data-id=\"24780\" src=\"https:\/\/www.paudalho.pe.gov.br\/portal\/wp-content\/uploads\/2023\/02\/BANHO-DE-FREVO-INFANTIL-PAUDALHO9-800x450.jpg\" alt=\"\" class=\"wp-image-24780\"\/><\/figure>\n\n\n\n<figure class=\"wp-block-image size-large\"><img loading=\"lazy\" decoding=\"async\" width=\"800\" height=\"450\" data-attachment-id=\"24767\" data-permalink=\"https:\/\/www.paudalho.pe.gov.br\/portal\/programacao-do-banho-de-frevo-infantil-anima-as-criancas-no-carnaval-de-paudalho\/banho-de-frevo-infantil-paudalho10\/\" data-orig-file=\"https:\/\/www.paudalho.pe.gov.br\/portal\/wp-content\/uploads\/2023\/02\/BANHO-DE-FREVO-INFANTIL-PAUDALHO10.jpg\" data-orig-size=\"853,1280\" data-comments-opened=\"1\" data-image-meta=\"{&quot;aperture&quot;:&quot;0&quot;,&quot;credit&quot;:&quot;&quot;,&quot;camera&quot;:&quot;&quot;,&quot;caption&quot;:&quot;&quot;,&quot;created_timestamp&quot;:&quot;0&quot;,&quot;copyright&quot;:&quot;&quot;,&quot;focal_length&quot;:&quot;0&quot;,&quot;iso&quot;:&quot;0&quot;,&quot;shutter_speed&quot;:&quot;0&quot;,&quot;title&quot;:&quot;&quot;,&quot;orientation&quot;:&quot;0&quot;}\" data-image-title=\"BANHO-DE-FREVO-INFANTIL-PAUDALHO10\" data-image-description=\"\" data-image-caption=\"\" data-medium-file=\"https:\/\/www.paudalho.pe.gov.br\/portal\/wp-content\/uploads\/2023\/02\/BANHO-DE-FREVO-INFANTIL-PAUDALHO10-350x230.jpg\" data-large-file=\"https:\/\/www.paudalho.pe.gov.br\/portal\/wp-content\/uploads\/2023\/02\/BANHO-DE-FREVO-INFANTIL-PAUDALHO10-800x450.jpg\" data-id=\"24767\" src=\"https:\/\/www.paudalho.pe.gov.br\/portal\/wp-content\/uploads\/2023\/02\/BANHO-DE-FREVO-INFANTIL-PAUDALHO10-800x450.jpg\" alt=\"\" class=\"wp-image-24767\"\/><\/figure>\n\n\n\n<figure class=\"wp-block-image size-large\"><img loading=\"lazy\" decoding=\"async\" width=\"800\" height=\"450\" data-attachment-id=\"24764\" data-permalink=\"https:\/\/www.paudalho.pe.gov.br\/portal\/programacao-do-banho-de-frevo-infantil-anima-as-criancas-no-carnaval-de-paudalho\/banho-de-frevo-infantil-paudalho11\/\" data-orig-file=\"https:\/\/www.paudalho.pe.gov.br\/portal\/wp-content\/uploads\/2023\/02\/BANHO-DE-FREVO-INFANTIL-PAUDALHO11.jpg\" data-orig-size=\"853,1280\" data-comments-opened=\"1\" data-image-meta=\"{&quot;aperture&quot;:&quot;0&quot;,&quot;credit&quot;:&quot;&quot;,&quot;camera&quot;:&quot;&quot;,&quot;caption&quot;:&quot;&quot;,&quot;created_timestamp&quot;:&quot;0&quot;,&quot;copyright&quot;:&quot;&quot;,&quot;focal_length&quot;:&quot;0&quot;,&quot;iso&quot;:&quot;0&quot;,&quot;shutter_speed&quot;:&quot;0&quot;,&quot;title&quot;:&quot;&quot;,&quot;orientation&quot;:&quot;0&quot;}\" data-image-title=\"BANHO-DE-FREVO-INFANTIL-PAUDALHO11\" data-image-description=\"\" data-image-caption=\"\" data-medium-file=\"https:\/\/www.paudalho.pe.gov.br\/portal\/wp-content\/uploads\/2023\/02\/BANHO-DE-FREVO-INFANTIL-PAUDALHO11-350x230.jpg\" data-large-file=\"https:\/\/www.paudalho.pe.gov.br\/portal\/wp-content\/uploads\/2023\/02\/BANHO-DE-FREVO-INFANTIL-PAUDALHO11-800x450.jpg\" data-id=\"24764\" src=\"https:\/\/www.paudalho.pe.gov.br\/portal\/wp-content\/uploads\/2023\/02\/BANHO-DE-FREVO-INFANTIL-PAUDALHO11-800x450.jpg\" alt=\"\" class=\"wp-image-24764\"\/><\/figure>\n\n\n\n<figure class=\"wp-block-image size-large\"><img loading=\"lazy\" decoding=\"async\" width=\"800\" height=\"450\" data-attachment-id=\"24776\" data-permalink=\"https:\/\/www.paudalho.pe.gov.br\/portal\/programacao-do-banho-de-frevo-infantil-anima-as-criancas-no-carnaval-de-paudalho\/banho-de-frevo-infantil-paudalho12\/\" data-orig-file=\"https:\/\/www.paudalho.pe.gov.br\/portal\/wp-content\/uploads\/2023\/02\/BANHO-DE-FREVO-INFANTIL-PAUDALHO12.jpg\" data-orig-size=\"1280,853\" data-comments-opened=\"1\" data-image-meta=\"{&quot;aperture&quot;:&quot;0&quot;,&quot;credit&quot;:&quot;&quot;,&quot;camera&quot;:&quot;&quot;,&quot;caption&quot;:&quot;&quot;,&quot;created_timestamp&quot;:&quot;0&quot;,&quot;copyright&quot;:&quot;&quot;,&quot;focal_length&quot;:&quot;0&quot;,&quot;iso&quot;:&quot;0&quot;,&quot;shutter_speed&quot;:&quot;0&quot;,&quot;title&quot;:&quot;&quot;,&quot;orientation&quot;:&quot;0&quot;}\" data-image-title=\"BANHO-DE-FREVO-INFANTIL-PAUDALHO12\" data-image-description=\"\" data-image-caption=\"\" data-medium-file=\"https:\/\/www.paudalho.pe.gov.br\/portal\/wp-content\/uploads\/2023\/02\/BANHO-DE-FREVO-INFANTIL-PAUDALHO12-350x230.jpg\" data-large-file=\"https:\/\/www.paudalho.pe.gov.br\/portal\/wp-content\/uploads\/2023\/02\/BANHO-DE-FREVO-INFANTIL-PAUDALHO12-800x450.jpg\" data-id=\"24776\" src=\"https:\/\/www.paudalho.pe.gov.br\/portal\/wp-content\/uploads\/2023\/02\/BANHO-DE-FREVO-INFANTIL-PAUDALHO12-800x450.jpg\" alt=\"\" class=\"wp-image-24776\"\/><\/figure>\n\n\n\n<figure class=\"wp-block-image size-large\"><img loading=\"lazy\" decoding=\"async\" width=\"800\" height=\"450\" data-attachment-id=\"24772\" data-permalink=\"https:\/\/www.paudalho.pe.gov.br\/portal\/programacao-do-banho-de-frevo-infantil-anima-as-criancas-no-carnaval-de-paudalho\/banho-de-frevo-infantil-paudalho13\/\" data-orig-file=\"https:\/\/www.paudalho.pe.gov.br\/portal\/wp-content\/uploads\/2023\/02\/BANHO-DE-FREVO-INFANTIL-PAUDALHO13.jpg\" data-orig-size=\"1280,853\" data-comments-opened=\"1\" data-image-meta=\"{&quot;aperture&quot;:&quot;0&quot;,&quot;credit&quot;:&quot;&quot;,&quot;camera&quot;:&quot;&quot;,&quot;caption&quot;:&quot;&quot;,&quot;created_timestamp&quot;:&quot;0&quot;,&quot;copyright&quot;:&quot;&quot;,&quot;focal_length&quot;:&quot;0&quot;,&quot;iso&quot;:&quot;0&quot;,&quot;shutter_speed&quot;:&quot;0&quot;,&quot;title&quot;:&quot;&quot;,&quot;orientation&quot;:&quot;0&quot;}\" data-image-title=\"BANHO-DE-FREVO-INFANTIL-PAUDALHO13\" data-image-description=\"\" data-image-caption=\"\" data-medium-file=\"https:\/\/www.paudalho.pe.gov.br\/portal\/wp-content\/uploads\/2023\/02\/BANHO-DE-FREVO-INFANTIL-PAUDALHO13-350x230.jpg\" data-large-file=\"https:\/\/www.paudalho.pe.gov.br\/portal\/wp-content\/uploads\/2023\/02\/BANHO-DE-FREVO-INFANTIL-PAUDALHO13-800x450.jpg\" data-id=\"24772\" src=\"https:\/\/www.paudalho.pe.gov.br\/portal\/wp-content\/uploads\/2023\/02\/BANHO-DE-FREVO-INFANTIL-PAUDALHO13-800x450.jpg\" alt=\"\" class=\"wp-image-24772\"\/><\/figure>\n\n\n\n<figure class=\"wp-block-image size-large\"><img loading=\"lazy\" decoding=\"async\" width=\"800\" height=\"450\" data-attachment-id=\"24771\" data-permalink=\"https:\/\/www.paudalho.pe.gov.br\/portal\/programacao-do-banho-de-frevo-infantil-anima-as-criancas-no-carnaval-de-paudalho\/banho-de-frevo-infantil-paudalho14\/\" data-orig-file=\"https:\/\/www.paudalho.pe.gov.br\/portal\/wp-content\/uploads\/2023\/02\/BANHO-DE-FREVO-INFANTIL-PAUDALHO14.jpg\" data-orig-size=\"1280,853\" data-comments-opened=\"1\" data-image-meta=\"{&quot;aperture&quot;:&quot;0&quot;,&quot;credit&quot;:&quot;&quot;,&quot;camera&quot;:&quot;&quot;,&quot;caption&quot;:&quot;&quot;,&quot;created_timestamp&quot;:&quot;0&quot;,&quot;copyright&quot;:&quot;&quot;,&quot;focal_length&quot;:&quot;0&quot;,&quot;iso&quot;:&quot;0&quot;,&quot;shutter_speed&quot;:&quot;0&quot;,&quot;title&quot;:&quot;&quot;,&quot;orientation&quot;:&quot;0&quot;}\" data-image-title=\"BANHO-DE-FREVO-INFANTIL-PAUDALHO14\" data-image-description=\"\" data-image-caption=\"\" data-medium-file=\"https:\/\/www.paudalho.pe.gov.br\/portal\/wp-content\/uploads\/2023\/02\/BANHO-DE-FREVO-INFANTIL-PAUDALHO14-350x230.jpg\" data-large-file=\"https:\/\/www.paudalho.pe.gov.br\/portal\/wp-content\/uploads\/2023\/02\/BANHO-DE-FREVO-INFANTIL-PAUDALHO14-800x450.jpg\" data-id=\"24771\" src=\"https:\/\/www.paudalho.pe.gov.br\/portal\/wp-content\/uploads\/2023\/02\/BANHO-DE-FREVO-INFANTIL-PAUDALHO14-800x450.jpg\" alt=\"\" class=\"wp-image-24771\"\/><\/figure>\n\n\n\n<figure class=\"wp-block-image size-large\"><img loading=\"lazy\" decoding=\"async\" width=\"800\" height=\"450\" data-attachment-id=\"24768\" data-permalink=\"https:\/\/www.paudalho.pe.gov.br\/portal\/programacao-do-banho-de-frevo-infantil-anima-as-criancas-no-carnaval-de-paudalho\/banho-de-frevo-infantil-paudalho15\/\" data-orig-file=\"https:\/\/www.paudalho.pe.gov.br\/portal\/wp-content\/uploads\/2023\/02\/BANHO-DE-FREVO-INFANTIL-PAUDALHO15.jpg\" data-orig-size=\"1280,853\" data-comments-opened=\"1\" data-image-meta=\"{&quot;aperture&quot;:&quot;0&quot;,&quot;credit&quot;:&quot;&quot;,&quot;camera&quot;:&quot;&quot;,&quot;caption&quot;:&quot;&quot;,&quot;created_timestamp&quot;:&quot;0&quot;,&quot;copyright&quot;:&quot;&quot;,&quot;focal_length&quot;:&quot;0&quot;,&quot;iso&quot;:&quot;0&quot;,&quot;shutter_speed&quot;:&quot;0&quot;,&quot;title&quot;:&quot;&quot;,&quot;orientation&quot;:&quot;0&quot;}\" data-image-title=\"BANHO-DE-FREVO-INFANTIL-PAUDALHO15\" data-image-description=\"\" data-image-caption=\"\" data-medium-file=\"https:\/\/www.paudalho.pe.gov.br\/portal\/wp-content\/uploads\/2023\/02\/BANHO-DE-FREVO-INFANTIL-PAUDALHO15-350x230.jpg\" data-large-file=\"https:\/\/www.paudalho.pe.gov.br\/portal\/wp-content\/uploads\/2023\/02\/BANHO-DE-FREVO-INFANTIL-PAUDALHO15-800x450.jpg\" data-id=\"24768\" src=\"https:\/\/www.paudalho.pe.gov.br\/portal\/wp-content\/uploads\/2023\/02\/BANHO-DE-FREVO-INFANTIL-PAUDALHO15-800x450.jpg\" alt=\"\" class=\"wp-image-24768\"\/><\/figure>\n\n\n\n<figure class=\"wp-block-image size-large\"><img loading=\"lazy\" decoding=\"async\" width=\"800\" height=\"450\" data-attachment-id=\"24774\" data-permalink=\"https:\/\/www.paudalho.pe.gov.br\/portal\/programacao-do-banho-de-frevo-infantil-anima-as-criancas-no-carnaval-de-paudalho\/banho-de-frevo-infantil-paudalho16\/\" data-orig-file=\"https:\/\/www.paudalho.pe.gov.br\/portal\/wp-content\/uploads\/2023\/02\/BANHO-DE-FREVO-INFANTIL-PAUDALHO16.jpg\" data-orig-size=\"853,1280\" data-comments-opened=\"1\" data-image-meta=\"{&quot;aperture&quot;:&quot;0&quot;,&quot;credit&quot;:&quot;&quot;,&quot;camera&quot;:&quot;&quot;,&quot;caption&quot;:&quot;&quot;,&quot;created_timestamp&quot;:&quot;0&quot;,&quot;copyright&quot;:&quot;&quot;,&quot;focal_length&quot;:&quot;0&quot;,&quot;iso&quot;:&quot;0&quot;,&quot;shutter_speed&quot;:&quot;0&quot;,&quot;title&quot;:&quot;&quot;,&quot;orientation&quot;:&quot;0&quot;}\" data-image-title=\"BANHO-DE-FREVO-INFANTIL-PAUDALHO16\" data-image-description=\"\" data-image-caption=\"\" data-medium-file=\"https:\/\/www.paudalho.pe.gov.br\/portal\/wp-content\/uploads\/2023\/02\/BANHO-DE-FREVO-INFANTIL-PAUDALHO16-350x230.jpg\" data-large-file=\"https:\/\/www.paudalho.pe.gov.br\/portal\/wp-content\/uploads\/2023\/02\/BANHO-DE-FREVO-INFANTIL-PAUDALHO16-800x450.jpg\" data-id=\"24774\" src=\"https:\/\/www.paudalho.pe.gov.br\/portal\/wp-content\/uploads\/2023\/02\/BANHO-DE-FREVO-INFANTIL-PAUDALHO16-800x450.jpg\" alt=\"\" class=\"wp-image-24774\"\/><\/figure>\n\n\n\n<figure class=\"wp-block-image size-large\"><img loading=\"lazy\" decoding=\"async\" width=\"800\" height=\"450\" data-attachment-id=\"24770\" data-permalink=\"https:\/\/www.paudalho.pe.gov.br\/portal\/programacao-do-banho-de-frevo-infantil-anima-as-criancas-no-carnaval-de-paudalho\/banho-de-frevo-infantil-paudalho17\/\" data-orig-file=\"https:\/\/www.paudalho.pe.gov.br\/portal\/wp-content\/uploads\/2023\/02\/BANHO-DE-FREVO-INFANTIL-PAUDALHO17.jpg\" data-orig-size=\"1280,853\" data-comments-opened=\"1\" data-image-meta=\"{&quot;aperture&quot;:&quot;0&quot;,&quot;credit&quot;:&quot;&quot;,&quot;camera&quot;:&quot;&quot;,&quot;caption&quot;:&quot;&quot;,&quot;created_timestamp&quot;:&quot;0&quot;,&quot;copyright&quot;:&quot;&quot;,&quot;focal_length&quot;:&quot;0&quot;,&quot;iso&quot;:&quot;0&quot;,&quot;shutter_speed&quot;:&quot;0&quot;,&quot;title&quot;:&quot;&quot;,&quot;orientation&quot;:&quot;0&quot;}\" data-image-title=\"BANHO-DE-FREVO-INFANTIL-PAUDALHO17\" data-image-description=\"\" data-image-caption=\"\" data-medium-file=\"https:\/\/www.paudalho.pe.gov.br\/portal\/wp-content\/uploads\/2023\/02\/BANHO-DE-FREVO-INFANTIL-PAUDALHO17-350x230.jpg\" data-large-file=\"https:\/\/www.paudalho.pe.gov.br\/portal\/wp-content\/uploads\/2023\/02\/BANHO-DE-FREVO-INFANTIL-PAUDALHO17-800x450.jpg\" data-id=\"24770\" src=\"https:\/\/www.paudalho.pe.gov.br\/portal\/wp-content\/uploads\/2023\/02\/BANHO-DE-FREVO-INFANTIL-PAUDALHO17-800x450.jpg\" alt=\"\" class=\"wp-image-24770\"\/><\/figure>\n\n\n\n<figure class=\"wp-block-image size-large\"><img decoding=\"async\" data-attachment-id=\"24760\" data-permalink=\"https:\/\/www.paudalho.pe.gov.br\/portal\/programacao-do-banho-de-frevo-infantil-anima-as-criancas-no-carnaval-de-paudalho\/banho-de-frevo-infantil-paudalho18\/\" data-orig-file=\"https:\/\/www.paudalho.pe.gov.br\/portal\/wp-content\/uploads\/2023\/02\/BANHO-DE-FREVO-INFANTIL-PAUDALHO18-e1700667902733.jpg\" data-orig-size=\"1280,649\" data-comments-opened=\"1\" data-image-meta=\"{&quot;aperture&quot;:&quot;0&quot;,&quot;credit&quot;:&quot;&quot;,&quot;camera&quot;:&quot;&quot;,&quot;caption&quot;:&quot;&quot;,&quot;created_timestamp&quot;:&quot;0&quot;,&quot;copyright&quot;:&quot;&quot;,&quot;focal_length&quot;:&quot;0&quot;,&quot;iso&quot;:&quot;0&quot;,&quot;shutter_speed&quot;:&quot;0&quot;,&quot;title&quot;:&quot;&quot;,&quot;orientation&quot;:&quot;0&quot;}\" data-image-title=\"BANHO-DE-FREVO-INFANTIL-PAUDALHO18\" data-image-description=\"\" data-image-caption=\"\" data-medium-file=\"https:\/\/www.paudalho.pe.gov.br\/portal\/wp-content\/uploads\/2023\/02\/BANHO-DE-FREVO-INFANTIL-PAUDALHO18-e1700667902733-350x230.jpg\" data-large-file=\"https:\/\/www.paudalho.pe.gov.br\/portal\/wp-content\/uploads\/2023\/02\/BANHO-DE-FREVO-INFANTIL-PAUDALHO18-e1700667902733-800x450.jpg\" data-id=\"24760\" src=\"https:\/\/www.paudalho.pe.gov.br\/portal\/wp-content\/uploads\/2023\/02\/BANHO-DE-FREVO-INFANTIL-PAUDALHO18-800x450.jpg\" alt=\"\" class=\"wp-image-24760\"\/><\/figure>\n\n\n\n<figure class=\"wp-block-image size-large\"><img loading=\"lazy\" decoding=\"async\" width=\"800\" height=\"450\" data-attachment-id=\"24759\" data-permalink=\"https:\/\/www.paudalho.pe.gov.br\/portal\/programacao-do-banho-de-frevo-infantil-anima-as-criancas-no-carnaval-de-paudalho\/banho-de-frevo-infantil-paudalho19\/\" data-orig-file=\"https:\/\/www.paudalho.pe.gov.br\/portal\/wp-content\/uploads\/2023\/02\/BANHO-DE-FREVO-INFANTIL-PAUDALHO19.jpg\" data-orig-size=\"853,1280\" data-comments-opened=\"1\" data-image-meta=\"{&quot;aperture&quot;:&quot;0&quot;,&quot;credit&quot;:&quot;&quot;,&quot;camera&quot;:&quot;&quot;,&quot;caption&quot;:&quot;&quot;,&quot;created_timestamp&quot;:&quot;0&quot;,&quot;copyright&quot;:&quot;&quot;,&quot;focal_length&quot;:&quot;0&quot;,&quot;iso&quot;:&quot;0&quot;,&quot;shutter_speed&quot;:&quot;0&quot;,&quot;title&quot;:&quot;&quot;,&quot;orientation&quot;:&quot;0&quot;}\" data-image-title=\"BANHO-DE-FREVO-INFANTIL-PAUDALHO19\" data-image-description=\"\" data-image-caption=\"\" data-medium-file=\"https:\/\/www.paudalho.pe.gov.br\/portal\/wp-content\/uploads\/2023\/02\/BANHO-DE-FREVO-INFANTIL-PAUDALHO19-350x230.jpg\" data-large-file=\"https:\/\/www.paudalho.pe.gov.br\/portal\/wp-content\/uploads\/2023\/02\/BANHO-DE-FREVO-INFANTIL-PAUDALHO19-800x450.jpg\" data-id=\"24759\" src=\"https:\/\/www.paudalho.pe.gov.br\/portal\/wp-content\/uploads\/2023\/02\/BANHO-DE-FREVO-INFANTIL-PAUDALHO19-800x450.jpg\" alt=\"\" class=\"wp-image-24759\"\/><\/figure>\n\n\n\n<figure class=\"wp-block-image size-large\"><img loading=\"lazy\" decoding=\"async\" width=\"800\" height=\"450\" data-attachment-id=\"24788\" data-permalink=\"https:\/\/www.paudalho.pe.gov.br\/portal\/programacao-do-banho-de-frevo-infantil-anima-as-criancas-no-carnaval-de-paudalho\/banho-de-frevo-infantil-paudalho20\/\" data-orig-file=\"https:\/\/www.paudalho.pe.gov.br\/portal\/wp-content\/uploads\/2023\/02\/BANHO-DE-FREVO-INFANTIL-PAUDALHO20.jpg\" data-orig-size=\"1280,853\" data-comments-opened=\"1\" data-image-meta=\"{&quot;aperture&quot;:&quot;0&quot;,&quot;credit&quot;:&quot;&quot;,&quot;camera&quot;:&quot;&quot;,&quot;caption&quot;:&quot;&quot;,&quot;created_timestamp&quot;:&quot;0&quot;,&quot;copyright&quot;:&quot;&quot;,&quot;focal_length&quot;:&quot;0&quot;,&quot;iso&quot;:&quot;0&quot;,&quot;shutter_speed&quot;:&quot;0&quot;,&quot;title&quot;:&quot;&quot;,&quot;orientation&quot;:&quot;0&quot;}\" data-image-title=\"BANHO-DE-FREVO-INFANTIL-PAUDALHO20\" data-image-description=\"\" data-image-caption=\"\" data-medium-file=\"https:\/\/www.paudalho.pe.gov.br\/portal\/wp-content\/uploads\/2023\/02\/BANHO-DE-FREVO-INFANTIL-PAUDALHO20-350x230.jpg\" data-large-file=\"https:\/\/www.paudalho.pe.gov.br\/portal\/wp-content\/uploads\/2023\/02\/BANHO-DE-FREVO-INFANTIL-PAUDALHO20-800x450.jpg\" data-id=\"24788\" src=\"https:\/\/www.paudalho.pe.gov.br\/portal\/wp-content\/uploads\/2023\/02\/BANHO-DE-FREVO-INFANTIL-PAUDALHO20-800x450.jpg\" alt=\"\" class=\"wp-image-24788\"\/><\/figure>\n\n\n\n<figure class=\"wp-block-image size-large\"><img loading=\"lazy\" decoding=\"async\" width=\"800\" height=\"450\" data-attachment-id=\"24783\" data-permalink=\"https:\/\/www.paudalho.pe.gov.br\/portal\/programacao-do-banho-de-frevo-infantil-anima-as-criancas-no-carnaval-de-paudalho\/banho-de-frevo-infantil-paudalho21\/\" data-orig-file=\"https:\/\/www.paudalho.pe.gov.br\/portal\/wp-content\/uploads\/2023\/02\/BANHO-DE-FREVO-INFANTIL-PAUDALHO21.jpg\" data-orig-size=\"853,1280\" data-comments-opened=\"1\" data-image-meta=\"{&quot;aperture&quot;:&quot;0&quot;,&quot;credit&quot;:&quot;&quot;,&quot;camera&quot;:&quot;&quot;,&quot;caption&quot;:&quot;&quot;,&quot;created_timestamp&quot;:&quot;0&quot;,&quot;copyright&quot;:&quot;&quot;,&quot;focal_length&quot;:&quot;0&quot;,&quot;iso&quot;:&quot;0&quot;,&quot;shutter_speed&quot;:&quot;0&quot;,&quot;title&quot;:&quot;&quot;,&quot;orientation&quot;:&quot;0&quot;}\" data-image-title=\"BANHO-DE-FREVO-INFANTIL-PAUDALHO21\" data-image-description=\"\" data-image-caption=\"\" data-medium-file=\"https:\/\/www.paudalho.pe.gov.br\/portal\/wp-content\/uploads\/2023\/02\/BANHO-DE-FREVO-INFANTIL-PAUDALHO21-350x230.jpg\" data-large-file=\"https:\/\/www.paudalho.pe.gov.br\/portal\/wp-content\/uploads\/2023\/02\/BANHO-DE-FREVO-INFANTIL-PAUDALHO21-800x450.jpg\" data-id=\"24783\" src=\"https:\/\/www.paudalho.pe.gov.br\/portal\/wp-content\/uploads\/2023\/02\/BANHO-DE-FREVO-INFANTIL-PAUDALHO21-800x450.jpg\" alt=\"\" class=\"wp-image-24783\"\/><\/figure>\n\n\n\n<figure class=\"wp-block-image size-large\"><img decoding=\"async\" data-attachment-id=\"24758\" data-permalink=\"https:\/\/www.paudalho.pe.gov.br\/portal\/programacao-do-banho-de-frevo-infantil-anima-as-criancas-no-carnaval-de-paudalho\/banho-de-frevo-infantil-paudalho22\/\" data-orig-file=\"https:\/\/www.paudalho.pe.gov.br\/portal\/wp-content\/uploads\/2023\/02\/BANHO-DE-FREVO-INFANTIL-PAUDALHO22-e1700506349282.jpg\" data-orig-size=\"846,536\" data-comments-opened=\"1\" data-image-meta=\"{&quot;aperture&quot;:&quot;0&quot;,&quot;credit&quot;:&quot;&quot;,&quot;camera&quot;:&quot;&quot;,&quot;caption&quot;:&quot;&quot;,&quot;created_timestamp&quot;:&quot;0&quot;,&quot;copyright&quot;:&quot;&quot;,&quot;focal_length&quot;:&quot;0&quot;,&quot;iso&quot;:&quot;0&quot;,&quot;shutter_speed&quot;:&quot;0&quot;,&quot;title&quot;:&quot;&quot;,&quot;orientation&quot;:&quot;0&quot;}\" data-image-title=\"BANHO-DE-FREVO-INFANTIL-PAUDALHO22\" data-image-description=\"\" data-image-caption=\"\" data-medium-file=\"https:\/\/www.paudalho.pe.gov.br\/portal\/wp-content\/uploads\/2023\/02\/BANHO-DE-FREVO-INFANTIL-PAUDALHO22-e1700506349282-350x230.jpg\" data-large-file=\"https:\/\/www.paudalho.pe.gov.br\/portal\/wp-content\/uploads\/2023\/02\/BANHO-DE-FREVO-INFANTIL-PAUDALHO22-e1700506349282-800x450.jpg\" data-id=\"24758\" src=\"https:\/\/www.paudalho.pe.gov.br\/portal\/wp-content\/uploads\/2023\/02\/BANHO-DE-FREVO-INFANTIL-PAUDALHO22-800x450.jpg\" alt=\"\" class=\"wp-image-24758\"\/><\/figure>\n\n\n\n<figure class=\"wp-block-image size-large\"><img loading=\"lazy\" decoding=\"async\" width=\"800\" height=\"450\" data-attachment-id=\"24769\" data-permalink=\"https:\/\/www.paudalho.pe.gov.br\/portal\/programacao-do-banho-de-frevo-infantil-anima-as-criancas-no-carnaval-de-paudalho\/banho-de-frevo-infantil-paudalho23\/\" data-orig-file=\"https:\/\/www.paudalho.pe.gov.br\/portal\/wp-content\/uploads\/2023\/02\/BANHO-DE-FREVO-INFANTIL-PAUDALHO23.jpg\" data-orig-size=\"853,1280\" data-comments-opened=\"1\" data-image-meta=\"{&quot;aperture&quot;:&quot;0&quot;,&quot;credit&quot;:&quot;&quot;,&quot;camera&quot;:&quot;&quot;,&quot;caption&quot;:&quot;&quot;,&quot;created_timestamp&quot;:&quot;0&quot;,&quot;copyright&quot;:&quot;&quot;,&quot;focal_length&quot;:&quot;0&quot;,&quot;iso&quot;:&quot;0&quot;,&quot;shutter_speed&quot;:&quot;0&quot;,&quot;title&quot;:&quot;&quot;,&quot;orientation&quot;:&quot;0&quot;}\" data-image-title=\"BANHO-DE-FREVO-INFANTIL-PAUDALHO23\" data-image-description=\"\" data-image-caption=\"\" data-medium-file=\"https:\/\/www.paudalho.pe.gov.br\/portal\/wp-content\/uploads\/2023\/02\/BANHO-DE-FREVO-INFANTIL-PAUDALHO23-350x230.jpg\" data-large-file=\"https:\/\/www.paudalho.pe.gov.br\/portal\/wp-content\/uploads\/2023\/02\/BANHO-DE-FREVO-INFANTIL-PAUDALHO23-800x450.jpg\" data-id=\"24769\" src=\"https:\/\/www.paudalho.pe.gov.br\/portal\/wp-content\/uploads\/2023\/02\/BANHO-DE-FREVO-INFANTIL-PAUDALHO23-800x450.jpg\" alt=\"\" class=\"wp-image-24769\"\/><\/figure>\n\n\n\n<figure class=\"wp-block-image size-large\"><img loading=\"lazy\" decoding=\"async\" width=\"800\" height=\"450\" data-attachment-id=\"24765\" data-permalink=\"https:\/\/www.paudalho.pe.gov.br\/portal\/programacao-do-banho-de-frevo-infantil-anima-as-criancas-no-carnaval-de-paudalho\/banho-de-frevo-infantil-paudalho24\/\" data-orig-file=\"https:\/\/www.paudalho.pe.gov.br\/portal\/wp-content\/uploads\/2023\/02\/BANHO-DE-FREVO-INFANTIL-PAUDALHO24.jpg\" data-orig-size=\"1280,853\" data-comments-opened=\"1\" data-image-meta=\"{&quot;aperture&quot;:&quot;0&quot;,&quot;credit&quot;:&quot;&quot;,&quot;camera&quot;:&quot;&quot;,&quot;caption&quot;:&quot;&quot;,&quot;created_timestamp&quot;:&quot;0&quot;,&quot;copyright&quot;:&quot;&quot;,&quot;focal_length&quot;:&quot;0&quot;,&quot;iso&quot;:&quot;0&quot;,&quot;shutter_speed&quot;:&quot;0&quot;,&quot;title&quot;:&quot;&quot;,&quot;orientation&quot;:&quot;0&quot;}\" data-image-title=\"BANHO-DE-FREVO-INFANTIL-PAUDALHO24\" data-image-description=\"\" data-image-caption=\"\" data-medium-file=\"https:\/\/www.paudalho.pe.gov.br\/portal\/wp-content\/uploads\/2023\/02\/BANHO-DE-FREVO-INFANTIL-PAUDALHO24-350x230.jpg\" data-large-file=\"https:\/\/www.paudalho.pe.gov.br\/portal\/wp-content\/uploads\/2023\/02\/BANHO-DE-FREVO-INFANTIL-PAUDALHO24-800x450.jpg\" data-id=\"24765\" src=\"https:\/\/www.paudalho.pe.gov.br\/portal\/wp-content\/uploads\/2023\/02\/BANHO-DE-FREVO-INFANTIL-PAUDALHO24-800x450.jpg\" alt=\"\" class=\"wp-image-24765\"\/><\/figure>\n\n\n\n<figure class=\"wp-block-image size-large\"><img loading=\"lazy\" decoding=\"async\" width=\"800\" height=\"450\" data-attachment-id=\"24781\" data-permalink=\"https:\/\/www.paudalho.pe.gov.br\/portal\/programacao-do-banho-de-frevo-infantil-anima-as-criancas-no-carnaval-de-paudalho\/banho-de-frevo-infantil-paudalho25\/\" data-orig-file=\"https:\/\/www.paudalho.pe.gov.br\/portal\/wp-content\/uploads\/2023\/02\/BANHO-DE-FREVO-INFANTIL-PAUDALHO25.jpg\" data-orig-size=\"1280,853\" data-comments-opened=\"1\" data-image-meta=\"{&quot;aperture&quot;:&quot;0&quot;,&quot;credit&quot;:&quot;&quot;,&quot;camera&quot;:&quot;&quot;,&quot;caption&quot;:&quot;&quot;,&quot;created_timestamp&quot;:&quot;0&quot;,&quot;copyright&quot;:&quot;&quot;,&quot;focal_length&quot;:&quot;0&quot;,&quot;iso&quot;:&quot;0&quot;,&quot;shutter_speed&quot;:&quot;0&quot;,&quot;title&quot;:&quot;&quot;,&quot;orientation&quot;:&quot;0&quot;}\" data-image-title=\"BANHO-DE-FREVO-INFANTIL-PAUDALHO25\" data-image-description=\"\" data-image-caption=\"\" data-medium-file=\"https:\/\/www.paudalho.pe.gov.br\/portal\/wp-content\/uploads\/2023\/02\/BANHO-DE-FREVO-INFANTIL-PAUDALHO25-350x230.jpg\" data-large-file=\"https:\/\/www.paudalho.pe.gov.br\/portal\/wp-content\/uploads\/2023\/02\/BANHO-DE-FREVO-INFANTIL-PAUDALHO25-800x450.jpg\" data-id=\"24781\" src=\"https:\/\/www.paudalho.pe.gov.br\/portal\/wp-content\/uploads\/2023\/02\/BANHO-DE-FREVO-INFANTIL-PAUDALHO25-800x450.jpg\" alt=\"\" class=\"wp-image-24781\"\/><\/figure>\n\n\n\n<figure class=\"wp-block-image size-large\"><img loading=\"lazy\" decoding=\"async\" width=\"800\" height=\"450\" data-attachment-id=\"24766\" data-permalink=\"https:\/\/www.paudalho.pe.gov.br\/portal\/programacao-do-banho-de-frevo-infantil-anima-as-criancas-no-carnaval-de-paudalho\/banho-de-frevo-infantil-paudalho26\/\" data-orig-file=\"https:\/\/www.paudalho.pe.gov.br\/portal\/wp-content\/uploads\/2023\/02\/BANHO-DE-FREVO-INFANTIL-PAUDALHO26.jpg\" data-orig-size=\"1280,853\" data-comments-opened=\"1\" data-image-meta=\"{&quot;aperture&quot;:&quot;0&quot;,&quot;credit&quot;:&quot;&quot;,&quot;camera&quot;:&quot;&quot;,&quot;caption&quot;:&quot;&quot;,&quot;created_timestamp&quot;:&quot;0&quot;,&quot;copyright&quot;:&quot;&quot;,&quot;focal_length&quot;:&quot;0&quot;,&quot;iso&quot;:&quot;0&quot;,&quot;shutter_speed&quot;:&quot;0&quot;,&quot;title&quot;:&quot;&quot;,&quot;orientation&quot;:&quot;0&quot;}\" data-image-title=\"BANHO-DE-FREVO-INFANTIL-PAUDALHO26\" data-image-description=\"\" data-image-caption=\"\" data-medium-file=\"https:\/\/www.paudalho.pe.gov.br\/portal\/wp-content\/uploads\/2023\/02\/BANHO-DE-FREVO-INFANTIL-PAUDALHO26-350x230.jpg\" data-large-file=\"https:\/\/www.paudalho.pe.gov.br\/portal\/wp-content\/uploads\/2023\/02\/BANHO-DE-FREVO-INFANTIL-PAUDALHO26-800x450.jpg\" data-id=\"24766\" src=\"https:\/\/www.paudalho.pe.gov.br\/portal\/wp-content\/uploads\/2023\/02\/BANHO-DE-FREVO-INFANTIL-PAUDALHO26-800x450.jpg\" alt=\"\" class=\"wp-image-24766\"\/><\/figure>\n\n\n\n<figure class=\"wp-block-image size-large\"><img loading=\"lazy\" decoding=\"async\" width=\"800\" height=\"450\" data-attachment-id=\"24761\" data-permalink=\"https:\/\/www.paudalho.pe.gov.br\/portal\/programacao-do-banho-de-frevo-infantil-anima-as-criancas-no-carnaval-de-paudalho\/banho-de-frevo-infantil-paudalho27\/\" data-orig-file=\"https:\/\/www.paudalho.pe.gov.br\/portal\/wp-content\/uploads\/2023\/02\/BANHO-DE-FREVO-INFANTIL-PAUDALHO27.jpg\" data-orig-size=\"1280,853\" data-comments-opened=\"1\" data-image-meta=\"{&quot;aperture&quot;:&quot;0&quot;,&quot;credit&quot;:&quot;&quot;,&quot;camera&quot;:&quot;&quot;,&quot;caption&quot;:&quot;&quot;,&quot;created_timestamp&quot;:&quot;0&quot;,&quot;copyright&quot;:&quot;&quot;,&quot;focal_length&quot;:&quot;0&quot;,&quot;iso&quot;:&quot;0&quot;,&quot;shutter_speed&quot;:&quot;0&quot;,&quot;title&quot;:&quot;&quot;,&quot;orientation&quot;:&quot;0&quot;}\" data-image-title=\"BANHO-DE-FREVO-INFANTIL-PAUDALHO27\" data-image-description=\"\" data-image-caption=\"\" data-medium-file=\"https:\/\/www.paudalho.pe.gov.br\/portal\/wp-content\/uploads\/2023\/02\/BANHO-DE-FREVO-INFANTIL-PAUDALHO27-350x230.jpg\" data-large-file=\"https:\/\/www.paudalho.pe.gov.br\/portal\/wp-content\/uploads\/2023\/02\/BANHO-DE-FREVO-INFANTIL-PAUDALHO27-800x450.jpg\" data-id=\"24761\" src=\"https:\/\/www.paudalho.pe.gov.br\/portal\/wp-content\/uploads\/2023\/02\/BANHO-DE-FREVO-INFANTIL-PAUDALHO27-800x450.jpg\" alt=\"\" class=\"wp-image-24761\"\/><\/figure>\n\n\n\n<figure class=\"wp-block-image size-large\"><img loading=\"lazy\" decoding=\"async\" width=\"800\" height=\"450\" data-attachment-id=\"24784\" data-permalink=\"https:\/\/www.paudalho.pe.gov.br\/portal\/programacao-do-banho-de-frevo-infantil-anima-as-criancas-no-carnaval-de-paudalho\/banho-de-frevo-infantil-paudalho29\/\" data-orig-file=\"https:\/\/www.paudalho.pe.gov.br\/portal\/wp-content\/uploads\/2023\/02\/BANHO-DE-FREVO-INFANTIL-PAUDALHO29.jpg\" data-orig-size=\"1280,853\" data-comments-opened=\"1\" data-image-meta=\"{&quot;aperture&quot;:&quot;0&quot;,&quot;credit&quot;:&quot;&quot;,&quot;camera&quot;:&quot;&quot;,&quot;caption&quot;:&quot;&quot;,&quot;created_timestamp&quot;:&quot;0&quot;,&quot;copyright&quot;:&quot;&quot;,&quot;focal_length&quot;:&quot;0&quot;,&quot;iso&quot;:&quot;0&quot;,&quot;shutter_speed&quot;:&quot;0&quot;,&quot;title&quot;:&quot;&quot;,&quot;orientation&quot;:&quot;0&quot;}\" data-image-title=\"BANHO-DE-FREVO-INFANTIL-PAUDALHO29\" data-image-description=\"\" data-image-caption=\"\" data-medium-file=\"https:\/\/www.paudalho.pe.gov.br\/portal\/wp-content\/uploads\/2023\/02\/BANHO-DE-FREVO-INFANTIL-PAUDALHO29-350x230.jpg\" data-large-file=\"https:\/\/www.paudalho.pe.gov.br\/portal\/wp-content\/uploads\/2023\/02\/BANHO-DE-FREVO-INFANTIL-PAUDALHO29-800x450.jpg\" data-id=\"24784\" src=\"https:\/\/www.paudalho.pe.gov.br\/portal\/wp-content\/uploads\/2023\/02\/BANHO-DE-FREVO-INFANTIL-PAUDALHO29-800x450.jpg\" alt=\"\" class=\"wp-image-24784\"\/><\/figure>\n\n\n\n<figure class=\"wp-block-image size-large\"><img loading=\"lazy\" decoding=\"async\" width=\"800\" height=\"450\" data-attachment-id=\"24778\" data-permalink=\"https:\/\/www.paudalho.pe.gov.br\/portal\/programacao-do-banho-de-frevo-infantil-anima-as-criancas-no-carnaval-de-paudalho\/banho-de-frevo-infantil-paudalho30\/\" data-orig-file=\"https:\/\/www.paudalho.pe.gov.br\/portal\/wp-content\/uploads\/2023\/02\/BANHO-DE-FREVO-INFANTIL-PAUDALHO30.jpg\" data-orig-size=\"1280,853\" data-comments-opened=\"1\" data-image-meta=\"{&quot;aperture&quot;:&quot;0&quot;,&quot;credit&quot;:&quot;&quot;,&quot;camera&quot;:&quot;&quot;,&quot;caption&quot;:&quot;&quot;,&quot;created_timestamp&quot;:&quot;0&quot;,&quot;copyright&quot;:&quot;&quot;,&quot;focal_length&quot;:&quot;0&quot;,&quot;iso&quot;:&quot;0&quot;,&quot;shutter_speed&quot;:&quot;0&quot;,&quot;title&quot;:&quot;&quot;,&quot;orientation&quot;:&quot;0&quot;}\" data-image-title=\"BANHO-DE-FREVO-INFANTIL-PAUDALHO30\" data-image-description=\"\" data-image-caption=\"\" data-medium-file=\"https:\/\/www.paudalho.pe.gov.br\/portal\/wp-content\/uploads\/2023\/02\/BANHO-DE-FREVO-INFANTIL-PAUDALHO30-350x230.jpg\" data-large-file=\"https:\/\/www.paudalho.pe.gov.br\/portal\/wp-content\/uploads\/2023\/02\/BANHO-DE-FREVO-INFANTIL-PAUDALHO30-800x450.jpg\" data-id=\"24778\" src=\"https:\/\/www.paudalho.pe.gov.br\/portal\/wp-content\/uploads\/2023\/02\/BANHO-DE-FREVO-INFANTIL-PAUDALHO30-800x450.jpg\" alt=\"\" class=\"wp-image-24778\"\/><\/figure>\n\n\n\n<figure class=\"wp-block-image size-large\"><img loading=\"lazy\" decoding=\"async\" width=\"800\" height=\"450\" data-attachment-id=\"24785\" data-permalink=\"https:\/\/www.paudalho.pe.gov.br\/portal\/programacao-do-banho-de-frevo-infantil-anima-as-criancas-no-carnaval-de-paudalho\/banho-de-frevo-infantil-paudalho31\/\" data-orig-file=\"https:\/\/www.paudalho.pe.gov.br\/portal\/wp-content\/uploads\/2023\/02\/BANHO-DE-FREVO-INFANTIL-PAUDALHO31.jpg\" data-orig-size=\"1280,853\" data-comments-opened=\"1\" data-image-meta=\"{&quot;aperture&quot;:&quot;0&quot;,&quot;credit&quot;:&quot;&quot;,&quot;camera&quot;:&quot;&quot;,&quot;caption&quot;:&quot;&quot;,&quot;created_timestamp&quot;:&quot;0&quot;,&quot;copyright&quot;:&quot;&quot;,&quot;focal_length&quot;:&quot;0&quot;,&quot;iso&quot;:&quot;0&quot;,&quot;shutter_speed&quot;:&quot;0&quot;,&quot;title&quot;:&quot;&quot;,&quot;orientation&quot;:&quot;0&quot;}\" data-image-title=\"BANHO-DE-FREVO-INFANTIL-PAUDALHO31\" data-image-description=\"\" data-image-caption=\"\" data-medium-file=\"https:\/\/www.paudalho.pe.gov.br\/portal\/wp-content\/uploads\/2023\/02\/BANHO-DE-FREVO-INFANTIL-PAUDALHO31-350x230.jpg\" data-large-file=\"https:\/\/www.paudalho.pe.gov.br\/portal\/wp-content\/uploads\/2023\/02\/BANHO-DE-FREVO-INFANTIL-PAUDALHO31-800x450.jpg\" data-id=\"24785\" src=\"https:\/\/www.paudalho.pe.gov.br\/portal\/wp-content\/uploads\/2023\/02\/BANHO-DE-FREVO-INFANTIL-PAUDALHO31-800x450.jpg\" alt=\"\" class=\"wp-image-24785\"\/><\/figure>\n\n\n\n<figure class=\"wp-block-image size-large\"><img loading=\"lazy\" decoding=\"async\" width=\"800\" height=\"450\" data-attachment-id=\"24786\" data-permalink=\"https:\/\/www.paudalho.pe.gov.br\/portal\/programacao-do-banho-de-frevo-infantil-anima-as-criancas-no-carnaval-de-paudalho\/banho-de-frevo-infantil-paudalho32\/\" data-orig-file=\"https:\/\/www.paudalho.pe.gov.br\/portal\/wp-content\/uploads\/2023\/02\/BANHO-DE-FREVO-INFANTIL-PAUDALHO32.jpg\" data-orig-size=\"1280,853\" data-comments-opened=\"1\" data-image-meta=\"{&quot;aperture&quot;:&quot;0&quot;,&quot;credit&quot;:&quot;&quot;,&quot;camera&quot;:&quot;&quot;,&quot;caption&quot;:&quot;&quot;,&quot;created_timestamp&quot;:&quot;0&quot;,&quot;copyright&quot;:&quot;&quot;,&quot;focal_length&quot;:&quot;0&quot;,&quot;iso&quot;:&quot;0&quot;,&quot;shutter_speed&quot;:&quot;0&quot;,&quot;title&quot;:&quot;&quot;,&quot;orientation&quot;:&quot;0&quot;}\" data-image-title=\"BANHO-DE-FREVO-INFANTIL-PAUDALHO32\" data-image-description=\"\" data-image-caption=\"\" data-medium-file=\"https:\/\/www.paudalho.pe.gov.br\/portal\/wp-content\/uploads\/2023\/02\/BANHO-DE-FREVO-INFANTIL-PAUDALHO32-350x230.jpg\" data-large-file=\"https:\/\/www.paudalho.pe.gov.br\/portal\/wp-content\/uploads\/2023\/02\/BANHO-DE-FREVO-INFANTIL-PAUDALHO32-800x450.jpg\" data-id=\"24786\" src=\"https:\/\/www.paudalho.pe.gov.br\/portal\/wp-content\/uploads\/2023\/02\/BANHO-DE-FREVO-INFANTIL-PAUDALHO32-800x450.jpg\" alt=\"\" class=\"wp-image-24786\"\/><\/figure>\n\n\n\n<figure class=\"wp-block-image size-large\"><img loading=\"lazy\" decoding=\"async\" width=\"800\" height=\"450\" data-attachment-id=\"24779\" data-permalink=\"https:\/\/www.paudalho.pe.gov.br\/portal\/programacao-do-banho-de-frevo-infantil-anima-as-criancas-no-carnaval-de-paudalho\/banho-de-frevo-infantil-paudalho34\/\" data-orig-file=\"https:\/\/www.paudalho.pe.gov.br\/portal\/wp-content\/uploads\/2023\/02\/BANHO-DE-FREVO-INFANTIL-PAUDALHO34.jpg\" data-orig-size=\"1280,853\" data-comments-opened=\"1\" data-image-meta=\"{&quot;aperture&quot;:&quot;0&quot;,&quot;credit&quot;:&quot;&quot;,&quot;camera&quot;:&quot;&quot;,&quot;caption&quot;:&quot;&quot;,&quot;created_timestamp&quot;:&quot;0&quot;,&quot;copyright&quot;:&quot;&quot;,&quot;focal_length&quot;:&quot;0&quot;,&quot;iso&quot;:&quot;0&quot;,&quot;shutter_speed&quot;:&quot;0&quot;,&quot;title&quot;:&quot;&quot;,&quot;orientation&quot;:&quot;0&quot;}\" data-image-title=\"BANHO-DE-FREVO-INFANTIL-PAUDALHO34\" data-image-description=\"\" data-image-caption=\"\" data-medium-file=\"https:\/\/www.paudalho.pe.gov.br\/portal\/wp-content\/uploads\/2023\/02\/BANHO-DE-FREVO-INFANTIL-PAUDALHO34-350x230.jpg\" data-large-file=\"https:\/\/www.paudalho.pe.gov.br\/portal\/wp-content\/uploads\/2023\/02\/BANHO-DE-FREVO-INFANTIL-PAUDALHO34-800x450.jpg\" data-id=\"24779\" src=\"https:\/\/www.paudalho.pe.gov.br\/portal\/wp-content\/uploads\/2023\/02\/BANHO-DE-FREVO-INFANTIL-PAUDALHO34-800x450.jpg\" alt=\"\" class=\"wp-image-24779\"\/><\/figure>\n\n\n\n<figure class=\"wp-block-image size-large\"><img loading=\"lazy\" decoding=\"async\" width=\"800\" height=\"450\" data-attachment-id=\"24777\" data-permalink=\"https:\/\/www.paudalho.pe.gov.br\/portal\/programacao-do-banho-de-frevo-infantil-anima-as-criancas-no-carnaval-de-paudalho\/banho-de-frevo-infantil-paudalho35\/\" data-orig-file=\"https:\/\/www.paudalho.pe.gov.br\/portal\/wp-content\/uploads\/2023\/02\/BANHO-DE-FREVO-INFANTIL-PAUDALHO35.jpg\" data-orig-size=\"1280,853\" data-comments-opened=\"1\" data-image-meta=\"{&quot;aperture&quot;:&quot;0&quot;,&quot;credit&quot;:&quot;&quot;,&quot;camera&quot;:&quot;&quot;,&quot;caption&quot;:&quot;&quot;,&quot;created_timestamp&quot;:&quot;0&quot;,&quot;copyright&quot;:&quot;&quot;,&quot;focal_length&quot;:&quot;0&quot;,&quot;iso&quot;:&quot;0&quot;,&quot;shutter_speed&quot;:&quot;0&quot;,&quot;title&quot;:&quot;&quot;,&quot;orientation&quot;:&quot;0&quot;}\" data-image-title=\"BANHO-DE-FREVO-INFANTIL-PAUDALHO35\" data-image-description=\"\" data-image-caption=\"\" data-medium-file=\"https:\/\/www.paudalho.pe.gov.br\/portal\/wp-content\/uploads\/2023\/02\/BANHO-DE-FREVO-INFANTIL-PAUDALHO35-350x230.jpg\" data-large-file=\"https:\/\/www.paudalho.pe.gov.br\/portal\/wp-content\/uploads\/2023\/02\/BANHO-DE-FREVO-INFANTIL-PAUDALHO35-800x450.jpg\" data-id=\"24777\" src=\"https:\/\/www.paudalho.pe.gov.br\/portal\/wp-content\/uploads\/2023\/02\/BANHO-DE-FREVO-INFANTIL-PAUDALHO35-800x450.jpg\" alt=\"\" class=\"wp-image-24777\"\/><\/figure>\n\n\n\n<figure class=\"wp-block-image size-large\"><img loading=\"lazy\" decoding=\"async\" width=\"800\" height=\"450\" data-attachment-id=\"24773\" data-permalink=\"https:\/\/www.paudalho.pe.gov.br\/portal\/programacao-do-banho-de-frevo-infantil-anima-as-criancas-no-carnaval-de-paudalho\/banho-de-frevo-infantil-paudalho36\/\" data-orig-file=\"https:\/\/www.paudalho.pe.gov.br\/portal\/wp-content\/uploads\/2023\/02\/BANHO-DE-FREVO-INFANTIL-PAUDALHO36.jpg\" data-orig-size=\"1280,853\" data-comments-opened=\"1\" data-image-meta=\"{&quot;aperture&quot;:&quot;0&quot;,&quot;credit&quot;:&quot;&quot;,&quot;camera&quot;:&quot;&quot;,&quot;caption&quot;:&quot;&quot;,&quot;created_timestamp&quot;:&quot;0&quot;,&quot;copyright&quot;:&quot;&quot;,&quot;focal_length&quot;:&quot;0&quot;,&quot;iso&quot;:&quot;0&quot;,&quot;shutter_speed&quot;:&quot;0&quot;,&quot;title&quot;:&quot;&quot;,&quot;orientation&quot;:&quot;0&quot;}\" data-image-title=\"BANHO-DE-FREVO-INFANTIL-PAUDALHO36\" data-image-description=\"\" data-image-caption=\"\" data-medium-file=\"https:\/\/www.paudalho.pe.gov.br\/portal\/wp-content\/uploads\/2023\/02\/BANHO-DE-FREVO-INFANTIL-PAUDALHO36-350x230.jpg\" data-large-file=\"https:\/\/www.paudalho.pe.gov.br\/portal\/wp-content\/uploads\/2023\/02\/BANHO-DE-FREVO-INFANTIL-PAUDALHO36-800x450.jpg\" data-id=\"24773\" src=\"https:\/\/www.paudalho.pe.gov.br\/portal\/wp-content\/uploads\/2023\/02\/BANHO-DE-FREVO-INFANTIL-PAUDALHO36-800x450.jpg\" alt=\"\" class=\"wp-image-24773\"\/><\/figure>\n\n\n\n<figure class=\"wp-block-image size-large\"><img loading=\"lazy\" decoding=\"async\" width=\"800\" height=\"450\" data-attachment-id=\"24782\" data-permalink=\"https:\/\/www.paudalho.pe.gov.br\/portal\/programacao-do-banho-de-frevo-infantil-anima-as-criancas-no-carnaval-de-paudalho\/banho-de-frevo-infantil-paudalho37\/\" data-orig-file=\"https:\/\/www.paudalho.pe.gov.br\/portal\/wp-content\/uploads\/2023\/02\/BANHO-DE-FREVO-INFANTIL-PAUDALHO37.jpg\" data-orig-size=\"1280,853\" data-comments-opened=\"1\" data-image-meta=\"{&quot;aperture&quot;:&quot;0&quot;,&quot;credit&quot;:&quot;&quot;,&quot;camera&quot;:&quot;&quot;,&quot;caption&quot;:&quot;&quot;,&quot;created_timestamp&quot;:&quot;0&quot;,&quot;copyright&quot;:&quot;&quot;,&quot;focal_length&quot;:&quot;0&quot;,&quot;iso&quot;:&quot;0&quot;,&quot;shutter_speed&quot;:&quot;0&quot;,&quot;title&quot;:&quot;&quot;,&quot;orientation&quot;:&quot;0&quot;}\" data-image-title=\"BANHO-DE-FREVO-INFANTIL-PAUDALHO37\" data-image-description=\"\" data-image-caption=\"\" data-medium-file=\"https:\/\/www.paudalho.pe.gov.br\/portal\/wp-content\/uploads\/2023\/02\/BANHO-DE-FREVO-INFANTIL-PAUDALHO37-350x230.jpg\" data-large-file=\"https:\/\/www.paudalho.pe.gov.br\/portal\/wp-content\/uploads\/2023\/02\/BANHO-DE-FREVO-INFANTIL-PAUDALHO37-800x450.jpg\" data-id=\"24782\" src=\"https:\/\/www.paudalho.pe.gov.br\/portal\/wp-content\/uploads\/2023\/02\/BANHO-DE-FREVO-INFANTIL-PAUDALHO37-800x450.jpg\" alt=\"\" class=\"wp-image-24782\"\/><\/figure>\n<\/figure>\n","protected":false},"excerpt":{"rendered":"<p>O Carnaval \u00e9 a festa mais democr\u00e1tica do Brasil, com uma mistura de ritmos, de pessoas e viv\u00eancias. E \u00e9 pensando nisso que o Carnaval Multicultural de Paudalho abre espa\u00e7o para uma parcela de pessoas que tanto gostam desse festejo, mas que nem sempre tem um espa\u00e7o voltado para elas: as crian\u00e7as. J\u00e1 sendo um [&hellip;]<\/p>\n","protected":false},"author":11,"featured_media":24745,"comment_status":"open","ping_status":"open","sticky":false,"template":"","format":"standard","meta":{"_jetpack_newsletter_access":"","_jetpack_dont_email_post_to_subs":false,"_jetpack_newsletter_tier_id":0,"_jetpack_memberships_contains_paywalled_content":false,"_jetpack_memberships_contains_paid_content":false,"footnotes":""},"categories":[37,2,1],"tags":[264,1112],"class_list":["post-24744","post","type-post","status-publish","format-standard","has-post-thumbnail","hentry","category-carnaval","category-destaque","category-noticias","tag-banho-de-frevo-infantil","tag-carnaval-2023"],"jetpack_featured_media_url":"https:\/\/www.paudalho.pe.gov.br\/portal\/wp-content\/uploads\/2023\/02\/BANHO-DE-FREVO-INFANTIL-PAUDALHO1.jpg","jetpack_sharing_enabled":true,"jetpack_shortlink":"https:\/\/wp.me\/p98mS2-6r6","_links":{"self":[{"href":"https:\/\/www.paudalho.pe.gov.br\/portal\/wp-json\/wp\/v2\/posts\/24744","targetHints":{"allow":["GET"]}}],"collection":[{"href":"https:\/\/www.paudalho.pe.gov.br\/portal\/wp-json\/wp\/v2\/posts"}],"about":[{"href":"https:\/\/www.paudalho.pe.gov.br\/portal\/wp-json\/wp\/v2\/types\/post"}],"author":[{"embeddable":true,"href":"https:\/\/www.paudalho.pe.gov.br\/portal\/wp-json\/wp\/v2\/users\/11"}],"replies":[{"embeddable":true,"href":"https:\/\/www.paudalho.pe.gov.br\/portal\/wp-json\/wp\/v2\/comments?post=24744"}],"version-history":[{"count":1,"href":"https:\/\/www.paudalho.pe.gov.br\/portal\/wp-json\/wp\/v2\/posts\/24744\/revisions"}],"predecessor-version":[{"id":24789,"href":"https:\/\/www.paudalho.pe.gov.br\/portal\/wp-json\/wp\/v2\/posts\/24744\/revisions\/24789"}],"wp:featuredmedia":[{"embeddable":true,"href":"https:\/\/www.paudalho.pe.gov.br\/portal\/wp-json\/wp\/v2\/media\/24745"}],"wp:attachment":[{"href":"https:\/\/www.paudalho.pe.gov.br\/portal\/wp-json\/wp\/v2\/media?parent=24744"}],"wp:term":[{"taxonomy":"category","embeddable":true,"href":"https:\/\/www.paudalho.pe.gov.br\/portal\/wp-json\/wp\/v2\/categories?post=24744"},{"taxonomy":"post_tag","embeddable":true,"href":"https:\/\/www.paudalho.pe.gov.br\/portal\/wp-json\/wp\/v2\/tags?post=24744"}],"curies":[{"name":"wp","href":"https:\/\/api.w.org\/{rel}","templated":true}]}}