{"id":2474,"date":"2018-02-04T02:52:21","date_gmt":"2018-02-04T05:52:21","guid":{"rendered":"http:\/\/www.paudalho.pe.gov.br\/portal\/?p=2474"},"modified":"2018-02-05T12:27:39","modified_gmt":"2018-02-05T15:27:39","slug":"alceu-valenca-e-um-dos-destaques-do-carnaval-em-paudalho","status":"publish","type":"post","link":"https:\/\/www.paudalho.pe.gov.br\/portal\/alceu-valenca-e-um-dos-destaques-do-carnaval-em-paudalho\/","title":{"rendered":"Alceu Valen\u00e7a \u00e9 um dos destaques do Carnaval em Paudalho"},"content":{"rendered":"<p>A Prefeitura do Paudalho superou a crise financeira que atinge o Brasil, a falta de incentivo cultural e preparou uma programa\u00e7\u00e3o especial para o Carnaval 2018. No tradicional Banho de Frevo que come\u00e7a no domingo (11), a programa\u00e7\u00e3o ser\u00e1 iniciada \u00e0s 14, com a Orquestra do Clube Estrela, Jo\u00e3o do Morro e N\u00e1dia Maia.<\/p>\n<p>J\u00e1 na segunda-feira (12), a alegria e a descontra\u00e7\u00e3o se misturam nos ritmos do MC Troia, do cantor consagrado Alceu Valen\u00e7a e da Orquestra do Clube Cruzeiro do Sul. Na ter\u00e7a-feira (13), a folia continua com a Orquestra do Clube Lenhadores, Andr\u00e9 Marreta e Chicote El\u00e9trico. Todas as apresenta\u00e7\u00f5es ser\u00e3o no P\u00e1tio de Eventos Beira-Rio, no centro da cidade.<\/p>\n<p>Com extensa programa\u00e7\u00e3o cultural e com quase 200 agremia\u00e7\u00f5es e blocos, a \u201cLinda Flor da Mata\u201d \u00e9 destaque no quesito cultura popular e destino tur\u00edstico no Carnaval. A estimativa \u00e9 que, por dia, mais de 100 mil pessoas participem da festa no Munic\u00edpio.<\/p>\n<h2>Banho de Frevo Infantil<\/h2>\n<p>Pela primeira vez a vers\u00e3o infantil da programa\u00e7\u00e3o vai ocorrer durante os tr\u00eas dias. O Banho de Cheiro Infantil come\u00e7ar\u00e1 no domingo (11) com a banda Bal\u00e3o da Alegria. Na segunda-feira (12) a crian\u00e7ada vai se divertir ao som da banda \u201cA Barca Maluca\u201d. J\u00e1 na ter\u00e7a-feira (13), a banda Bal\u00e3o da Alegria sobe novamente ao palco para animar os pequenos.<\/p>\n<p>O evento come\u00e7ar\u00e1 todos os dias a partir das 9h. Para o secret\u00e1rio de Cultura, Turismo, Esporte e Juventude, Jobson Oliveira, o Carnaval n\u00e3o tem idade. \u201cAs crian\u00e7as tamb\u00e9m v\u00e3o ter uma programa\u00e7\u00e3o. O Banho de Cheiro Infantil tem o objetivo de proporcionar a folia para os pequenos e isso \u00e9 maravilhoso. A gest\u00e3o se preocupa com os mun\u00edcipes n\u00e3o se importando com a idade\u201d, detalhou.<\/p>\n<h2>O Carnaval j\u00e1 come\u00e7ou<\/h2>\n<p>As pr\u00e9vias come\u00e7aram desde o dia 29 de janeiro e seguem at\u00e9 o dia 12 com desfiles de blocos todas as noites pelas principais ruas da cidade. <strong>Confira a programa\u00e7\u00e3o completa na \u00edntegra:<\/strong><\/p>\n<p>&nbsp;<\/p>\n<table width=\"640\">\n<tbody>\n<tr>\n<td width=\"57\">DIA<\/td>\n<td width=\"176\">ATRA\u00c7\u00c3O<\/td>\n<td width=\"100\">INICIO TERMINO<\/td>\n<td width=\"180\">LOCAL DE SA\u00cdDA<\/td>\n<td width=\"127\">P\u00daBLICO ESTIMADO<\/td>\n<\/tr>\n<tr>\n<td width=\"57\">29\/01<\/td>\n<td width=\"176\">BLOCO S\u00d3 VAI QUEM CHUPA<\/td>\n<td width=\"100\">20 \u00e0s 23 horas<\/td>\n<td width=\"180\">SENADOR\u00a0 PINHEIRO RAMOS<\/td>\n<td width=\"127\">3.000<\/td>\n<\/tr>\n<tr>\n<td width=\"57\">29\/01<\/td>\n<td width=\"176\">CACARECO<\/td>\n<td width=\"100\">17 \u00e0s 21 horas<\/td>\n<td width=\"180\">SEDE DA 22 DE NOVEMBRO<\/td>\n<td width=\"127\">1.500<\/td>\n<\/tr>\n<tr>\n<td width=\"57\">30\/01<\/td>\n<td width=\"176\">ACORDA CORNO<\/td>\n<td width=\"100\">20 \u00e0s 23 horas<\/td>\n<td width=\"180\">RUA PADRE EM\u00cdDIO<\/td>\n<td width=\"127\">2.000<\/td>\n<\/tr>\n<tr>\n<td width=\"57\">30\/01<\/td>\n<td width=\"176\">MINHOCA TRONCHA<\/td>\n<td width=\"100\">20 \u00e0s 23 horas<\/td>\n<td width=\"180\">RUA PADRE EM\u00cdDIO<\/td>\n<td width=\"127\">1.000<\/td>\n<\/tr>\n<tr>\n<td width=\"57\">31\/01<\/td>\n<td width=\"176\">ENSAIO GERAL DO ESTRELA<\/td>\n<td width=\"100\">20 \u00e0s 23 horas<\/td>\n<td width=\"180\">AVENIDA RAUL BANDEIRA<\/td>\n<td width=\"127\">15.000<\/td>\n<\/tr>\n<tr>\n<td width=\"57\">02\/02<\/td>\n<td width=\"176\">BLOCA TORA PAU<\/td>\n<td width=\"100\">20 \u00e0s 23 horas<\/td>\n<td width=\"180\">RUA DA SERRARIA\u00a0 \/ALTO SANTA TEREZA<\/td>\n<td width=\"127\">4.000<\/td>\n<\/tr>\n<tr>\n<td width=\"57\">04\/02<\/td>\n<td width=\"176\">AS FUXIQUEIRAS<\/td>\n<td width=\"100\">17 \u00e1s 23 horas<\/td>\n<td width=\"180\">ALTO DOIS IRM\u00c3OS<\/td>\n<td width=\"127\">1.000<\/td>\n<\/tr>\n<tr>\n<td width=\"57\">04\/02<\/td>\n<td width=\"176\">BLOCO LOCOMOTIVA<\/td>\n<td width=\"100\">15 \u00e0s 22 horas<\/td>\n<td width=\"180\">PRA\u00c7A HERCULANO BANDEIRA<\/td>\n<td width=\"127\">10.000<\/td>\n<\/tr>\n<tr>\n<td width=\"57\">05\/02<\/td>\n<td width=\"176\">BLOCO DO PINGU\u00c7O<\/td>\n<td width=\"100\">20 \u00e0s 23 horas<\/td>\n<td width=\"180\">RUA DA LINHA<\/td>\n<td width=\"127\">3.000<\/td>\n<\/tr>\n<tr>\n<td width=\"57\">05\/02<\/td>\n<td width=\"176\">BLOCO DOS INSTRUMENTOS<\/td>\n<td width=\"100\">20 \u00e0s 23 horas<\/td>\n<td width=\"180\">RUA TIRADENTES<\/td>\n<td width=\"127\">3.000<\/td>\n<\/tr>\n<tr>\n<td width=\"57\">06\/02<\/td>\n<td width=\"176\">ENSAIO GERAL DO CLUBE CRUZEIRO DO SUL<\/td>\n<td width=\"100\">20 \u00e0s 23 horas<\/td>\n<td width=\"180\">ALTO DOIS IRM\u00c3OS<\/td>\n<td width=\"127\">10.000<\/td>\n<\/tr>\n<tr>\n<td width=\"57\">07\/02<\/td>\n<td width=\"176\">ENSAIO GERAL DO CLUBE LENHADORES DE\u00a0 PAUDALHO<\/td>\n<td width=\"100\">20 \u00e0s 23 horas<\/td>\n<td width=\"180\">PRA\u00c7A PEDRO COUTINHO<\/td>\n<td width=\"127\">15.000<\/td>\n<\/tr>\n<tr>\n<td width=\"57\">08\/02<\/td>\n<td width=\"176\">NA PEGADA\u00a0 GG<\/td>\n<td width=\"100\">20 \u00e0s 23 horas<\/td>\n<td width=\"180\">PRA\u00c7A HERCULANO BANDEIRA<\/td>\n<td width=\"127\">10.000<\/td>\n<\/tr>\n<tr>\n<td width=\"57\">09\/02<\/td>\n<td width=\"176\">AS DONZELAS<\/td>\n<td width=\"100\">20 \u00e0s 23 horas<\/td>\n<td width=\"180\">PRA\u00c7A S\u00c3O MIGUEL<\/td>\n<td width=\"127\">10.000<\/td>\n<\/tr>\n<tr>\n<td width=\"57\">10\/02<\/td>\n<td width=\"176\">QUEM FOR CORNO VENHA<\/td>\n<td width=\"100\">20 \u00e0s 23 horas<\/td>\n<td width=\"180\">RUA PACHECO FILHO<\/td>\n<td width=\"127\">3.000<\/td>\n<\/tr>\n<tr>\n<td width=\"57\">10\/02<\/td>\n<td width=\"176\">\u00a0O CABAR\u00c9<\/td>\n<td width=\"100\">19H<\/td>\n<td width=\"180\">ALTO DOIS IRM\u00c3OS<\/td>\n<td width=\"127\">2.000<\/td>\n<\/tr>\n<tr>\n<td width=\"57\">12\/02<\/td>\n<td width=\"176\">BLOCO DO PINGU\u00c7O<\/td>\n<td width=\"100\">20 \u00e0s 23 horas<\/td>\n<td width=\"180\">RUA DA LINHA<\/td>\n<td width=\"127\">2.000<\/td>\n<\/tr>\n<tr>\n<td width=\"57\">12\/02<\/td>\n<td width=\"176\">TORA PAU<\/td>\n<td width=\"100\">20 \u00e0s 23 horas<\/td>\n<td width=\"180\">ALTO SANTA TEREZA<\/td>\n<td width=\"127\">2.000<\/td>\n<\/tr>\n<\/tbody>\n<\/table>\n<h2>Homenageado<\/h2>\n<p>Eufr\u00e1sio Gouveia Nasceu em 07 de novembro de 1918 e foi o 30\u00ba\u00b7 prefeito da cidade. Desde pequeno j\u00e1 mostrava lideran\u00e7a. Enquanto esteve \u00e0 frente da Prefeitura entre os anos de 1966 e 1969 foi considerado o grande iniciador do trabalho. Entre as centenas de a\u00e7\u00f5es que realizou podemos destacar a constru\u00e7\u00e3o da Maternidade Laura Bandeira de Melo \u2013 que abriga as instala\u00e7\u00f5es da futura Unidade de Pronto Atendimento (UPA) do Munic\u00edpio; do ent\u00e3o \u201cGin\u00e1sio\u201d Municipal de Paudalho, o atual Col\u00e9gio Municipal do Paudalho (CMP) Carmem Pinheiro Campos Gouveia \u2013 fundado em janeiro de 1969, que tem 1.389 alunos matriculados; o Est\u00e1dio Municipal, localizado no bairro da Primavera; e a constru\u00e7\u00e3o de 106 casas populares, com a cria\u00e7\u00e3o de duas vilas residenciais, sendo uma delas localizada \u00e0 margem da BR 408, conhecida como \u201cVila da Pista\u201d, e a outra, na localidade do Alto do Cruzeiro. Foi o primeiro a pavimentar ruas do Alto Dois Irm\u00e3os, Livramento, Pra\u00e7a Santa Tereza, Rua da Linha e implantou o primeiro servi\u00e7o de limpeza urbana.<\/p>\n<p>Mas, o destaque n\u00e3o foi apenas na gest\u00e3o. O ex-prefeito foi escolhido como grande homenageado do Carnaval 2018 pela sua contribui\u00e7\u00e3o cultural aos clubes e agremia\u00e7\u00f5es da cidade. Eufr\u00e1sio Gouveia, por exemplo, cedeu o terreno e construiu com recursos pr\u00f3prios o pr\u00e9dio do centen\u00e1rio Clube Estrela do Paudalho. Sempre foi um incentivador da cultura no Munic\u00edpio fomentando a festa de Momo mesmo quando n\u00e3o estava \u00e0 frente da Prefeitura.<\/p>\n<h2>Hist\u00f3ria<\/h2>\n<p>Em 2018, Paudalho completar\u00e1 207 anos como Munic\u00edpio. Sua funda\u00e7\u00e3o ocorreu no final do s\u00e9culo XVII, pelos franciscanos em um aldeamento de \u00edndios cerca de duas l\u00e9guas do Rio Capibaribe. A hist\u00f3ria do Munic\u00edpio, que fica na Mata Norte de Pernambuco, se confunde com a trajet\u00f3ria de in\u00edcio do Estado e do Brasil. No Carnaval n\u00e3o \u00e9 diferente. A cidade tamb\u00e9m \u00e9 refer\u00eancia na regi\u00e3o. Com seus clubes centen\u00e1rios como, por exemplo: o Estrela do Paudalho e o Clube Lenhadores. Pela sua grande contribui\u00e7\u00e3o cultural, a cidade tem sido destaque no quesito Carnaval.<\/p>\n<p>&nbsp;<\/p>\n<p>&nbsp;<\/p>\n","protected":false},"excerpt":{"rendered":"<p>A Prefeitura do Paudalho superou a crise financeira que atinge o Brasil, a falta de incentivo cultural e preparou uma programa\u00e7\u00e3o especial para o Carnaval 2018. No tradicional Banho de Frevo que come\u00e7a no domingo (11), a programa\u00e7\u00e3o ser\u00e1 iniciada \u00e0s 14, com a Orquestra do Clube Estrela, Jo\u00e3o do Morro e N\u00e1dia Maia. J\u00e1 [&hellip;]<\/p>\n","protected":false},"author":4,"featured_media":2475,"comment_status":"open","ping_status":"open","sticky":false,"template":"","format":"standard","meta":{"_jetpack_newsletter_access":"","_jetpack_dont_email_post_to_subs":false,"_jetpack_newsletter_tier_id":0,"_jetpack_memberships_contains_paywalled_content":false,"_jetpack_memberships_contains_paid_content":false,"footnotes":""},"categories":[6,2],"tags":[38,256,14,22],"class_list":["post-2474","post","type-post","status-publish","format-standard","has-post-thumbnail","hentry","category-cultura","category-destaque","tag-carnaval","tag-festa-de-momo","tag-paudalho","tag-prefeitura-do-paudalho"],"jetpack_featured_media_url":"https:\/\/www.paudalho.pe.gov.br\/portal\/wp-content\/uploads\/2018\/02\/608ae3c9-c342-48f2-9869-bd7e0f3efc52.jpg","jetpack_sharing_enabled":true,"jetpack_shortlink":"https:\/\/wp.me\/p98mS2-DU","_links":{"self":[{"href":"https:\/\/www.paudalho.pe.gov.br\/portal\/wp-json\/wp\/v2\/posts\/2474","targetHints":{"allow":["GET"]}}],"collection":[{"href":"https:\/\/www.paudalho.pe.gov.br\/portal\/wp-json\/wp\/v2\/posts"}],"about":[{"href":"https:\/\/www.paudalho.pe.gov.br\/portal\/wp-json\/wp\/v2\/types\/post"}],"author":[{"embeddable":true,"href":"https:\/\/www.paudalho.pe.gov.br\/portal\/wp-json\/wp\/v2\/users\/4"}],"replies":[{"embeddable":true,"href":"https:\/\/www.paudalho.pe.gov.br\/portal\/wp-json\/wp\/v2\/comments?post=2474"}],"version-history":[{"count":12,"href":"https:\/\/www.paudalho.pe.gov.br\/portal\/wp-json\/wp\/v2\/posts\/2474\/revisions"}],"predecessor-version":[{"id":2508,"href":"https:\/\/www.paudalho.pe.gov.br\/portal\/wp-json\/wp\/v2\/posts\/2474\/revisions\/2508"}],"wp:featuredmedia":[{"embeddable":true,"href":"https:\/\/www.paudalho.pe.gov.br\/portal\/wp-json\/wp\/v2\/media\/2475"}],"wp:attachment":[{"href":"https:\/\/www.paudalho.pe.gov.br\/portal\/wp-json\/wp\/v2\/media?parent=2474"}],"wp:term":[{"taxonomy":"category","embeddable":true,"href":"https:\/\/www.paudalho.pe.gov.br\/portal\/wp-json\/wp\/v2\/categories?post=2474"},{"taxonomy":"post_tag","embeddable":true,"href":"https:\/\/www.paudalho.pe.gov.br\/portal\/wp-json\/wp\/v2\/tags?post=2474"}],"curies":[{"name":"wp","href":"https:\/\/api.w.org\/{rel}","templated":true}]}}