{"id":2469,"date":"2018-02-02T12:44:13","date_gmt":"2018-02-02T15:44:13","guid":{"rendered":"http:\/\/www.paudalho.pe.gov.br\/portal\/?p=2469"},"modified":"2018-02-02T12:45:22","modified_gmt":"2018-02-02T15:45:22","slug":"prefeitura-do-paudalho-realiza-reuniao-com-ambulantes-para-o-carnaval","status":"publish","type":"post","link":"https:\/\/www.paudalho.pe.gov.br\/portal\/prefeitura-do-paudalho-realiza-reuniao-com-ambulantes-para-o-carnaval\/","title":{"rendered":"Prefeitura do Paudalho realiza reuni\u00e3o com ambulantes para o Carnaval"},"content":{"rendered":"<p>A Secretaria Executiva de Agricultura e Abastecimento (SEAA) realiza uma reuni\u00e3o com os microempreendedores inscritos para comercializar no Carnaval 2018 na pr\u00f3xima quarta-feira (7). O evento ocorrer\u00e1 na sede da Banda Filarm\u00f4nica 22 de Novembro que fica no centro da cidade. Para microempreendedores que v\u00e3o comercializar com carro de m\u00e3o, a reuni\u00e3o ser\u00e1 a partir das 9h30. J\u00e1 para comerciantes que estar\u00e3o em barracas padronizadas e tendas, o ajuntamento vai ocorrer \u00e0s 14h30.<\/p>\n<p>De acordo o secret\u00e1rio executivo de Agricultura e Abastecimento, Josim\u00e1rio M\u00e1rques, o\u00a0objetivo \u00e9 organizar os trabalhadores para a maior festa de Momo da regi\u00e3o. \u201cO objetivo \u00e9 ordenar quem vai vender e conhecer essas pessoas, conhecer os problemas e ordenar os espa\u00e7os. Ent\u00e3o \u00e9 importante que os ambulantes que queiram participar da festa fa\u00e7am o seu cadastro\u201d, comentou. Para d\u00favidas, a Secretaria Executiva de Agricultura e Abastecimento disponibiliza o n\u00famero 3636-3125.<\/p>\n","protected":false},"excerpt":{"rendered":"<p>A Secretaria Executiva de Agricultura e Abastecimento (SEAA) realiza uma reuni\u00e3o com os microempreendedores inscritos para comercializar no Carnaval 2018 na pr\u00f3xima quarta-feira (7). O evento ocorrer\u00e1 na sede da Banda Filarm\u00f4nica 22 de Novembro que fica no centro da cidade. Para microempreendedores que v\u00e3o comercializar com carro de m\u00e3o, a reuni\u00e3o ser\u00e1 a partir [&hellip;]<\/p>\n","protected":false},"author":4,"featured_media":2470,"comment_status":"open","ping_status":"open","sticky":false,"template":"","format":"standard","meta":{"_jetpack_newsletter_access":"","_jetpack_dont_email_post_to_subs":false,"_jetpack_newsletter_tier_id":0,"_jetpack_memberships_contains_paywalled_content":false,"_jetpack_memberships_contains_paid_content":false,"footnotes":""},"categories":[2,1],"tags":[251,38,22],"class_list":["post-2469","post","type-post","status-publish","format-standard","has-post-thumbnail","hentry","category-destaque","category-noticias","tag-ambulantes","tag-carnaval","tag-prefeitura-do-paudalho"],"jetpack_featured_media_url":"https:\/\/www.paudalho.pe.gov.br\/portal\/wp-content\/uploads\/2018\/02\/Reuni\u00e3o-com-agremia\u00e7\u00f5es-carnavalescas-2F-Sexta-feira-5-1.png","jetpack_sharing_enabled":true,"jetpack_shortlink":"https:\/\/wp.me\/p98mS2-DP","_links":{"self":[{"href":"https:\/\/www.paudalho.pe.gov.br\/portal\/wp-json\/wp\/v2\/posts\/2469","targetHints":{"allow":["GET"]}}],"collection":[{"href":"https:\/\/www.paudalho.pe.gov.br\/portal\/wp-json\/wp\/v2\/posts"}],"about":[{"href":"https:\/\/www.paudalho.pe.gov.br\/portal\/wp-json\/wp\/v2\/types\/post"}],"author":[{"embeddable":true,"href":"https:\/\/www.paudalho.pe.gov.br\/portal\/wp-json\/wp\/v2\/users\/4"}],"replies":[{"embeddable":true,"href":"https:\/\/www.paudalho.pe.gov.br\/portal\/wp-json\/wp\/v2\/comments?post=2469"}],"version-history":[{"count":1,"href":"https:\/\/www.paudalho.pe.gov.br\/portal\/wp-json\/wp\/v2\/posts\/2469\/revisions"}],"predecessor-version":[{"id":2471,"href":"https:\/\/www.paudalho.pe.gov.br\/portal\/wp-json\/wp\/v2\/posts\/2469\/revisions\/2471"}],"wp:featuredmedia":[{"embeddable":true,"href":"https:\/\/www.paudalho.pe.gov.br\/portal\/wp-json\/wp\/v2\/media\/2470"}],"wp:attachment":[{"href":"https:\/\/www.paudalho.pe.gov.br\/portal\/wp-json\/wp\/v2\/media?parent=2469"}],"wp:term":[{"taxonomy":"category","embeddable":true,"href":"https:\/\/www.paudalho.pe.gov.br\/portal\/wp-json\/wp\/v2\/categories?post=2469"},{"taxonomy":"post_tag","embeddable":true,"href":"https:\/\/www.paudalho.pe.gov.br\/portal\/wp-json\/wp\/v2\/tags?post=2469"}],"curies":[{"name":"wp","href":"https:\/\/api.w.org\/{rel}","templated":true}]}}