{"id":24668,"date":"2023-02-20T13:43:51","date_gmt":"2023-02-20T16:43:51","guid":{"rendered":"https:\/\/www.paudalho.pe.gov.br\/portal\/?p=24668"},"modified":"2023-02-20T13:43:51","modified_gmt":"2023-02-20T16:43:51","slug":"1o-dia-do-carnaval-de-paudalho-e-marcado-pelo-banho-de-frevo-infantil-atracoes-culturais-desfiles-e-shows-de-alceu-valenca-e-nadia-maia","status":"publish","type":"post","link":"https:\/\/www.paudalho.pe.gov.br\/portal\/1o-dia-do-carnaval-de-paudalho-e-marcado-pelo-banho-de-frevo-infantil-atracoes-culturais-desfiles-e-shows-de-alceu-valenca-e-nadia-maia\/","title":{"rendered":"<strong>1\u00ba dia do Carnaval de Paudalho \u00e9 marcado pelo Banho de Frevo Infantil, atra\u00e7\u00f5es culturais, desfiles e shows de Alceu Valen\u00e7a e N\u00e1dia Maia<\/strong>"},"content":{"rendered":"\n<p>Desde 2020 sem realizar a tradicional festa de Carnaval devido a pandemia de Covid-19, o primeiro dia da volta do festejo de Paudalho foi um sucesso. Neste domingo (19) foi dado o in\u00edcio das apresenta\u00e7\u00f5es nos dois polos carnavalescos da cidade, com cerca de 100 mil pessoas circulando pelo local.<\/p>\n\n\n\n<p>No Polo Principal, localizado no P\u00e1tio de Eventos Beira-Rio, a comemora\u00e7\u00e3o come\u00e7ou \u00e0s 9h, com o Banho de Frevo Infantil. Na ocasi\u00e3o, crian\u00e7as e pais puderam se divertir ao som do cantor Tio Bruninho, que trouxe para o palco dan\u00e7arinos e personagens protagonistas das m\u00fasicas cl\u00e1ssicas da inf\u00e2ncia, como Seu Rato e a Dona Aranha.<\/p>\n\n\n\n<figure class=\"wp-block-image size-large\"><img loading=\"lazy\" decoding=\"async\" width=\"800\" height=\"450\" data-attachment-id=\"24669\" data-permalink=\"https:\/\/www.paudalho.pe.gov.br\/portal\/1o-dia-do-carnaval-de-paudalho-e-marcado-pelo-banho-de-frevo-infantil-atracoes-culturais-desfiles-e-shows-de-alceu-valenca-e-nadia-maia\/banho-de-frevo-infantil-paudalho\/\" data-orig-file=\"https:\/\/www.paudalho.pe.gov.br\/portal\/wp-content\/uploads\/2023\/02\/BANHO-DE-FREVO-INFANTIL-PAUDALHO.jpg\" data-orig-size=\"1280,853\" data-comments-opened=\"1\" data-image-meta=\"{&quot;aperture&quot;:&quot;0&quot;,&quot;credit&quot;:&quot;&quot;,&quot;camera&quot;:&quot;&quot;,&quot;caption&quot;:&quot;&quot;,&quot;created_timestamp&quot;:&quot;0&quot;,&quot;copyright&quot;:&quot;&quot;,&quot;focal_length&quot;:&quot;0&quot;,&quot;iso&quot;:&quot;0&quot;,&quot;shutter_speed&quot;:&quot;0&quot;,&quot;title&quot;:&quot;&quot;,&quot;orientation&quot;:&quot;0&quot;}\" data-image-title=\"BANHO-DE-FREVO-INFANTIL-PAUDALHO\" data-image-description=\"\" data-image-caption=\"\" data-medium-file=\"https:\/\/www.paudalho.pe.gov.br\/portal\/wp-content\/uploads\/2023\/02\/BANHO-DE-FREVO-INFANTIL-PAUDALHO-350x230.jpg\" data-large-file=\"https:\/\/www.paudalho.pe.gov.br\/portal\/wp-content\/uploads\/2023\/02\/BANHO-DE-FREVO-INFANTIL-PAUDALHO-800x450.jpg\" src=\"https:\/\/www.paudalho.pe.gov.br\/portal\/wp-content\/uploads\/2023\/02\/BANHO-DE-FREVO-INFANTIL-PAUDALHO-800x450.jpg\" alt=\"\" class=\"wp-image-24669\"\/><\/figure>\n\n\n\n<p>Logo em seguida, \u00e0s 13h30, o show no Polo Principal ficou por conta da Orquestra Seraphins, do Clube Lenhadores do Paudalho, que embalou o Banho de Frevo Adulto. Ap\u00f3s, o rei do Carnaval pernambucano, Alceu Valen\u00e7a, se apresentou com um repert\u00f3rio cheio de grandes m\u00fasicas de sucesso, como Girassol, Anuncia\u00e7\u00e3o e Voltei Recife. Para finalizar a noite, N\u00e1dia Maia colocou o p\u00fablico para pular com uma energia incompar\u00e1vel.<\/p>\n\n\n\n<figure class=\"wp-block-image size-large\"><img loading=\"lazy\" decoding=\"async\" width=\"800\" height=\"450\" data-attachment-id=\"24670\" data-permalink=\"https:\/\/www.paudalho.pe.gov.br\/portal\/1o-dia-do-carnaval-de-paudalho-e-marcado-pelo-banho-de-frevo-infantil-atracoes-culturais-desfiles-e-shows-de-alceu-valenca-e-nadia-maia\/photo_5157101235743075213_y\/\" data-orig-file=\"https:\/\/www.paudalho.pe.gov.br\/portal\/wp-content\/uploads\/2023\/02\/photo_5157101235743075213_y.jpg\" data-orig-size=\"1280,853\" data-comments-opened=\"1\" data-image-meta=\"{&quot;aperture&quot;:&quot;0&quot;,&quot;credit&quot;:&quot;&quot;,&quot;camera&quot;:&quot;&quot;,&quot;caption&quot;:&quot;&quot;,&quot;created_timestamp&quot;:&quot;0&quot;,&quot;copyright&quot;:&quot;&quot;,&quot;focal_length&quot;:&quot;0&quot;,&quot;iso&quot;:&quot;0&quot;,&quot;shutter_speed&quot;:&quot;0&quot;,&quot;title&quot;:&quot;&quot;,&quot;orientation&quot;:&quot;0&quot;}\" data-image-title=\"photo_5157101235743075213_y\" data-image-description=\"\" data-image-caption=\"\" data-medium-file=\"https:\/\/www.paudalho.pe.gov.br\/portal\/wp-content\/uploads\/2023\/02\/photo_5157101235743075213_y-350x230.jpg\" data-large-file=\"https:\/\/www.paudalho.pe.gov.br\/portal\/wp-content\/uploads\/2023\/02\/photo_5157101235743075213_y-800x450.jpg\" src=\"https:\/\/www.paudalho.pe.gov.br\/portal\/wp-content\/uploads\/2023\/02\/photo_5157101235743075213_y-800x450.jpg\" alt=\"\" class=\"wp-image-24670\"\/><\/figure>\n\n\n\n<p>E provando que o Carnaval de Paudalho \u00e9 realmente multicultural, o evento tamb\u00e9m reuniu atra\u00e7\u00f5es das mais diversas express\u00f5es art\u00edsticas no Polo Cultural, localizado na Pra\u00e7a Pedro Coutinho. A partir das 9h o espa\u00e7o foi o local de desfiles de maracatus, bois-bumb\u00e1, caboclinhos, entre outros.<\/p>\n\n\n\n<figure class=\"wp-block-image size-large\"><img loading=\"lazy\" decoding=\"async\" width=\"800\" height=\"450\" data-attachment-id=\"24671\" data-permalink=\"https:\/\/www.paudalho.pe.gov.br\/portal\/1o-dia-do-carnaval-de-paudalho-e-marcado-pelo-banho-de-frevo-infantil-atracoes-culturais-desfiles-e-shows-de-alceu-valenca-e-nadia-maia\/photo_5159353035556760343_y\/\" data-orig-file=\"https:\/\/www.paudalho.pe.gov.br\/portal\/wp-content\/uploads\/2023\/02\/photo_5159353035556760343_y.jpg\" data-orig-size=\"1280,853\" data-comments-opened=\"1\" data-image-meta=\"{&quot;aperture&quot;:&quot;0&quot;,&quot;credit&quot;:&quot;&quot;,&quot;camera&quot;:&quot;&quot;,&quot;caption&quot;:&quot;&quot;,&quot;created_timestamp&quot;:&quot;0&quot;,&quot;copyright&quot;:&quot;&quot;,&quot;focal_length&quot;:&quot;0&quot;,&quot;iso&quot;:&quot;0&quot;,&quot;shutter_speed&quot;:&quot;0&quot;,&quot;title&quot;:&quot;&quot;,&quot;orientation&quot;:&quot;0&quot;}\" data-image-title=\"photo_5159353035556760343_y\" data-image-description=\"\" data-image-caption=\"\" data-medium-file=\"https:\/\/www.paudalho.pe.gov.br\/portal\/wp-content\/uploads\/2023\/02\/photo_5159353035556760343_y-350x230.jpg\" data-large-file=\"https:\/\/www.paudalho.pe.gov.br\/portal\/wp-content\/uploads\/2023\/02\/photo_5159353035556760343_y-800x450.jpg\" src=\"https:\/\/www.paudalho.pe.gov.br\/portal\/wp-content\/uploads\/2023\/02\/photo_5159353035556760343_y-800x450.jpg\" alt=\"\" class=\"wp-image-24671\"\/><\/figure>\n\n\n\n<p>A partir das 19h, come\u00e7aram os desfiles dos Blocos L\u00edricos Amantes do Luar, Magia L\u00edrica e Som de Serenata, das Escolas de samba Gigante do Samba e Escola de Samba Unidos da Primavera, e de dois dos tr\u00eas clubes da cidade: o Clube Lenhadores e do Clube Cruzeiro do Sul, que tamb\u00e9m desfilaram com fantasias. Para finalizar a noite, subiram ao palco a Orquestra 100% Frevo e Chicote El\u00e9trico.<\/p>\n\n\n\n<figure class=\"wp-block-image size-large\"><img loading=\"lazy\" decoding=\"async\" width=\"800\" height=\"450\" data-attachment-id=\"24672\" data-permalink=\"https:\/\/www.paudalho.pe.gov.br\/portal\/1o-dia-do-carnaval-de-paudalho-e-marcado-pelo-banho-de-frevo-infantil-atracoes-culturais-desfiles-e-shows-de-alceu-valenca-e-nadia-maia\/photo_5159353035556760424_y\/\" data-orig-file=\"https:\/\/www.paudalho.pe.gov.br\/portal\/wp-content\/uploads\/2023\/02\/photo_5159353035556760424_y.jpg\" data-orig-size=\"1280,853\" data-comments-opened=\"1\" data-image-meta=\"{&quot;aperture&quot;:&quot;0&quot;,&quot;credit&quot;:&quot;&quot;,&quot;camera&quot;:&quot;&quot;,&quot;caption&quot;:&quot;&quot;,&quot;created_timestamp&quot;:&quot;0&quot;,&quot;copyright&quot;:&quot;&quot;,&quot;focal_length&quot;:&quot;0&quot;,&quot;iso&quot;:&quot;0&quot;,&quot;shutter_speed&quot;:&quot;0&quot;,&quot;title&quot;:&quot;&quot;,&quot;orientation&quot;:&quot;0&quot;}\" data-image-title=\"photo_5159353035556760424_y\" data-image-description=\"\" data-image-caption=\"\" data-medium-file=\"https:\/\/www.paudalho.pe.gov.br\/portal\/wp-content\/uploads\/2023\/02\/photo_5159353035556760424_y-350x230.jpg\" data-large-file=\"https:\/\/www.paudalho.pe.gov.br\/portal\/wp-content\/uploads\/2023\/02\/photo_5159353035556760424_y-800x450.jpg\" src=\"https:\/\/www.paudalho.pe.gov.br\/portal\/wp-content\/uploads\/2023\/02\/photo_5159353035556760424_y-800x450.jpg\" alt=\"\" class=\"wp-image-24672\"\/><\/figure>\n\n\n\n<p><strong>PROGRAMA\u00c7\u00c3O CONTINUA<\/strong><\/p>\n\n\n\n<p>Esse \u00e9 apenas o come\u00e7o do que ser\u00e3o tr\u00eas dias de muita anima\u00e7\u00e3o. Na segunda-feira (20) a festa come\u00e7a no Polo do Beira-Rio com o Maestro Forr\u00f3 e segue com Elba Ramalho e Andr\u00e9 Marreta. Encerrando as apresenta\u00e7\u00f5es, na ter\u00e7a-feira (21) sobe ao palco a Orquestra 100% Frevo do Clube Estrela, Mc Troia, Os Neiffs e Priscila Senna. No Polo Cultural a segunda-feira come\u00e7a com o Bloco L\u00edrico Amantes do Luar e segue com a Escola de Samba Esta\u00e7\u00e3o da Primavera. Em seguida desfilam os Clubes Estrela do Paudalho e Lenhadores. A noite tem os shows da Orquestra P\u00e9rola e Almir Rouche. Na noite da ter\u00e7a-feira a programa\u00e7\u00e3o conta com os Blocos L\u00edricos Som de Serenata e Magia L\u00edrica. Logo ap\u00f3s, tem desfile com a Escola de Samba Gr\u00eamio Recreativo Imp\u00e9rio do Bel\u00e9m, desfile do Clube Estrela do Paudalho e Cruzeiro do Sul e encerra com a Orquestra Caprichosos de S\u00e3o Miguel e Irah Caldeira.<\/p>\n\n\n\n<figure class=\"wp-block-gallery has-nested-images columns-5 is-cropped wp-block-gallery-1 is-layout-flex wp-block-gallery-is-layout-flex\">\n<figure class=\"wp-block-image size-large\"><img loading=\"lazy\" decoding=\"async\" width=\"800\" height=\"450\" data-attachment-id=\"24673\" data-permalink=\"https:\/\/www.paudalho.pe.gov.br\/portal\/1o-dia-do-carnaval-de-paudalho-e-marcado-pelo-banho-de-frevo-infantil-atracoes-culturais-desfiles-e-shows-de-alceu-valenca-e-nadia-maia\/photo_5157101235743075083_y\/\" data-orig-file=\"https:\/\/www.paudalho.pe.gov.br\/portal\/wp-content\/uploads\/2023\/02\/photo_5157101235743075083_y.jpg\" data-orig-size=\"1280,853\" data-comments-opened=\"1\" data-image-meta=\"{&quot;aperture&quot;:&quot;0&quot;,&quot;credit&quot;:&quot;&quot;,&quot;camera&quot;:&quot;&quot;,&quot;caption&quot;:&quot;&quot;,&quot;created_timestamp&quot;:&quot;0&quot;,&quot;copyright&quot;:&quot;&quot;,&quot;focal_length&quot;:&quot;0&quot;,&quot;iso&quot;:&quot;0&quot;,&quot;shutter_speed&quot;:&quot;0&quot;,&quot;title&quot;:&quot;&quot;,&quot;orientation&quot;:&quot;0&quot;}\" data-image-title=\"photo_5157101235743075083_y\" data-image-description=\"\" data-image-caption=\"\" data-medium-file=\"https:\/\/www.paudalho.pe.gov.br\/portal\/wp-content\/uploads\/2023\/02\/photo_5157101235743075083_y-350x230.jpg\" data-large-file=\"https:\/\/www.paudalho.pe.gov.br\/portal\/wp-content\/uploads\/2023\/02\/photo_5157101235743075083_y-800x450.jpg\" data-id=\"24673\" src=\"https:\/\/www.paudalho.pe.gov.br\/portal\/wp-content\/uploads\/2023\/02\/photo_5157101235743075083_y-800x450.jpg\" alt=\"\" class=\"wp-image-24673\"\/><\/figure>\n\n\n\n<figure class=\"wp-block-image size-large\"><img loading=\"lazy\" decoding=\"async\" width=\"800\" height=\"450\" data-attachment-id=\"24675\" data-permalink=\"https:\/\/www.paudalho.pe.gov.br\/portal\/1o-dia-do-carnaval-de-paudalho-e-marcado-pelo-banho-de-frevo-infantil-atracoes-culturais-desfiles-e-shows-de-alceu-valenca-e-nadia-maia\/photo_5157101235743075095_y\/\" data-orig-file=\"https:\/\/www.paudalho.pe.gov.br\/portal\/wp-content\/uploads\/2023\/02\/photo_5157101235743075095_y.jpg\" data-orig-size=\"1280,853\" data-comments-opened=\"1\" data-image-meta=\"{&quot;aperture&quot;:&quot;0&quot;,&quot;credit&quot;:&quot;&quot;,&quot;camera&quot;:&quot;&quot;,&quot;caption&quot;:&quot;&quot;,&quot;created_timestamp&quot;:&quot;0&quot;,&quot;copyright&quot;:&quot;&quot;,&quot;focal_length&quot;:&quot;0&quot;,&quot;iso&quot;:&quot;0&quot;,&quot;shutter_speed&quot;:&quot;0&quot;,&quot;title&quot;:&quot;&quot;,&quot;orientation&quot;:&quot;0&quot;}\" data-image-title=\"photo_5157101235743075095_y\" data-image-description=\"\" data-image-caption=\"\" data-medium-file=\"https:\/\/www.paudalho.pe.gov.br\/portal\/wp-content\/uploads\/2023\/02\/photo_5157101235743075095_y-350x230.jpg\" data-large-file=\"https:\/\/www.paudalho.pe.gov.br\/portal\/wp-content\/uploads\/2023\/02\/photo_5157101235743075095_y-800x450.jpg\" data-id=\"24675\" src=\"https:\/\/www.paudalho.pe.gov.br\/portal\/wp-content\/uploads\/2023\/02\/photo_5157101235743075095_y-800x450.jpg\" alt=\"\" class=\"wp-image-24675\"\/><\/figure>\n\n\n\n<figure class=\"wp-block-image size-large\"><img loading=\"lazy\" decoding=\"async\" width=\"800\" height=\"450\" data-attachment-id=\"24696\" data-permalink=\"https:\/\/www.paudalho.pe.gov.br\/portal\/1o-dia-do-carnaval-de-paudalho-e-marcado-pelo-banho-de-frevo-infantil-atracoes-culturais-desfiles-e-shows-de-alceu-valenca-e-nadia-maia\/photo_5157101235743075147_y\/\" data-orig-file=\"https:\/\/www.paudalho.pe.gov.br\/portal\/wp-content\/uploads\/2023\/02\/photo_5157101235743075147_y.jpg\" data-orig-size=\"1280,853\" data-comments-opened=\"1\" data-image-meta=\"{&quot;aperture&quot;:&quot;0&quot;,&quot;credit&quot;:&quot;&quot;,&quot;camera&quot;:&quot;&quot;,&quot;caption&quot;:&quot;&quot;,&quot;created_timestamp&quot;:&quot;0&quot;,&quot;copyright&quot;:&quot;&quot;,&quot;focal_length&quot;:&quot;0&quot;,&quot;iso&quot;:&quot;0&quot;,&quot;shutter_speed&quot;:&quot;0&quot;,&quot;title&quot;:&quot;&quot;,&quot;orientation&quot;:&quot;0&quot;}\" data-image-title=\"photo_5157101235743075147_y\" data-image-description=\"\" data-image-caption=\"\" data-medium-file=\"https:\/\/www.paudalho.pe.gov.br\/portal\/wp-content\/uploads\/2023\/02\/photo_5157101235743075147_y-350x230.jpg\" data-large-file=\"https:\/\/www.paudalho.pe.gov.br\/portal\/wp-content\/uploads\/2023\/02\/photo_5157101235743075147_y-800x450.jpg\" data-id=\"24696\" src=\"https:\/\/www.paudalho.pe.gov.br\/portal\/wp-content\/uploads\/2023\/02\/photo_5157101235743075147_y-800x450.jpg\" alt=\"\" class=\"wp-image-24696\"\/><\/figure>\n\n\n\n<figure class=\"wp-block-image size-large\"><img loading=\"lazy\" decoding=\"async\" width=\"800\" height=\"450\" data-attachment-id=\"24703\" data-permalink=\"https:\/\/www.paudalho.pe.gov.br\/portal\/1o-dia-do-carnaval-de-paudalho-e-marcado-pelo-banho-de-frevo-infantil-atracoes-culturais-desfiles-e-shows-de-alceu-valenca-e-nadia-maia\/photo_5157101235743075148_y\/\" data-orig-file=\"https:\/\/www.paudalho.pe.gov.br\/portal\/wp-content\/uploads\/2023\/02\/photo_5157101235743075148_y.jpg\" data-orig-size=\"1280,772\" data-comments-opened=\"1\" data-image-meta=\"{&quot;aperture&quot;:&quot;0&quot;,&quot;credit&quot;:&quot;&quot;,&quot;camera&quot;:&quot;&quot;,&quot;caption&quot;:&quot;&quot;,&quot;created_timestamp&quot;:&quot;0&quot;,&quot;copyright&quot;:&quot;&quot;,&quot;focal_length&quot;:&quot;0&quot;,&quot;iso&quot;:&quot;0&quot;,&quot;shutter_speed&quot;:&quot;0&quot;,&quot;title&quot;:&quot;&quot;,&quot;orientation&quot;:&quot;0&quot;}\" data-image-title=\"photo_5157101235743075148_y\" data-image-description=\"\" data-image-caption=\"\" data-medium-file=\"https:\/\/www.paudalho.pe.gov.br\/portal\/wp-content\/uploads\/2023\/02\/photo_5157101235743075148_y-350x230.jpg\" data-large-file=\"https:\/\/www.paudalho.pe.gov.br\/portal\/wp-content\/uploads\/2023\/02\/photo_5157101235743075148_y-800x450.jpg\" data-id=\"24703\" src=\"https:\/\/www.paudalho.pe.gov.br\/portal\/wp-content\/uploads\/2023\/02\/photo_5157101235743075148_y-800x450.jpg\" alt=\"\" class=\"wp-image-24703\"\/><\/figure>\n\n\n\n<figure class=\"wp-block-image size-large\"><img loading=\"lazy\" decoding=\"async\" width=\"800\" height=\"450\" data-attachment-id=\"24727\" data-permalink=\"https:\/\/www.paudalho.pe.gov.br\/portal\/1o-dia-do-carnaval-de-paudalho-e-marcado-pelo-banho-de-frevo-infantil-atracoes-culturais-desfiles-e-shows-de-alceu-valenca-e-nadia-maia\/photo_5157101235743075153_y\/\" data-orig-file=\"https:\/\/www.paudalho.pe.gov.br\/portal\/wp-content\/uploads\/2023\/02\/photo_5157101235743075153_y.jpg\" data-orig-size=\"1280,908\" data-comments-opened=\"1\" data-image-meta=\"{&quot;aperture&quot;:&quot;0&quot;,&quot;credit&quot;:&quot;&quot;,&quot;camera&quot;:&quot;&quot;,&quot;caption&quot;:&quot;&quot;,&quot;created_timestamp&quot;:&quot;0&quot;,&quot;copyright&quot;:&quot;&quot;,&quot;focal_length&quot;:&quot;0&quot;,&quot;iso&quot;:&quot;0&quot;,&quot;shutter_speed&quot;:&quot;0&quot;,&quot;title&quot;:&quot;&quot;,&quot;orientation&quot;:&quot;0&quot;}\" data-image-title=\"photo_5157101235743075153_y\" data-image-description=\"\" data-image-caption=\"\" data-medium-file=\"https:\/\/www.paudalho.pe.gov.br\/portal\/wp-content\/uploads\/2023\/02\/photo_5157101235743075153_y-350x230.jpg\" data-large-file=\"https:\/\/www.paudalho.pe.gov.br\/portal\/wp-content\/uploads\/2023\/02\/photo_5157101235743075153_y-800x450.jpg\" data-id=\"24727\" src=\"https:\/\/www.paudalho.pe.gov.br\/portal\/wp-content\/uploads\/2023\/02\/photo_5157101235743075153_y-800x450.jpg\" alt=\"\" class=\"wp-image-24727\"\/><\/figure>\n\n\n\n<figure class=\"wp-block-image size-large\"><img loading=\"lazy\" decoding=\"async\" width=\"800\" height=\"450\" data-attachment-id=\"24689\" data-permalink=\"https:\/\/www.paudalho.pe.gov.br\/portal\/1o-dia-do-carnaval-de-paudalho-e-marcado-pelo-banho-de-frevo-infantil-atracoes-culturais-desfiles-e-shows-de-alceu-valenca-e-nadia-maia\/photo_5157101235743075156_y\/\" data-orig-file=\"https:\/\/www.paudalho.pe.gov.br\/portal\/wp-content\/uploads\/2023\/02\/photo_5157101235743075156_y.jpg\" data-orig-size=\"853,1280\" data-comments-opened=\"1\" data-image-meta=\"{&quot;aperture&quot;:&quot;0&quot;,&quot;credit&quot;:&quot;&quot;,&quot;camera&quot;:&quot;&quot;,&quot;caption&quot;:&quot;&quot;,&quot;created_timestamp&quot;:&quot;0&quot;,&quot;copyright&quot;:&quot;&quot;,&quot;focal_length&quot;:&quot;0&quot;,&quot;iso&quot;:&quot;0&quot;,&quot;shutter_speed&quot;:&quot;0&quot;,&quot;title&quot;:&quot;&quot;,&quot;orientation&quot;:&quot;0&quot;}\" data-image-title=\"photo_5157101235743075156_y\" data-image-description=\"\" data-image-caption=\"\" data-medium-file=\"https:\/\/www.paudalho.pe.gov.br\/portal\/wp-content\/uploads\/2023\/02\/photo_5157101235743075156_y-350x230.jpg\" data-large-file=\"https:\/\/www.paudalho.pe.gov.br\/portal\/wp-content\/uploads\/2023\/02\/photo_5157101235743075156_y-800x450.jpg\" data-id=\"24689\" src=\"https:\/\/www.paudalho.pe.gov.br\/portal\/wp-content\/uploads\/2023\/02\/photo_5157101235743075156_y-800x450.jpg\" alt=\"\" class=\"wp-image-24689\"\/><\/figure>\n\n\n\n<figure class=\"wp-block-image size-large\"><img loading=\"lazy\" decoding=\"async\" width=\"800\" height=\"450\" data-attachment-id=\"24699\" data-permalink=\"https:\/\/www.paudalho.pe.gov.br\/portal\/1o-dia-do-carnaval-de-paudalho-e-marcado-pelo-banho-de-frevo-infantil-atracoes-culturais-desfiles-e-shows-de-alceu-valenca-e-nadia-maia\/photo_5157101235743075166_y\/\" data-orig-file=\"https:\/\/www.paudalho.pe.gov.br\/portal\/wp-content\/uploads\/2023\/02\/photo_5157101235743075166_y.jpg\" data-orig-size=\"1280,823\" data-comments-opened=\"1\" data-image-meta=\"{&quot;aperture&quot;:&quot;0&quot;,&quot;credit&quot;:&quot;&quot;,&quot;camera&quot;:&quot;&quot;,&quot;caption&quot;:&quot;&quot;,&quot;created_timestamp&quot;:&quot;0&quot;,&quot;copyright&quot;:&quot;&quot;,&quot;focal_length&quot;:&quot;0&quot;,&quot;iso&quot;:&quot;0&quot;,&quot;shutter_speed&quot;:&quot;0&quot;,&quot;title&quot;:&quot;&quot;,&quot;orientation&quot;:&quot;0&quot;}\" data-image-title=\"photo_5157101235743075166_y\" data-image-description=\"\" data-image-caption=\"\" data-medium-file=\"https:\/\/www.paudalho.pe.gov.br\/portal\/wp-content\/uploads\/2023\/02\/photo_5157101235743075166_y-350x230.jpg\" data-large-file=\"https:\/\/www.paudalho.pe.gov.br\/portal\/wp-content\/uploads\/2023\/02\/photo_5157101235743075166_y-800x450.jpg\" data-id=\"24699\" src=\"https:\/\/www.paudalho.pe.gov.br\/portal\/wp-content\/uploads\/2023\/02\/photo_5157101235743075166_y-800x450.jpg\" alt=\"\" class=\"wp-image-24699\"\/><\/figure>\n\n\n\n<figure class=\"wp-block-image size-large\"><img loading=\"lazy\" decoding=\"async\" width=\"800\" height=\"450\" data-attachment-id=\"24701\" data-permalink=\"https:\/\/www.paudalho.pe.gov.br\/portal\/1o-dia-do-carnaval-de-paudalho-e-marcado-pelo-banho-de-frevo-infantil-atracoes-culturais-desfiles-e-shows-de-alceu-valenca-e-nadia-maia\/photo_5157101235743075170_y\/\" data-orig-file=\"https:\/\/www.paudalho.pe.gov.br\/portal\/wp-content\/uploads\/2023\/02\/photo_5157101235743075170_y.jpg\" data-orig-size=\"1280,831\" data-comments-opened=\"1\" data-image-meta=\"{&quot;aperture&quot;:&quot;0&quot;,&quot;credit&quot;:&quot;&quot;,&quot;camera&quot;:&quot;&quot;,&quot;caption&quot;:&quot;&quot;,&quot;created_timestamp&quot;:&quot;0&quot;,&quot;copyright&quot;:&quot;&quot;,&quot;focal_length&quot;:&quot;0&quot;,&quot;iso&quot;:&quot;0&quot;,&quot;shutter_speed&quot;:&quot;0&quot;,&quot;title&quot;:&quot;&quot;,&quot;orientation&quot;:&quot;0&quot;}\" data-image-title=\"photo_5157101235743075170_y\" data-image-description=\"\" data-image-caption=\"\" data-medium-file=\"https:\/\/www.paudalho.pe.gov.br\/portal\/wp-content\/uploads\/2023\/02\/photo_5157101235743075170_y-350x230.jpg\" data-large-file=\"https:\/\/www.paudalho.pe.gov.br\/portal\/wp-content\/uploads\/2023\/02\/photo_5157101235743075170_y-800x450.jpg\" data-id=\"24701\" src=\"https:\/\/www.paudalho.pe.gov.br\/portal\/wp-content\/uploads\/2023\/02\/photo_5157101235743075170_y-800x450.jpg\" alt=\"\" class=\"wp-image-24701\"\/><\/figure>\n\n\n\n<figure class=\"wp-block-image size-large\"><img loading=\"lazy\" decoding=\"async\" width=\"800\" height=\"450\" data-attachment-id=\"24712\" data-permalink=\"https:\/\/www.paudalho.pe.gov.br\/portal\/1o-dia-do-carnaval-de-paudalho-e-marcado-pelo-banho-de-frevo-infantil-atracoes-culturais-desfiles-e-shows-de-alceu-valenca-e-nadia-maia\/photo_5157101235743075177_y\/\" data-orig-file=\"https:\/\/www.paudalho.pe.gov.br\/portal\/wp-content\/uploads\/2023\/02\/photo_5157101235743075177_y.jpg\" data-orig-size=\"1280,853\" data-comments-opened=\"1\" data-image-meta=\"{&quot;aperture&quot;:&quot;0&quot;,&quot;credit&quot;:&quot;&quot;,&quot;camera&quot;:&quot;&quot;,&quot;caption&quot;:&quot;&quot;,&quot;created_timestamp&quot;:&quot;0&quot;,&quot;copyright&quot;:&quot;&quot;,&quot;focal_length&quot;:&quot;0&quot;,&quot;iso&quot;:&quot;0&quot;,&quot;shutter_speed&quot;:&quot;0&quot;,&quot;title&quot;:&quot;&quot;,&quot;orientation&quot;:&quot;0&quot;}\" data-image-title=\"photo_5157101235743075177_y\" data-image-description=\"\" data-image-caption=\"\" data-medium-file=\"https:\/\/www.paudalho.pe.gov.br\/portal\/wp-content\/uploads\/2023\/02\/photo_5157101235743075177_y-350x230.jpg\" data-large-file=\"https:\/\/www.paudalho.pe.gov.br\/portal\/wp-content\/uploads\/2023\/02\/photo_5157101235743075177_y-800x450.jpg\" data-id=\"24712\" src=\"https:\/\/www.paudalho.pe.gov.br\/portal\/wp-content\/uploads\/2023\/02\/photo_5157101235743075177_y-800x450.jpg\" alt=\"\" class=\"wp-image-24712\"\/><\/figure>\n\n\n\n<figure class=\"wp-block-image size-large\"><img loading=\"lazy\" decoding=\"async\" width=\"800\" height=\"450\" data-attachment-id=\"24678\" data-permalink=\"https:\/\/www.paudalho.pe.gov.br\/portal\/1o-dia-do-carnaval-de-paudalho-e-marcado-pelo-banho-de-frevo-infantil-atracoes-culturais-desfiles-e-shows-de-alceu-valenca-e-nadia-maia\/photo_5157101235743075190_y\/\" data-orig-file=\"https:\/\/www.paudalho.pe.gov.br\/portal\/wp-content\/uploads\/2023\/02\/photo_5157101235743075190_y.jpg\" data-orig-size=\"1280,853\" data-comments-opened=\"1\" data-image-meta=\"{&quot;aperture&quot;:&quot;0&quot;,&quot;credit&quot;:&quot;&quot;,&quot;camera&quot;:&quot;&quot;,&quot;caption&quot;:&quot;&quot;,&quot;created_timestamp&quot;:&quot;0&quot;,&quot;copyright&quot;:&quot;&quot;,&quot;focal_length&quot;:&quot;0&quot;,&quot;iso&quot;:&quot;0&quot;,&quot;shutter_speed&quot;:&quot;0&quot;,&quot;title&quot;:&quot;&quot;,&quot;orientation&quot;:&quot;0&quot;}\" data-image-title=\"photo_5157101235743075190_y\" data-image-description=\"\" data-image-caption=\"\" data-medium-file=\"https:\/\/www.paudalho.pe.gov.br\/portal\/wp-content\/uploads\/2023\/02\/photo_5157101235743075190_y-350x230.jpg\" data-large-file=\"https:\/\/www.paudalho.pe.gov.br\/portal\/wp-content\/uploads\/2023\/02\/photo_5157101235743075190_y-800x450.jpg\" data-id=\"24678\" src=\"https:\/\/www.paudalho.pe.gov.br\/portal\/wp-content\/uploads\/2023\/02\/photo_5157101235743075190_y-800x450.jpg\" alt=\"\" class=\"wp-image-24678\"\/><\/figure>\n\n\n\n<figure class=\"wp-block-image size-large\"><img loading=\"lazy\" decoding=\"async\" width=\"800\" height=\"450\" data-attachment-id=\"24685\" data-permalink=\"https:\/\/www.paudalho.pe.gov.br\/portal\/1o-dia-do-carnaval-de-paudalho-e-marcado-pelo-banho-de-frevo-infantil-atracoes-culturais-desfiles-e-shows-de-alceu-valenca-e-nadia-maia\/photo_5157101235743075194_y\/\" data-orig-file=\"https:\/\/www.paudalho.pe.gov.br\/portal\/wp-content\/uploads\/2023\/02\/photo_5157101235743075194_y.jpg\" data-orig-size=\"1280,853\" data-comments-opened=\"1\" data-image-meta=\"{&quot;aperture&quot;:&quot;0&quot;,&quot;credit&quot;:&quot;&quot;,&quot;camera&quot;:&quot;&quot;,&quot;caption&quot;:&quot;&quot;,&quot;created_timestamp&quot;:&quot;0&quot;,&quot;copyright&quot;:&quot;&quot;,&quot;focal_length&quot;:&quot;0&quot;,&quot;iso&quot;:&quot;0&quot;,&quot;shutter_speed&quot;:&quot;0&quot;,&quot;title&quot;:&quot;&quot;,&quot;orientation&quot;:&quot;0&quot;}\" data-image-title=\"photo_5157101235743075194_y\" data-image-description=\"\" data-image-caption=\"\" data-medium-file=\"https:\/\/www.paudalho.pe.gov.br\/portal\/wp-content\/uploads\/2023\/02\/photo_5157101235743075194_y-350x230.jpg\" data-large-file=\"https:\/\/www.paudalho.pe.gov.br\/portal\/wp-content\/uploads\/2023\/02\/photo_5157101235743075194_y-800x450.jpg\" data-id=\"24685\" src=\"https:\/\/www.paudalho.pe.gov.br\/portal\/wp-content\/uploads\/2023\/02\/photo_5157101235743075194_y-800x450.jpg\" alt=\"\" class=\"wp-image-24685\"\/><\/figure>\n\n\n\n<figure class=\"wp-block-image size-large\"><img loading=\"lazy\" decoding=\"async\" width=\"800\" height=\"450\" data-attachment-id=\"24687\" data-permalink=\"https:\/\/www.paudalho.pe.gov.br\/portal\/1o-dia-do-carnaval-de-paudalho-e-marcado-pelo-banho-de-frevo-infantil-atracoes-culturais-desfiles-e-shows-de-alceu-valenca-e-nadia-maia\/photo_5157101235743075195_y\/\" data-orig-file=\"https:\/\/www.paudalho.pe.gov.br\/portal\/wp-content\/uploads\/2023\/02\/photo_5157101235743075195_y.jpg\" data-orig-size=\"1280,853\" data-comments-opened=\"1\" data-image-meta=\"{&quot;aperture&quot;:&quot;0&quot;,&quot;credit&quot;:&quot;&quot;,&quot;camera&quot;:&quot;&quot;,&quot;caption&quot;:&quot;&quot;,&quot;created_timestamp&quot;:&quot;0&quot;,&quot;copyright&quot;:&quot;&quot;,&quot;focal_length&quot;:&quot;0&quot;,&quot;iso&quot;:&quot;0&quot;,&quot;shutter_speed&quot;:&quot;0&quot;,&quot;title&quot;:&quot;&quot;,&quot;orientation&quot;:&quot;0&quot;}\" data-image-title=\"photo_5157101235743075195_y\" data-image-description=\"\" data-image-caption=\"\" data-medium-file=\"https:\/\/www.paudalho.pe.gov.br\/portal\/wp-content\/uploads\/2023\/02\/photo_5157101235743075195_y-350x230.jpg\" data-large-file=\"https:\/\/www.paudalho.pe.gov.br\/portal\/wp-content\/uploads\/2023\/02\/photo_5157101235743075195_y-800x450.jpg\" data-id=\"24687\" src=\"https:\/\/www.paudalho.pe.gov.br\/portal\/wp-content\/uploads\/2023\/02\/photo_5157101235743075195_y-800x450.jpg\" alt=\"\" class=\"wp-image-24687\"\/><\/figure>\n\n\n\n<figure class=\"wp-block-image size-large\"><img loading=\"lazy\" decoding=\"async\" width=\"800\" height=\"450\" data-attachment-id=\"24684\" data-permalink=\"https:\/\/www.paudalho.pe.gov.br\/portal\/1o-dia-do-carnaval-de-paudalho-e-marcado-pelo-banho-de-frevo-infantil-atracoes-culturais-desfiles-e-shows-de-alceu-valenca-e-nadia-maia\/photo_5157101235743075203_y\/\" data-orig-file=\"https:\/\/www.paudalho.pe.gov.br\/portal\/wp-content\/uploads\/2023\/02\/photo_5157101235743075203_y.jpg\" data-orig-size=\"853,1280\" data-comments-opened=\"1\" data-image-meta=\"{&quot;aperture&quot;:&quot;0&quot;,&quot;credit&quot;:&quot;&quot;,&quot;camera&quot;:&quot;&quot;,&quot;caption&quot;:&quot;&quot;,&quot;created_timestamp&quot;:&quot;0&quot;,&quot;copyright&quot;:&quot;&quot;,&quot;focal_length&quot;:&quot;0&quot;,&quot;iso&quot;:&quot;0&quot;,&quot;shutter_speed&quot;:&quot;0&quot;,&quot;title&quot;:&quot;&quot;,&quot;orientation&quot;:&quot;0&quot;}\" data-image-title=\"photo_5157101235743075203_y\" data-image-description=\"\" data-image-caption=\"\" data-medium-file=\"https:\/\/www.paudalho.pe.gov.br\/portal\/wp-content\/uploads\/2023\/02\/photo_5157101235743075203_y-350x230.jpg\" data-large-file=\"https:\/\/www.paudalho.pe.gov.br\/portal\/wp-content\/uploads\/2023\/02\/photo_5157101235743075203_y-800x450.jpg\" data-id=\"24684\" src=\"https:\/\/www.paudalho.pe.gov.br\/portal\/wp-content\/uploads\/2023\/02\/photo_5157101235743075203_y-800x450.jpg\" alt=\"\" class=\"wp-image-24684\"\/><\/figure>\n\n\n\n<figure class=\"wp-block-image size-large\"><img loading=\"lazy\" decoding=\"async\" width=\"800\" height=\"450\" data-attachment-id=\"24679\" data-permalink=\"https:\/\/www.paudalho.pe.gov.br\/portal\/1o-dia-do-carnaval-de-paudalho-e-marcado-pelo-banho-de-frevo-infantil-atracoes-culturais-desfiles-e-shows-de-alceu-valenca-e-nadia-maia\/photo_5157101235743075206_y\/\" data-orig-file=\"https:\/\/www.paudalho.pe.gov.br\/portal\/wp-content\/uploads\/2023\/02\/photo_5157101235743075206_y.jpg\" data-orig-size=\"853,1280\" data-comments-opened=\"1\" data-image-meta=\"{&quot;aperture&quot;:&quot;0&quot;,&quot;credit&quot;:&quot;&quot;,&quot;camera&quot;:&quot;&quot;,&quot;caption&quot;:&quot;&quot;,&quot;created_timestamp&quot;:&quot;0&quot;,&quot;copyright&quot;:&quot;&quot;,&quot;focal_length&quot;:&quot;0&quot;,&quot;iso&quot;:&quot;0&quot;,&quot;shutter_speed&quot;:&quot;0&quot;,&quot;title&quot;:&quot;&quot;,&quot;orientation&quot;:&quot;0&quot;}\" data-image-title=\"photo_5157101235743075206_y\" data-image-description=\"\" data-image-caption=\"\" data-medium-file=\"https:\/\/www.paudalho.pe.gov.br\/portal\/wp-content\/uploads\/2023\/02\/photo_5157101235743075206_y-350x230.jpg\" data-large-file=\"https:\/\/www.paudalho.pe.gov.br\/portal\/wp-content\/uploads\/2023\/02\/photo_5157101235743075206_y-800x450.jpg\" data-id=\"24679\" src=\"https:\/\/www.paudalho.pe.gov.br\/portal\/wp-content\/uploads\/2023\/02\/photo_5157101235743075206_y-800x450.jpg\" alt=\"\" class=\"wp-image-24679\"\/><\/figure>\n\n\n\n<figure class=\"wp-block-image size-large\"><img loading=\"lazy\" decoding=\"async\" width=\"800\" height=\"450\" data-attachment-id=\"24731\" data-permalink=\"https:\/\/www.paudalho.pe.gov.br\/portal\/1o-dia-do-carnaval-de-paudalho-e-marcado-pelo-banho-de-frevo-infantil-atracoes-culturais-desfiles-e-shows-de-alceu-valenca-e-nadia-maia\/photo_5157101235743075213_y-1\/\" data-orig-file=\"https:\/\/www.paudalho.pe.gov.br\/portal\/wp-content\/uploads\/2023\/02\/photo_5157101235743075213_y-1.jpg\" data-orig-size=\"1280,853\" data-comments-opened=\"1\" data-image-meta=\"{&quot;aperture&quot;:&quot;0&quot;,&quot;credit&quot;:&quot;&quot;,&quot;camera&quot;:&quot;&quot;,&quot;caption&quot;:&quot;&quot;,&quot;created_timestamp&quot;:&quot;0&quot;,&quot;copyright&quot;:&quot;&quot;,&quot;focal_length&quot;:&quot;0&quot;,&quot;iso&quot;:&quot;0&quot;,&quot;shutter_speed&quot;:&quot;0&quot;,&quot;title&quot;:&quot;&quot;,&quot;orientation&quot;:&quot;0&quot;}\" data-image-title=\"photo_5157101235743075213_y-1\" data-image-description=\"\" data-image-caption=\"\" data-medium-file=\"https:\/\/www.paudalho.pe.gov.br\/portal\/wp-content\/uploads\/2023\/02\/photo_5157101235743075213_y-1-350x230.jpg\" data-large-file=\"https:\/\/www.paudalho.pe.gov.br\/portal\/wp-content\/uploads\/2023\/02\/photo_5157101235743075213_y-1-800x450.jpg\" data-id=\"24731\" src=\"https:\/\/www.paudalho.pe.gov.br\/portal\/wp-content\/uploads\/2023\/02\/photo_5157101235743075213_y-1-800x450.jpg\" alt=\"\" class=\"wp-image-24731\"\/><\/figure>\n\n\n\n<figure class=\"wp-block-image size-large\"><img loading=\"lazy\" decoding=\"async\" width=\"800\" height=\"450\" data-attachment-id=\"24704\" data-permalink=\"https:\/\/www.paudalho.pe.gov.br\/portal\/1o-dia-do-carnaval-de-paudalho-e-marcado-pelo-banho-de-frevo-infantil-atracoes-culturais-desfiles-e-shows-de-alceu-valenca-e-nadia-maia\/photo_5157101235743075220_y\/\" data-orig-file=\"https:\/\/www.paudalho.pe.gov.br\/portal\/wp-content\/uploads\/2023\/02\/photo_5157101235743075220_y.jpg\" data-orig-size=\"1280,853\" data-comments-opened=\"1\" data-image-meta=\"{&quot;aperture&quot;:&quot;0&quot;,&quot;credit&quot;:&quot;&quot;,&quot;camera&quot;:&quot;&quot;,&quot;caption&quot;:&quot;&quot;,&quot;created_timestamp&quot;:&quot;0&quot;,&quot;copyright&quot;:&quot;&quot;,&quot;focal_length&quot;:&quot;0&quot;,&quot;iso&quot;:&quot;0&quot;,&quot;shutter_speed&quot;:&quot;0&quot;,&quot;title&quot;:&quot;&quot;,&quot;orientation&quot;:&quot;0&quot;}\" data-image-title=\"photo_5157101235743075220_y\" data-image-description=\"\" data-image-caption=\"\" data-medium-file=\"https:\/\/www.paudalho.pe.gov.br\/portal\/wp-content\/uploads\/2023\/02\/photo_5157101235743075220_y-350x230.jpg\" data-large-file=\"https:\/\/www.paudalho.pe.gov.br\/portal\/wp-content\/uploads\/2023\/02\/photo_5157101235743075220_y-800x450.jpg\" data-id=\"24704\" src=\"https:\/\/www.paudalho.pe.gov.br\/portal\/wp-content\/uploads\/2023\/02\/photo_5157101235743075220_y-800x450.jpg\" alt=\"\" class=\"wp-image-24704\"\/><\/figure>\n\n\n\n<figure class=\"wp-block-image size-large\"><img loading=\"lazy\" decoding=\"async\" width=\"800\" height=\"450\" data-attachment-id=\"24706\" data-permalink=\"https:\/\/www.paudalho.pe.gov.br\/portal\/1o-dia-do-carnaval-de-paudalho-e-marcado-pelo-banho-de-frevo-infantil-atracoes-culturais-desfiles-e-shows-de-alceu-valenca-e-nadia-maia\/photo_5157101235743075223_y\/\" data-orig-file=\"https:\/\/www.paudalho.pe.gov.br\/portal\/wp-content\/uploads\/2023\/02\/photo_5157101235743075223_y.jpg\" data-orig-size=\"1280,853\" data-comments-opened=\"1\" data-image-meta=\"{&quot;aperture&quot;:&quot;0&quot;,&quot;credit&quot;:&quot;&quot;,&quot;camera&quot;:&quot;&quot;,&quot;caption&quot;:&quot;&quot;,&quot;created_timestamp&quot;:&quot;0&quot;,&quot;copyright&quot;:&quot;&quot;,&quot;focal_length&quot;:&quot;0&quot;,&quot;iso&quot;:&quot;0&quot;,&quot;shutter_speed&quot;:&quot;0&quot;,&quot;title&quot;:&quot;&quot;,&quot;orientation&quot;:&quot;0&quot;}\" data-image-title=\"photo_5157101235743075223_y\" data-image-description=\"\" data-image-caption=\"\" data-medium-file=\"https:\/\/www.paudalho.pe.gov.br\/portal\/wp-content\/uploads\/2023\/02\/photo_5157101235743075223_y-350x230.jpg\" data-large-file=\"https:\/\/www.paudalho.pe.gov.br\/portal\/wp-content\/uploads\/2023\/02\/photo_5157101235743075223_y-800x450.jpg\" data-id=\"24706\" src=\"https:\/\/www.paudalho.pe.gov.br\/portal\/wp-content\/uploads\/2023\/02\/photo_5157101235743075223_y-800x450.jpg\" alt=\"\" class=\"wp-image-24706\"\/><\/figure>\n\n\n\n<figure class=\"wp-block-image size-large\"><img loading=\"lazy\" decoding=\"async\" width=\"800\" height=\"450\" data-attachment-id=\"24730\" data-permalink=\"https:\/\/www.paudalho.pe.gov.br\/portal\/1o-dia-do-carnaval-de-paudalho-e-marcado-pelo-banho-de-frevo-infantil-atracoes-culturais-desfiles-e-shows-de-alceu-valenca-e-nadia-maia\/photo_5157101235743075225_y\/\" data-orig-file=\"https:\/\/www.paudalho.pe.gov.br\/portal\/wp-content\/uploads\/2023\/02\/photo_5157101235743075225_y.jpg\" data-orig-size=\"1280,853\" data-comments-opened=\"1\" data-image-meta=\"{&quot;aperture&quot;:&quot;0&quot;,&quot;credit&quot;:&quot;&quot;,&quot;camera&quot;:&quot;&quot;,&quot;caption&quot;:&quot;&quot;,&quot;created_timestamp&quot;:&quot;0&quot;,&quot;copyright&quot;:&quot;&quot;,&quot;focal_length&quot;:&quot;0&quot;,&quot;iso&quot;:&quot;0&quot;,&quot;shutter_speed&quot;:&quot;0&quot;,&quot;title&quot;:&quot;&quot;,&quot;orientation&quot;:&quot;0&quot;}\" data-image-title=\"photo_5157101235743075225_y\" data-image-description=\"\" data-image-caption=\"\" data-medium-file=\"https:\/\/www.paudalho.pe.gov.br\/portal\/wp-content\/uploads\/2023\/02\/photo_5157101235743075225_y-350x230.jpg\" data-large-file=\"https:\/\/www.paudalho.pe.gov.br\/portal\/wp-content\/uploads\/2023\/02\/photo_5157101235743075225_y-800x450.jpg\" data-id=\"24730\" src=\"https:\/\/www.paudalho.pe.gov.br\/portal\/wp-content\/uploads\/2023\/02\/photo_5157101235743075225_y-800x450.jpg\" alt=\"\" class=\"wp-image-24730\"\/><\/figure>\n\n\n\n<figure class=\"wp-block-image size-large\"><img loading=\"lazy\" decoding=\"async\" width=\"800\" height=\"450\" data-attachment-id=\"24734\" data-permalink=\"https:\/\/www.paudalho.pe.gov.br\/portal\/1o-dia-do-carnaval-de-paudalho-e-marcado-pelo-banho-de-frevo-infantil-atracoes-culturais-desfiles-e-shows-de-alceu-valenca-e-nadia-maia\/photo_5157101235743075226_y\/\" data-orig-file=\"https:\/\/www.paudalho.pe.gov.br\/portal\/wp-content\/uploads\/2023\/02\/photo_5157101235743075226_y.jpg\" data-orig-size=\"1280,853\" data-comments-opened=\"1\" data-image-meta=\"{&quot;aperture&quot;:&quot;0&quot;,&quot;credit&quot;:&quot;&quot;,&quot;camera&quot;:&quot;&quot;,&quot;caption&quot;:&quot;&quot;,&quot;created_timestamp&quot;:&quot;0&quot;,&quot;copyright&quot;:&quot;&quot;,&quot;focal_length&quot;:&quot;0&quot;,&quot;iso&quot;:&quot;0&quot;,&quot;shutter_speed&quot;:&quot;0&quot;,&quot;title&quot;:&quot;&quot;,&quot;orientation&quot;:&quot;0&quot;}\" data-image-title=\"photo_5157101235743075226_y\" data-image-description=\"\" data-image-caption=\"\" data-medium-file=\"https:\/\/www.paudalho.pe.gov.br\/portal\/wp-content\/uploads\/2023\/02\/photo_5157101235743075226_y-350x230.jpg\" data-large-file=\"https:\/\/www.paudalho.pe.gov.br\/portal\/wp-content\/uploads\/2023\/02\/photo_5157101235743075226_y-800x450.jpg\" data-id=\"24734\" src=\"https:\/\/www.paudalho.pe.gov.br\/portal\/wp-content\/uploads\/2023\/02\/photo_5157101235743075226_y-800x450.jpg\" alt=\"\" class=\"wp-image-24734\"\/><\/figure>\n\n\n\n<figure class=\"wp-block-image size-large\"><img loading=\"lazy\" decoding=\"async\" width=\"800\" height=\"450\" data-attachment-id=\"24740\" data-permalink=\"https:\/\/www.paudalho.pe.gov.br\/portal\/1o-dia-do-carnaval-de-paudalho-e-marcado-pelo-banho-de-frevo-infantil-atracoes-culturais-desfiles-e-shows-de-alceu-valenca-e-nadia-maia\/photo_5157101235743075227_y\/\" data-orig-file=\"https:\/\/www.paudalho.pe.gov.br\/portal\/wp-content\/uploads\/2023\/02\/photo_5157101235743075227_y.jpg\" data-orig-size=\"1280,853\" data-comments-opened=\"1\" data-image-meta=\"{&quot;aperture&quot;:&quot;0&quot;,&quot;credit&quot;:&quot;&quot;,&quot;camera&quot;:&quot;&quot;,&quot;caption&quot;:&quot;&quot;,&quot;created_timestamp&quot;:&quot;0&quot;,&quot;copyright&quot;:&quot;&quot;,&quot;focal_length&quot;:&quot;0&quot;,&quot;iso&quot;:&quot;0&quot;,&quot;shutter_speed&quot;:&quot;0&quot;,&quot;title&quot;:&quot;&quot;,&quot;orientation&quot;:&quot;0&quot;}\" data-image-title=\"photo_5157101235743075227_y\" data-image-description=\"\" data-image-caption=\"\" data-medium-file=\"https:\/\/www.paudalho.pe.gov.br\/portal\/wp-content\/uploads\/2023\/02\/photo_5157101235743075227_y-350x230.jpg\" data-large-file=\"https:\/\/www.paudalho.pe.gov.br\/portal\/wp-content\/uploads\/2023\/02\/photo_5157101235743075227_y-800x450.jpg\" data-id=\"24740\" src=\"https:\/\/www.paudalho.pe.gov.br\/portal\/wp-content\/uploads\/2023\/02\/photo_5157101235743075227_y-800x450.jpg\" alt=\"\" class=\"wp-image-24740\"\/><\/figure>\n\n\n\n<figure class=\"wp-block-image size-large\"><img loading=\"lazy\" decoding=\"async\" width=\"800\" height=\"450\" data-attachment-id=\"24736\" data-permalink=\"https:\/\/www.paudalho.pe.gov.br\/portal\/1o-dia-do-carnaval-de-paudalho-e-marcado-pelo-banho-de-frevo-infantil-atracoes-culturais-desfiles-e-shows-de-alceu-valenca-e-nadia-maia\/photo_5157101235743075245_y\/\" data-orig-file=\"https:\/\/www.paudalho.pe.gov.br\/portal\/wp-content\/uploads\/2023\/02\/photo_5157101235743075245_y.jpg\" data-orig-size=\"1280,853\" data-comments-opened=\"1\" data-image-meta=\"{&quot;aperture&quot;:&quot;0&quot;,&quot;credit&quot;:&quot;&quot;,&quot;camera&quot;:&quot;&quot;,&quot;caption&quot;:&quot;&quot;,&quot;created_timestamp&quot;:&quot;0&quot;,&quot;copyright&quot;:&quot;&quot;,&quot;focal_length&quot;:&quot;0&quot;,&quot;iso&quot;:&quot;0&quot;,&quot;shutter_speed&quot;:&quot;0&quot;,&quot;title&quot;:&quot;&quot;,&quot;orientation&quot;:&quot;0&quot;}\" data-image-title=\"photo_5157101235743075245_y\" data-image-description=\"\" data-image-caption=\"\" data-medium-file=\"https:\/\/www.paudalho.pe.gov.br\/portal\/wp-content\/uploads\/2023\/02\/photo_5157101235743075245_y-350x230.jpg\" data-large-file=\"https:\/\/www.paudalho.pe.gov.br\/portal\/wp-content\/uploads\/2023\/02\/photo_5157101235743075245_y-800x450.jpg\" data-id=\"24736\" src=\"https:\/\/www.paudalho.pe.gov.br\/portal\/wp-content\/uploads\/2023\/02\/photo_5157101235743075245_y-800x450.jpg\" alt=\"\" class=\"wp-image-24736\"\/><\/figure>\n\n\n\n<figure class=\"wp-block-image size-large\"><img loading=\"lazy\" decoding=\"async\" width=\"800\" height=\"450\" data-attachment-id=\"24715\" data-permalink=\"https:\/\/www.paudalho.pe.gov.br\/portal\/1o-dia-do-carnaval-de-paudalho-e-marcado-pelo-banho-de-frevo-infantil-atracoes-culturais-desfiles-e-shows-de-alceu-valenca-e-nadia-maia\/photo_5157101235743075252_y\/\" data-orig-file=\"https:\/\/www.paudalho.pe.gov.br\/portal\/wp-content\/uploads\/2023\/02\/photo_5157101235743075252_y.jpg\" data-orig-size=\"853,1280\" data-comments-opened=\"1\" data-image-meta=\"{&quot;aperture&quot;:&quot;0&quot;,&quot;credit&quot;:&quot;&quot;,&quot;camera&quot;:&quot;&quot;,&quot;caption&quot;:&quot;&quot;,&quot;created_timestamp&quot;:&quot;0&quot;,&quot;copyright&quot;:&quot;&quot;,&quot;focal_length&quot;:&quot;0&quot;,&quot;iso&quot;:&quot;0&quot;,&quot;shutter_speed&quot;:&quot;0&quot;,&quot;title&quot;:&quot;&quot;,&quot;orientation&quot;:&quot;0&quot;}\" data-image-title=\"photo_5157101235743075252_y\" data-image-description=\"\" data-image-caption=\"\" data-medium-file=\"https:\/\/www.paudalho.pe.gov.br\/portal\/wp-content\/uploads\/2023\/02\/photo_5157101235743075252_y-350x230.jpg\" data-large-file=\"https:\/\/www.paudalho.pe.gov.br\/portal\/wp-content\/uploads\/2023\/02\/photo_5157101235743075252_y-800x450.jpg\" data-id=\"24715\" src=\"https:\/\/www.paudalho.pe.gov.br\/portal\/wp-content\/uploads\/2023\/02\/photo_5157101235743075252_y-800x450.jpg\" alt=\"\" class=\"wp-image-24715\"\/><\/figure>\n\n\n\n<figure class=\"wp-block-image size-large\"><img loading=\"lazy\" decoding=\"async\" width=\"800\" height=\"450\" data-attachment-id=\"24680\" data-permalink=\"https:\/\/www.paudalho.pe.gov.br\/portal\/1o-dia-do-carnaval-de-paudalho-e-marcado-pelo-banho-de-frevo-infantil-atracoes-culturais-desfiles-e-shows-de-alceu-valenca-e-nadia-maia\/photo_5157101235743075253_y\/\" data-orig-file=\"https:\/\/www.paudalho.pe.gov.br\/portal\/wp-content\/uploads\/2023\/02\/photo_5157101235743075253_y.jpg\" data-orig-size=\"1280,853\" data-comments-opened=\"1\" data-image-meta=\"{&quot;aperture&quot;:&quot;0&quot;,&quot;credit&quot;:&quot;&quot;,&quot;camera&quot;:&quot;&quot;,&quot;caption&quot;:&quot;&quot;,&quot;created_timestamp&quot;:&quot;0&quot;,&quot;copyright&quot;:&quot;&quot;,&quot;focal_length&quot;:&quot;0&quot;,&quot;iso&quot;:&quot;0&quot;,&quot;shutter_speed&quot;:&quot;0&quot;,&quot;title&quot;:&quot;&quot;,&quot;orientation&quot;:&quot;0&quot;}\" data-image-title=\"photo_5157101235743075253_y\" data-image-description=\"\" data-image-caption=\"\" data-medium-file=\"https:\/\/www.paudalho.pe.gov.br\/portal\/wp-content\/uploads\/2023\/02\/photo_5157101235743075253_y-350x230.jpg\" data-large-file=\"https:\/\/www.paudalho.pe.gov.br\/portal\/wp-content\/uploads\/2023\/02\/photo_5157101235743075253_y-800x450.jpg\" data-id=\"24680\" src=\"https:\/\/www.paudalho.pe.gov.br\/portal\/wp-content\/uploads\/2023\/02\/photo_5157101235743075253_y-800x450.jpg\" alt=\"\" class=\"wp-image-24680\"\/><\/figure>\n\n\n\n<figure class=\"wp-block-image size-large\"><img loading=\"lazy\" decoding=\"async\" width=\"800\" height=\"450\" data-attachment-id=\"24677\" data-permalink=\"https:\/\/www.paudalho.pe.gov.br\/portal\/1o-dia-do-carnaval-de-paudalho-e-marcado-pelo-banho-de-frevo-infantil-atracoes-culturais-desfiles-e-shows-de-alceu-valenca-e-nadia-maia\/photo_5157101235743075261_y\/\" data-orig-file=\"https:\/\/www.paudalho.pe.gov.br\/portal\/wp-content\/uploads\/2023\/02\/photo_5157101235743075261_y.jpg\" data-orig-size=\"853,1280\" data-comments-opened=\"1\" data-image-meta=\"{&quot;aperture&quot;:&quot;0&quot;,&quot;credit&quot;:&quot;&quot;,&quot;camera&quot;:&quot;&quot;,&quot;caption&quot;:&quot;&quot;,&quot;created_timestamp&quot;:&quot;0&quot;,&quot;copyright&quot;:&quot;&quot;,&quot;focal_length&quot;:&quot;0&quot;,&quot;iso&quot;:&quot;0&quot;,&quot;shutter_speed&quot;:&quot;0&quot;,&quot;title&quot;:&quot;&quot;,&quot;orientation&quot;:&quot;0&quot;}\" data-image-title=\"photo_5157101235743075261_y\" data-image-description=\"\" data-image-caption=\"\" data-medium-file=\"https:\/\/www.paudalho.pe.gov.br\/portal\/wp-content\/uploads\/2023\/02\/photo_5157101235743075261_y-350x230.jpg\" data-large-file=\"https:\/\/www.paudalho.pe.gov.br\/portal\/wp-content\/uploads\/2023\/02\/photo_5157101235743075261_y-800x450.jpg\" data-id=\"24677\" src=\"https:\/\/www.paudalho.pe.gov.br\/portal\/wp-content\/uploads\/2023\/02\/photo_5157101235743075261_y-800x450.jpg\" alt=\"\" class=\"wp-image-24677\"\/><\/figure>\n\n\n\n<figure class=\"wp-block-image size-large\"><img loading=\"lazy\" decoding=\"async\" width=\"800\" height=\"450\" data-attachment-id=\"24732\" data-permalink=\"https:\/\/www.paudalho.pe.gov.br\/portal\/1o-dia-do-carnaval-de-paudalho-e-marcado-pelo-banho-de-frevo-infantil-atracoes-culturais-desfiles-e-shows-de-alceu-valenca-e-nadia-maia\/photo_5157101235743075265_y\/\" data-orig-file=\"https:\/\/www.paudalho.pe.gov.br\/portal\/wp-content\/uploads\/2023\/02\/photo_5157101235743075265_y.jpg\" data-orig-size=\"1280,853\" data-comments-opened=\"1\" data-image-meta=\"{&quot;aperture&quot;:&quot;0&quot;,&quot;credit&quot;:&quot;&quot;,&quot;camera&quot;:&quot;&quot;,&quot;caption&quot;:&quot;&quot;,&quot;created_timestamp&quot;:&quot;0&quot;,&quot;copyright&quot;:&quot;&quot;,&quot;focal_length&quot;:&quot;0&quot;,&quot;iso&quot;:&quot;0&quot;,&quot;shutter_speed&quot;:&quot;0&quot;,&quot;title&quot;:&quot;&quot;,&quot;orientation&quot;:&quot;0&quot;}\" data-image-title=\"photo_5157101235743075265_y\" data-image-description=\"\" data-image-caption=\"\" data-medium-file=\"https:\/\/www.paudalho.pe.gov.br\/portal\/wp-content\/uploads\/2023\/02\/photo_5157101235743075265_y-350x230.jpg\" data-large-file=\"https:\/\/www.paudalho.pe.gov.br\/portal\/wp-content\/uploads\/2023\/02\/photo_5157101235743075265_y-800x450.jpg\" data-id=\"24732\" src=\"https:\/\/www.paudalho.pe.gov.br\/portal\/wp-content\/uploads\/2023\/02\/photo_5157101235743075265_y-800x450.jpg\" alt=\"\" class=\"wp-image-24732\"\/><\/figure>\n\n\n\n<figure class=\"wp-block-image size-large\"><img loading=\"lazy\" decoding=\"async\" width=\"800\" height=\"450\" data-attachment-id=\"24738\" data-permalink=\"https:\/\/www.paudalho.pe.gov.br\/portal\/1o-dia-do-carnaval-de-paudalho-e-marcado-pelo-banho-de-frevo-infantil-atracoes-culturais-desfiles-e-shows-de-alceu-valenca-e-nadia-maia\/photo_5157101235743075267_y\/\" data-orig-file=\"https:\/\/www.paudalho.pe.gov.br\/portal\/wp-content\/uploads\/2023\/02\/photo_5157101235743075267_y.jpg\" data-orig-size=\"1280,853\" data-comments-opened=\"1\" data-image-meta=\"{&quot;aperture&quot;:&quot;0&quot;,&quot;credit&quot;:&quot;&quot;,&quot;camera&quot;:&quot;&quot;,&quot;caption&quot;:&quot;&quot;,&quot;created_timestamp&quot;:&quot;0&quot;,&quot;copyright&quot;:&quot;&quot;,&quot;focal_length&quot;:&quot;0&quot;,&quot;iso&quot;:&quot;0&quot;,&quot;shutter_speed&quot;:&quot;0&quot;,&quot;title&quot;:&quot;&quot;,&quot;orientation&quot;:&quot;0&quot;}\" data-image-title=\"photo_5157101235743075267_y\" data-image-description=\"\" data-image-caption=\"\" data-medium-file=\"https:\/\/www.paudalho.pe.gov.br\/portal\/wp-content\/uploads\/2023\/02\/photo_5157101235743075267_y-350x230.jpg\" data-large-file=\"https:\/\/www.paudalho.pe.gov.br\/portal\/wp-content\/uploads\/2023\/02\/photo_5157101235743075267_y-800x450.jpg\" data-id=\"24738\" src=\"https:\/\/www.paudalho.pe.gov.br\/portal\/wp-content\/uploads\/2023\/02\/photo_5157101235743075267_y-800x450.jpg\" alt=\"\" class=\"wp-image-24738\"\/><\/figure>\n\n\n\n<figure class=\"wp-block-image size-large\"><img loading=\"lazy\" decoding=\"async\" width=\"800\" height=\"450\" data-attachment-id=\"24674\" data-permalink=\"https:\/\/www.paudalho.pe.gov.br\/portal\/1o-dia-do-carnaval-de-paudalho-e-marcado-pelo-banho-de-frevo-infantil-atracoes-culturais-desfiles-e-shows-de-alceu-valenca-e-nadia-maia\/photo_5159353035556760319_y\/\" data-orig-file=\"https:\/\/www.paudalho.pe.gov.br\/portal\/wp-content\/uploads\/2023\/02\/photo_5159353035556760319_y.jpg\" data-orig-size=\"1280,853\" data-comments-opened=\"1\" data-image-meta=\"{&quot;aperture&quot;:&quot;0&quot;,&quot;credit&quot;:&quot;&quot;,&quot;camera&quot;:&quot;&quot;,&quot;caption&quot;:&quot;&quot;,&quot;created_timestamp&quot;:&quot;0&quot;,&quot;copyright&quot;:&quot;&quot;,&quot;focal_length&quot;:&quot;0&quot;,&quot;iso&quot;:&quot;0&quot;,&quot;shutter_speed&quot;:&quot;0&quot;,&quot;title&quot;:&quot;&quot;,&quot;orientation&quot;:&quot;0&quot;}\" data-image-title=\"photo_5159353035556760319_y\" data-image-description=\"\" data-image-caption=\"\" data-medium-file=\"https:\/\/www.paudalho.pe.gov.br\/portal\/wp-content\/uploads\/2023\/02\/photo_5159353035556760319_y-350x230.jpg\" data-large-file=\"https:\/\/www.paudalho.pe.gov.br\/portal\/wp-content\/uploads\/2023\/02\/photo_5159353035556760319_y-800x450.jpg\" data-id=\"24674\" src=\"https:\/\/www.paudalho.pe.gov.br\/portal\/wp-content\/uploads\/2023\/02\/photo_5159353035556760319_y-800x450.jpg\" alt=\"\" class=\"wp-image-24674\"\/><\/figure>\n\n\n\n<figure class=\"wp-block-image size-large\"><img loading=\"lazy\" decoding=\"async\" width=\"800\" height=\"450\" data-attachment-id=\"24682\" data-permalink=\"https:\/\/www.paudalho.pe.gov.br\/portal\/1o-dia-do-carnaval-de-paudalho-e-marcado-pelo-banho-de-frevo-infantil-atracoes-culturais-desfiles-e-shows-de-alceu-valenca-e-nadia-maia\/photo_5159353035556760325_y\/\" data-orig-file=\"https:\/\/www.paudalho.pe.gov.br\/portal\/wp-content\/uploads\/2023\/02\/photo_5159353035556760325_y.jpg\" data-orig-size=\"1280,853\" data-comments-opened=\"1\" data-image-meta=\"{&quot;aperture&quot;:&quot;0&quot;,&quot;credit&quot;:&quot;&quot;,&quot;camera&quot;:&quot;&quot;,&quot;caption&quot;:&quot;&quot;,&quot;created_timestamp&quot;:&quot;0&quot;,&quot;copyright&quot;:&quot;&quot;,&quot;focal_length&quot;:&quot;0&quot;,&quot;iso&quot;:&quot;0&quot;,&quot;shutter_speed&quot;:&quot;0&quot;,&quot;title&quot;:&quot;&quot;,&quot;orientation&quot;:&quot;0&quot;}\" data-image-title=\"photo_5159353035556760325_y\" data-image-description=\"\" data-image-caption=\"\" data-medium-file=\"https:\/\/www.paudalho.pe.gov.br\/portal\/wp-content\/uploads\/2023\/02\/photo_5159353035556760325_y-350x230.jpg\" data-large-file=\"https:\/\/www.paudalho.pe.gov.br\/portal\/wp-content\/uploads\/2023\/02\/photo_5159353035556760325_y-800x450.jpg\" data-id=\"24682\" src=\"https:\/\/www.paudalho.pe.gov.br\/portal\/wp-content\/uploads\/2023\/02\/photo_5159353035556760325_y-800x450.jpg\" alt=\"\" class=\"wp-image-24682\"\/><\/figure>\n\n\n\n<figure class=\"wp-block-image size-large\"><img loading=\"lazy\" decoding=\"async\" width=\"800\" height=\"450\" data-attachment-id=\"24705\" data-permalink=\"https:\/\/www.paudalho.pe.gov.br\/portal\/1o-dia-do-carnaval-de-paudalho-e-marcado-pelo-banho-de-frevo-infantil-atracoes-culturais-desfiles-e-shows-de-alceu-valenca-e-nadia-maia\/photo_5159353035556760326_y\/\" data-orig-file=\"https:\/\/www.paudalho.pe.gov.br\/portal\/wp-content\/uploads\/2023\/02\/photo_5159353035556760326_y.jpg\" data-orig-size=\"1280,853\" data-comments-opened=\"1\" data-image-meta=\"{&quot;aperture&quot;:&quot;0&quot;,&quot;credit&quot;:&quot;&quot;,&quot;camera&quot;:&quot;&quot;,&quot;caption&quot;:&quot;&quot;,&quot;created_timestamp&quot;:&quot;0&quot;,&quot;copyright&quot;:&quot;&quot;,&quot;focal_length&quot;:&quot;0&quot;,&quot;iso&quot;:&quot;0&quot;,&quot;shutter_speed&quot;:&quot;0&quot;,&quot;title&quot;:&quot;&quot;,&quot;orientation&quot;:&quot;0&quot;}\" data-image-title=\"photo_5159353035556760326_y\" data-image-description=\"\" data-image-caption=\"\" data-medium-file=\"https:\/\/www.paudalho.pe.gov.br\/portal\/wp-content\/uploads\/2023\/02\/photo_5159353035556760326_y-350x230.jpg\" data-large-file=\"https:\/\/www.paudalho.pe.gov.br\/portal\/wp-content\/uploads\/2023\/02\/photo_5159353035556760326_y-800x450.jpg\" data-id=\"24705\" src=\"https:\/\/www.paudalho.pe.gov.br\/portal\/wp-content\/uploads\/2023\/02\/photo_5159353035556760326_y-800x450.jpg\" alt=\"\" class=\"wp-image-24705\"\/><\/figure>\n\n\n\n<figure class=\"wp-block-image size-large\"><img loading=\"lazy\" decoding=\"async\" width=\"800\" height=\"450\" data-attachment-id=\"24686\" data-permalink=\"https:\/\/www.paudalho.pe.gov.br\/portal\/1o-dia-do-carnaval-de-paudalho-e-marcado-pelo-banho-de-frevo-infantil-atracoes-culturais-desfiles-e-shows-de-alceu-valenca-e-nadia-maia\/photo_5159353035556760329_y\/\" data-orig-file=\"https:\/\/www.paudalho.pe.gov.br\/portal\/wp-content\/uploads\/2023\/02\/photo_5159353035556760329_y.jpg\" data-orig-size=\"1280,853\" data-comments-opened=\"1\" data-image-meta=\"{&quot;aperture&quot;:&quot;0&quot;,&quot;credit&quot;:&quot;&quot;,&quot;camera&quot;:&quot;&quot;,&quot;caption&quot;:&quot;&quot;,&quot;created_timestamp&quot;:&quot;0&quot;,&quot;copyright&quot;:&quot;&quot;,&quot;focal_length&quot;:&quot;0&quot;,&quot;iso&quot;:&quot;0&quot;,&quot;shutter_speed&quot;:&quot;0&quot;,&quot;title&quot;:&quot;&quot;,&quot;orientation&quot;:&quot;0&quot;}\" data-image-title=\"photo_5159353035556760329_y\" data-image-description=\"\" data-image-caption=\"\" data-medium-file=\"https:\/\/www.paudalho.pe.gov.br\/portal\/wp-content\/uploads\/2023\/02\/photo_5159353035556760329_y-350x230.jpg\" data-large-file=\"https:\/\/www.paudalho.pe.gov.br\/portal\/wp-content\/uploads\/2023\/02\/photo_5159353035556760329_y-800x450.jpg\" data-id=\"24686\" src=\"https:\/\/www.paudalho.pe.gov.br\/portal\/wp-content\/uploads\/2023\/02\/photo_5159353035556760329_y-800x450.jpg\" alt=\"\" class=\"wp-image-24686\"\/><\/figure>\n\n\n\n<figure class=\"wp-block-image size-large\"><img loading=\"lazy\" decoding=\"async\" width=\"800\" height=\"450\" data-attachment-id=\"24714\" data-permalink=\"https:\/\/www.paudalho.pe.gov.br\/portal\/1o-dia-do-carnaval-de-paudalho-e-marcado-pelo-banho-de-frevo-infantil-atracoes-culturais-desfiles-e-shows-de-alceu-valenca-e-nadia-maia\/photo_5159353035556760332_y\/\" data-orig-file=\"https:\/\/www.paudalho.pe.gov.br\/portal\/wp-content\/uploads\/2023\/02\/photo_5159353035556760332_y.jpg\" data-orig-size=\"1280,853\" data-comments-opened=\"1\" data-image-meta=\"{&quot;aperture&quot;:&quot;0&quot;,&quot;credit&quot;:&quot;&quot;,&quot;camera&quot;:&quot;&quot;,&quot;caption&quot;:&quot;&quot;,&quot;created_timestamp&quot;:&quot;0&quot;,&quot;copyright&quot;:&quot;&quot;,&quot;focal_length&quot;:&quot;0&quot;,&quot;iso&quot;:&quot;0&quot;,&quot;shutter_speed&quot;:&quot;0&quot;,&quot;title&quot;:&quot;&quot;,&quot;orientation&quot;:&quot;0&quot;}\" data-image-title=\"photo_5159353035556760332_y\" data-image-description=\"\" data-image-caption=\"\" data-medium-file=\"https:\/\/www.paudalho.pe.gov.br\/portal\/wp-content\/uploads\/2023\/02\/photo_5159353035556760332_y-350x230.jpg\" data-large-file=\"https:\/\/www.paudalho.pe.gov.br\/portal\/wp-content\/uploads\/2023\/02\/photo_5159353035556760332_y-800x450.jpg\" data-id=\"24714\" src=\"https:\/\/www.paudalho.pe.gov.br\/portal\/wp-content\/uploads\/2023\/02\/photo_5159353035556760332_y-800x450.jpg\" alt=\"\" class=\"wp-image-24714\"\/><\/figure>\n\n\n\n<figure class=\"wp-block-image size-large\"><img loading=\"lazy\" decoding=\"async\" width=\"800\" height=\"450\" data-attachment-id=\"24713\" data-permalink=\"https:\/\/www.paudalho.pe.gov.br\/portal\/1o-dia-do-carnaval-de-paudalho-e-marcado-pelo-banho-de-frevo-infantil-atracoes-culturais-desfiles-e-shows-de-alceu-valenca-e-nadia-maia\/photo_5159353035556760334_y\/\" data-orig-file=\"https:\/\/www.paudalho.pe.gov.br\/portal\/wp-content\/uploads\/2023\/02\/photo_5159353035556760334_y.jpg\" data-orig-size=\"1280,853\" data-comments-opened=\"1\" data-image-meta=\"{&quot;aperture&quot;:&quot;0&quot;,&quot;credit&quot;:&quot;&quot;,&quot;camera&quot;:&quot;&quot;,&quot;caption&quot;:&quot;&quot;,&quot;created_timestamp&quot;:&quot;0&quot;,&quot;copyright&quot;:&quot;&quot;,&quot;focal_length&quot;:&quot;0&quot;,&quot;iso&quot;:&quot;0&quot;,&quot;shutter_speed&quot;:&quot;0&quot;,&quot;title&quot;:&quot;&quot;,&quot;orientation&quot;:&quot;0&quot;}\" data-image-title=\"photo_5159353035556760334_y\" data-image-description=\"\" data-image-caption=\"\" data-medium-file=\"https:\/\/www.paudalho.pe.gov.br\/portal\/wp-content\/uploads\/2023\/02\/photo_5159353035556760334_y-350x230.jpg\" data-large-file=\"https:\/\/www.paudalho.pe.gov.br\/portal\/wp-content\/uploads\/2023\/02\/photo_5159353035556760334_y-800x450.jpg\" data-id=\"24713\" src=\"https:\/\/www.paudalho.pe.gov.br\/portal\/wp-content\/uploads\/2023\/02\/photo_5159353035556760334_y-800x450.jpg\" alt=\"\" class=\"wp-image-24713\"\/><\/figure>\n\n\n\n<figure class=\"wp-block-image size-large\"><img loading=\"lazy\" decoding=\"async\" width=\"800\" height=\"450\" data-attachment-id=\"24698\" data-permalink=\"https:\/\/www.paudalho.pe.gov.br\/portal\/1o-dia-do-carnaval-de-paudalho-e-marcado-pelo-banho-de-frevo-infantil-atracoes-culturais-desfiles-e-shows-de-alceu-valenca-e-nadia-maia\/photo_5159353035556760341_y\/\" data-orig-file=\"https:\/\/www.paudalho.pe.gov.br\/portal\/wp-content\/uploads\/2023\/02\/photo_5159353035556760341_y.jpg\" data-orig-size=\"1280,853\" data-comments-opened=\"1\" data-image-meta=\"{&quot;aperture&quot;:&quot;0&quot;,&quot;credit&quot;:&quot;&quot;,&quot;camera&quot;:&quot;&quot;,&quot;caption&quot;:&quot;&quot;,&quot;created_timestamp&quot;:&quot;0&quot;,&quot;copyright&quot;:&quot;&quot;,&quot;focal_length&quot;:&quot;0&quot;,&quot;iso&quot;:&quot;0&quot;,&quot;shutter_speed&quot;:&quot;0&quot;,&quot;title&quot;:&quot;&quot;,&quot;orientation&quot;:&quot;0&quot;}\" data-image-title=\"photo_5159353035556760341_y\" data-image-description=\"\" data-image-caption=\"\" data-medium-file=\"https:\/\/www.paudalho.pe.gov.br\/portal\/wp-content\/uploads\/2023\/02\/photo_5159353035556760341_y-350x230.jpg\" data-large-file=\"https:\/\/www.paudalho.pe.gov.br\/portal\/wp-content\/uploads\/2023\/02\/photo_5159353035556760341_y-800x450.jpg\" data-id=\"24698\" src=\"https:\/\/www.paudalho.pe.gov.br\/portal\/wp-content\/uploads\/2023\/02\/photo_5159353035556760341_y-800x450.jpg\" alt=\"\" class=\"wp-image-24698\"\/><\/figure>\n\n\n\n<figure class=\"wp-block-image size-large\"><img loading=\"lazy\" decoding=\"async\" width=\"800\" height=\"450\" data-attachment-id=\"24692\" data-permalink=\"https:\/\/www.paudalho.pe.gov.br\/portal\/1o-dia-do-carnaval-de-paudalho-e-marcado-pelo-banho-de-frevo-infantil-atracoes-culturais-desfiles-e-shows-de-alceu-valenca-e-nadia-maia\/photo_5159353035556760343_y-1\/\" data-orig-file=\"https:\/\/www.paudalho.pe.gov.br\/portal\/wp-content\/uploads\/2023\/02\/photo_5159353035556760343_y-1.jpg\" data-orig-size=\"1280,853\" data-comments-opened=\"1\" data-image-meta=\"{&quot;aperture&quot;:&quot;0&quot;,&quot;credit&quot;:&quot;&quot;,&quot;camera&quot;:&quot;&quot;,&quot;caption&quot;:&quot;&quot;,&quot;created_timestamp&quot;:&quot;0&quot;,&quot;copyright&quot;:&quot;&quot;,&quot;focal_length&quot;:&quot;0&quot;,&quot;iso&quot;:&quot;0&quot;,&quot;shutter_speed&quot;:&quot;0&quot;,&quot;title&quot;:&quot;&quot;,&quot;orientation&quot;:&quot;0&quot;}\" data-image-title=\"photo_5159353035556760343_y-1\" data-image-description=\"\" data-image-caption=\"\" data-medium-file=\"https:\/\/www.paudalho.pe.gov.br\/portal\/wp-content\/uploads\/2023\/02\/photo_5159353035556760343_y-1-350x230.jpg\" data-large-file=\"https:\/\/www.paudalho.pe.gov.br\/portal\/wp-content\/uploads\/2023\/02\/photo_5159353035556760343_y-1-800x450.jpg\" data-id=\"24692\" src=\"https:\/\/www.paudalho.pe.gov.br\/portal\/wp-content\/uploads\/2023\/02\/photo_5159353035556760343_y-1-800x450.jpg\" alt=\"\" class=\"wp-image-24692\"\/><\/figure>\n\n\n\n<figure class=\"wp-block-image size-large\"><img loading=\"lazy\" decoding=\"async\" width=\"800\" height=\"450\" data-attachment-id=\"24718\" data-permalink=\"https:\/\/www.paudalho.pe.gov.br\/portal\/1o-dia-do-carnaval-de-paudalho-e-marcado-pelo-banho-de-frevo-infantil-atracoes-culturais-desfiles-e-shows-de-alceu-valenca-e-nadia-maia\/photo_5159353035556760376_y\/\" data-orig-file=\"https:\/\/www.paudalho.pe.gov.br\/portal\/wp-content\/uploads\/2023\/02\/photo_5159353035556760376_y.jpg\" data-orig-size=\"1280,853\" data-comments-opened=\"1\" data-image-meta=\"{&quot;aperture&quot;:&quot;0&quot;,&quot;credit&quot;:&quot;&quot;,&quot;camera&quot;:&quot;&quot;,&quot;caption&quot;:&quot;&quot;,&quot;created_timestamp&quot;:&quot;0&quot;,&quot;copyright&quot;:&quot;&quot;,&quot;focal_length&quot;:&quot;0&quot;,&quot;iso&quot;:&quot;0&quot;,&quot;shutter_speed&quot;:&quot;0&quot;,&quot;title&quot;:&quot;&quot;,&quot;orientation&quot;:&quot;0&quot;}\" data-image-title=\"photo_5159353035556760376_y\" data-image-description=\"\" data-image-caption=\"\" data-medium-file=\"https:\/\/www.paudalho.pe.gov.br\/portal\/wp-content\/uploads\/2023\/02\/photo_5159353035556760376_y-350x230.jpg\" data-large-file=\"https:\/\/www.paudalho.pe.gov.br\/portal\/wp-content\/uploads\/2023\/02\/photo_5159353035556760376_y-800x450.jpg\" data-id=\"24718\" src=\"https:\/\/www.paudalho.pe.gov.br\/portal\/wp-content\/uploads\/2023\/02\/photo_5159353035556760376_y-800x450.jpg\" alt=\"\" class=\"wp-image-24718\"\/><\/figure>\n\n\n\n<figure class=\"wp-block-image size-large\"><img loading=\"lazy\" decoding=\"async\" width=\"800\" height=\"450\" data-attachment-id=\"24717\" data-permalink=\"https:\/\/www.paudalho.pe.gov.br\/portal\/1o-dia-do-carnaval-de-paudalho-e-marcado-pelo-banho-de-frevo-infantil-atracoes-culturais-desfiles-e-shows-de-alceu-valenca-e-nadia-maia\/photo_5159353035556760379_y\/\" data-orig-file=\"https:\/\/www.paudalho.pe.gov.br\/portal\/wp-content\/uploads\/2023\/02\/photo_5159353035556760379_y.jpg\" data-orig-size=\"1280,853\" data-comments-opened=\"1\" data-image-meta=\"{&quot;aperture&quot;:&quot;0&quot;,&quot;credit&quot;:&quot;&quot;,&quot;camera&quot;:&quot;&quot;,&quot;caption&quot;:&quot;&quot;,&quot;created_timestamp&quot;:&quot;0&quot;,&quot;copyright&quot;:&quot;&quot;,&quot;focal_length&quot;:&quot;0&quot;,&quot;iso&quot;:&quot;0&quot;,&quot;shutter_speed&quot;:&quot;0&quot;,&quot;title&quot;:&quot;&quot;,&quot;orientation&quot;:&quot;0&quot;}\" data-image-title=\"photo_5159353035556760379_y\" data-image-description=\"\" data-image-caption=\"\" data-medium-file=\"https:\/\/www.paudalho.pe.gov.br\/portal\/wp-content\/uploads\/2023\/02\/photo_5159353035556760379_y-350x230.jpg\" data-large-file=\"https:\/\/www.paudalho.pe.gov.br\/portal\/wp-content\/uploads\/2023\/02\/photo_5159353035556760379_y-800x450.jpg\" data-id=\"24717\" src=\"https:\/\/www.paudalho.pe.gov.br\/portal\/wp-content\/uploads\/2023\/02\/photo_5159353035556760379_y-800x450.jpg\" alt=\"\" class=\"wp-image-24717\"\/><\/figure>\n\n\n\n<figure class=\"wp-block-image size-large\"><img loading=\"lazy\" decoding=\"async\" width=\"800\" height=\"450\" data-attachment-id=\"24737\" data-permalink=\"https:\/\/www.paudalho.pe.gov.br\/portal\/1o-dia-do-carnaval-de-paudalho-e-marcado-pelo-banho-de-frevo-infantil-atracoes-culturais-desfiles-e-shows-de-alceu-valenca-e-nadia-maia\/photo_5159353035556760388_y\/\" data-orig-file=\"https:\/\/www.paudalho.pe.gov.br\/portal\/wp-content\/uploads\/2023\/02\/photo_5159353035556760388_y.jpg\" data-orig-size=\"1280,853\" data-comments-opened=\"1\" data-image-meta=\"{&quot;aperture&quot;:&quot;0&quot;,&quot;credit&quot;:&quot;&quot;,&quot;camera&quot;:&quot;&quot;,&quot;caption&quot;:&quot;&quot;,&quot;created_timestamp&quot;:&quot;0&quot;,&quot;copyright&quot;:&quot;&quot;,&quot;focal_length&quot;:&quot;0&quot;,&quot;iso&quot;:&quot;0&quot;,&quot;shutter_speed&quot;:&quot;0&quot;,&quot;title&quot;:&quot;&quot;,&quot;orientation&quot;:&quot;0&quot;}\" data-image-title=\"photo_5159353035556760388_y\" data-image-description=\"\" data-image-caption=\"\" data-medium-file=\"https:\/\/www.paudalho.pe.gov.br\/portal\/wp-content\/uploads\/2023\/02\/photo_5159353035556760388_y-350x230.jpg\" data-large-file=\"https:\/\/www.paudalho.pe.gov.br\/portal\/wp-content\/uploads\/2023\/02\/photo_5159353035556760388_y-800x450.jpg\" data-id=\"24737\" src=\"https:\/\/www.paudalho.pe.gov.br\/portal\/wp-content\/uploads\/2023\/02\/photo_5159353035556760388_y-800x450.jpg\" alt=\"\" class=\"wp-image-24737\"\/><\/figure>\n\n\n\n<figure class=\"wp-block-image size-large\"><img loading=\"lazy\" decoding=\"async\" width=\"800\" height=\"450\" data-attachment-id=\"24688\" data-permalink=\"https:\/\/www.paudalho.pe.gov.br\/portal\/1o-dia-do-carnaval-de-paudalho-e-marcado-pelo-banho-de-frevo-infantil-atracoes-culturais-desfiles-e-shows-de-alceu-valenca-e-nadia-maia\/photo_5159353035556760394_y\/\" data-orig-file=\"https:\/\/www.paudalho.pe.gov.br\/portal\/wp-content\/uploads\/2023\/02\/photo_5159353035556760394_y.jpg\" data-orig-size=\"1280,853\" data-comments-opened=\"1\" data-image-meta=\"{&quot;aperture&quot;:&quot;0&quot;,&quot;credit&quot;:&quot;&quot;,&quot;camera&quot;:&quot;&quot;,&quot;caption&quot;:&quot;&quot;,&quot;created_timestamp&quot;:&quot;0&quot;,&quot;copyright&quot;:&quot;&quot;,&quot;focal_length&quot;:&quot;0&quot;,&quot;iso&quot;:&quot;0&quot;,&quot;shutter_speed&quot;:&quot;0&quot;,&quot;title&quot;:&quot;&quot;,&quot;orientation&quot;:&quot;0&quot;}\" data-image-title=\"photo_5159353035556760394_y\" data-image-description=\"\" data-image-caption=\"\" data-medium-file=\"https:\/\/www.paudalho.pe.gov.br\/portal\/wp-content\/uploads\/2023\/02\/photo_5159353035556760394_y-350x230.jpg\" data-large-file=\"https:\/\/www.paudalho.pe.gov.br\/portal\/wp-content\/uploads\/2023\/02\/photo_5159353035556760394_y-800x450.jpg\" data-id=\"24688\" src=\"https:\/\/www.paudalho.pe.gov.br\/portal\/wp-content\/uploads\/2023\/02\/photo_5159353035556760394_y-800x450.jpg\" alt=\"\" class=\"wp-image-24688\"\/><\/figure>\n\n\n\n<figure class=\"wp-block-image size-large\"><img loading=\"lazy\" decoding=\"async\" width=\"800\" height=\"450\" data-attachment-id=\"24710\" data-permalink=\"https:\/\/www.paudalho.pe.gov.br\/portal\/1o-dia-do-carnaval-de-paudalho-e-marcado-pelo-banho-de-frevo-infantil-atracoes-culturais-desfiles-e-shows-de-alceu-valenca-e-nadia-maia\/photo_5159353035556760395_y\/\" data-orig-file=\"https:\/\/www.paudalho.pe.gov.br\/portal\/wp-content\/uploads\/2023\/02\/photo_5159353035556760395_y.jpg\" data-orig-size=\"1280,853\" data-comments-opened=\"1\" data-image-meta=\"{&quot;aperture&quot;:&quot;0&quot;,&quot;credit&quot;:&quot;&quot;,&quot;camera&quot;:&quot;&quot;,&quot;caption&quot;:&quot;&quot;,&quot;created_timestamp&quot;:&quot;0&quot;,&quot;copyright&quot;:&quot;&quot;,&quot;focal_length&quot;:&quot;0&quot;,&quot;iso&quot;:&quot;0&quot;,&quot;shutter_speed&quot;:&quot;0&quot;,&quot;title&quot;:&quot;&quot;,&quot;orientation&quot;:&quot;0&quot;}\" data-image-title=\"photo_5159353035556760395_y\" data-image-description=\"\" data-image-caption=\"\" data-medium-file=\"https:\/\/www.paudalho.pe.gov.br\/portal\/wp-content\/uploads\/2023\/02\/photo_5159353035556760395_y-350x230.jpg\" data-large-file=\"https:\/\/www.paudalho.pe.gov.br\/portal\/wp-content\/uploads\/2023\/02\/photo_5159353035556760395_y-800x450.jpg\" data-id=\"24710\" src=\"https:\/\/www.paudalho.pe.gov.br\/portal\/wp-content\/uploads\/2023\/02\/photo_5159353035556760395_y-800x450.jpg\" alt=\"\" class=\"wp-image-24710\"\/><\/figure>\n\n\n\n<figure class=\"wp-block-image size-large\"><img loading=\"lazy\" decoding=\"async\" width=\"800\" height=\"450\" data-attachment-id=\"24707\" data-permalink=\"https:\/\/www.paudalho.pe.gov.br\/portal\/1o-dia-do-carnaval-de-paudalho-e-marcado-pelo-banho-de-frevo-infantil-atracoes-culturais-desfiles-e-shows-de-alceu-valenca-e-nadia-maia\/photo_5159353035556760397_y\/\" data-orig-file=\"https:\/\/www.paudalho.pe.gov.br\/portal\/wp-content\/uploads\/2023\/02\/photo_5159353035556760397_y.jpg\" data-orig-size=\"1280,853\" data-comments-opened=\"1\" data-image-meta=\"{&quot;aperture&quot;:&quot;0&quot;,&quot;credit&quot;:&quot;&quot;,&quot;camera&quot;:&quot;&quot;,&quot;caption&quot;:&quot;&quot;,&quot;created_timestamp&quot;:&quot;0&quot;,&quot;copyright&quot;:&quot;&quot;,&quot;focal_length&quot;:&quot;0&quot;,&quot;iso&quot;:&quot;0&quot;,&quot;shutter_speed&quot;:&quot;0&quot;,&quot;title&quot;:&quot;&quot;,&quot;orientation&quot;:&quot;0&quot;}\" data-image-title=\"photo_5159353035556760397_y\" data-image-description=\"\" data-image-caption=\"\" data-medium-file=\"https:\/\/www.paudalho.pe.gov.br\/portal\/wp-content\/uploads\/2023\/02\/photo_5159353035556760397_y-350x230.jpg\" data-large-file=\"https:\/\/www.paudalho.pe.gov.br\/portal\/wp-content\/uploads\/2023\/02\/photo_5159353035556760397_y-800x450.jpg\" data-id=\"24707\" src=\"https:\/\/www.paudalho.pe.gov.br\/portal\/wp-content\/uploads\/2023\/02\/photo_5159353035556760397_y-800x450.jpg\" alt=\"\" class=\"wp-image-24707\"\/><\/figure>\n\n\n\n<figure class=\"wp-block-image size-large\"><img loading=\"lazy\" decoding=\"async\" width=\"800\" height=\"450\" data-attachment-id=\"24716\" data-permalink=\"https:\/\/www.paudalho.pe.gov.br\/portal\/1o-dia-do-carnaval-de-paudalho-e-marcado-pelo-banho-de-frevo-infantil-atracoes-culturais-desfiles-e-shows-de-alceu-valenca-e-nadia-maia\/photo_5159353035556760398_y\/\" data-orig-file=\"https:\/\/www.paudalho.pe.gov.br\/portal\/wp-content\/uploads\/2023\/02\/photo_5159353035556760398_y.jpg\" data-orig-size=\"1280,853\" data-comments-opened=\"1\" data-image-meta=\"{&quot;aperture&quot;:&quot;0&quot;,&quot;credit&quot;:&quot;&quot;,&quot;camera&quot;:&quot;&quot;,&quot;caption&quot;:&quot;&quot;,&quot;created_timestamp&quot;:&quot;0&quot;,&quot;copyright&quot;:&quot;&quot;,&quot;focal_length&quot;:&quot;0&quot;,&quot;iso&quot;:&quot;0&quot;,&quot;shutter_speed&quot;:&quot;0&quot;,&quot;title&quot;:&quot;&quot;,&quot;orientation&quot;:&quot;0&quot;}\" data-image-title=\"photo_5159353035556760398_y\" data-image-description=\"\" data-image-caption=\"\" data-medium-file=\"https:\/\/www.paudalho.pe.gov.br\/portal\/wp-content\/uploads\/2023\/02\/photo_5159353035556760398_y-350x230.jpg\" data-large-file=\"https:\/\/www.paudalho.pe.gov.br\/portal\/wp-content\/uploads\/2023\/02\/photo_5159353035556760398_y-800x450.jpg\" data-id=\"24716\" src=\"https:\/\/www.paudalho.pe.gov.br\/portal\/wp-content\/uploads\/2023\/02\/photo_5159353035556760398_y-800x450.jpg\" alt=\"\" class=\"wp-image-24716\"\/><\/figure>\n\n\n\n<figure class=\"wp-block-image size-large\"><img loading=\"lazy\" decoding=\"async\" width=\"800\" height=\"450\" data-attachment-id=\"24726\" data-permalink=\"https:\/\/www.paudalho.pe.gov.br\/portal\/1o-dia-do-carnaval-de-paudalho-e-marcado-pelo-banho-de-frevo-infantil-atracoes-culturais-desfiles-e-shows-de-alceu-valenca-e-nadia-maia\/photo_5159353035556760400_y\/\" data-orig-file=\"https:\/\/www.paudalho.pe.gov.br\/portal\/wp-content\/uploads\/2023\/02\/photo_5159353035556760400_y.jpg\" data-orig-size=\"1280,853\" data-comments-opened=\"1\" data-image-meta=\"{&quot;aperture&quot;:&quot;0&quot;,&quot;credit&quot;:&quot;&quot;,&quot;camera&quot;:&quot;&quot;,&quot;caption&quot;:&quot;&quot;,&quot;created_timestamp&quot;:&quot;0&quot;,&quot;copyright&quot;:&quot;&quot;,&quot;focal_length&quot;:&quot;0&quot;,&quot;iso&quot;:&quot;0&quot;,&quot;shutter_speed&quot;:&quot;0&quot;,&quot;title&quot;:&quot;&quot;,&quot;orientation&quot;:&quot;0&quot;}\" data-image-title=\"photo_5159353035556760400_y\" data-image-description=\"\" data-image-caption=\"\" data-medium-file=\"https:\/\/www.paudalho.pe.gov.br\/portal\/wp-content\/uploads\/2023\/02\/photo_5159353035556760400_y-350x230.jpg\" data-large-file=\"https:\/\/www.paudalho.pe.gov.br\/portal\/wp-content\/uploads\/2023\/02\/photo_5159353035556760400_y-800x450.jpg\" data-id=\"24726\" src=\"https:\/\/www.paudalho.pe.gov.br\/portal\/wp-content\/uploads\/2023\/02\/photo_5159353035556760400_y-800x450.jpg\" alt=\"\" class=\"wp-image-24726\"\/><\/figure>\n\n\n\n<figure class=\"wp-block-image size-large\"><img loading=\"lazy\" decoding=\"async\" width=\"800\" height=\"450\" data-attachment-id=\"24728\" data-permalink=\"https:\/\/www.paudalho.pe.gov.br\/portal\/1o-dia-do-carnaval-de-paudalho-e-marcado-pelo-banho-de-frevo-infantil-atracoes-culturais-desfiles-e-shows-de-alceu-valenca-e-nadia-maia\/photo_5159353035556760401_y\/\" data-orig-file=\"https:\/\/www.paudalho.pe.gov.br\/portal\/wp-content\/uploads\/2023\/02\/photo_5159353035556760401_y.jpg\" data-orig-size=\"1280,853\" data-comments-opened=\"1\" data-image-meta=\"{&quot;aperture&quot;:&quot;0&quot;,&quot;credit&quot;:&quot;&quot;,&quot;camera&quot;:&quot;&quot;,&quot;caption&quot;:&quot;&quot;,&quot;created_timestamp&quot;:&quot;0&quot;,&quot;copyright&quot;:&quot;&quot;,&quot;focal_length&quot;:&quot;0&quot;,&quot;iso&quot;:&quot;0&quot;,&quot;shutter_speed&quot;:&quot;0&quot;,&quot;title&quot;:&quot;&quot;,&quot;orientation&quot;:&quot;0&quot;}\" data-image-title=\"photo_5159353035556760401_y\" data-image-description=\"\" data-image-caption=\"\" data-medium-file=\"https:\/\/www.paudalho.pe.gov.br\/portal\/wp-content\/uploads\/2023\/02\/photo_5159353035556760401_y-350x230.jpg\" data-large-file=\"https:\/\/www.paudalho.pe.gov.br\/portal\/wp-content\/uploads\/2023\/02\/photo_5159353035556760401_y-800x450.jpg\" data-id=\"24728\" src=\"https:\/\/www.paudalho.pe.gov.br\/portal\/wp-content\/uploads\/2023\/02\/photo_5159353035556760401_y-800x450.jpg\" alt=\"\" class=\"wp-image-24728\"\/><\/figure>\n\n\n\n<figure class=\"wp-block-image size-large\"><img loading=\"lazy\" decoding=\"async\" width=\"800\" height=\"450\" data-attachment-id=\"24700\" data-permalink=\"https:\/\/www.paudalho.pe.gov.br\/portal\/1o-dia-do-carnaval-de-paudalho-e-marcado-pelo-banho-de-frevo-infantil-atracoes-culturais-desfiles-e-shows-de-alceu-valenca-e-nadia-maia\/photo_5159353035556760406_y\/\" data-orig-file=\"https:\/\/www.paudalho.pe.gov.br\/portal\/wp-content\/uploads\/2023\/02\/photo_5159353035556760406_y.jpg\" data-orig-size=\"1280,853\" data-comments-opened=\"1\" data-image-meta=\"{&quot;aperture&quot;:&quot;0&quot;,&quot;credit&quot;:&quot;&quot;,&quot;camera&quot;:&quot;&quot;,&quot;caption&quot;:&quot;&quot;,&quot;created_timestamp&quot;:&quot;0&quot;,&quot;copyright&quot;:&quot;&quot;,&quot;focal_length&quot;:&quot;0&quot;,&quot;iso&quot;:&quot;0&quot;,&quot;shutter_speed&quot;:&quot;0&quot;,&quot;title&quot;:&quot;&quot;,&quot;orientation&quot;:&quot;0&quot;}\" data-image-title=\"photo_5159353035556760406_y\" data-image-description=\"\" data-image-caption=\"\" data-medium-file=\"https:\/\/www.paudalho.pe.gov.br\/portal\/wp-content\/uploads\/2023\/02\/photo_5159353035556760406_y-350x230.jpg\" data-large-file=\"https:\/\/www.paudalho.pe.gov.br\/portal\/wp-content\/uploads\/2023\/02\/photo_5159353035556760406_y-800x450.jpg\" data-id=\"24700\" src=\"https:\/\/www.paudalho.pe.gov.br\/portal\/wp-content\/uploads\/2023\/02\/photo_5159353035556760406_y-800x450.jpg\" alt=\"\" class=\"wp-image-24700\"\/><\/figure>\n\n\n\n<figure class=\"wp-block-image size-large\"><img loading=\"lazy\" decoding=\"async\" width=\"800\" height=\"450\" data-attachment-id=\"24721\" data-permalink=\"https:\/\/www.paudalho.pe.gov.br\/portal\/1o-dia-do-carnaval-de-paudalho-e-marcado-pelo-banho-de-frevo-infantil-atracoes-culturais-desfiles-e-shows-de-alceu-valenca-e-nadia-maia\/photo_5159353035556760410_y\/\" data-orig-file=\"https:\/\/www.paudalho.pe.gov.br\/portal\/wp-content\/uploads\/2023\/02\/photo_5159353035556760410_y.jpg\" data-orig-size=\"1280,853\" data-comments-opened=\"1\" data-image-meta=\"{&quot;aperture&quot;:&quot;0&quot;,&quot;credit&quot;:&quot;&quot;,&quot;camera&quot;:&quot;&quot;,&quot;caption&quot;:&quot;&quot;,&quot;created_timestamp&quot;:&quot;0&quot;,&quot;copyright&quot;:&quot;&quot;,&quot;focal_length&quot;:&quot;0&quot;,&quot;iso&quot;:&quot;0&quot;,&quot;shutter_speed&quot;:&quot;0&quot;,&quot;title&quot;:&quot;&quot;,&quot;orientation&quot;:&quot;0&quot;}\" data-image-title=\"photo_5159353035556760410_y\" data-image-description=\"\" data-image-caption=\"\" data-medium-file=\"https:\/\/www.paudalho.pe.gov.br\/portal\/wp-content\/uploads\/2023\/02\/photo_5159353035556760410_y-350x230.jpg\" data-large-file=\"https:\/\/www.paudalho.pe.gov.br\/portal\/wp-content\/uploads\/2023\/02\/photo_5159353035556760410_y-800x450.jpg\" data-id=\"24721\" src=\"https:\/\/www.paudalho.pe.gov.br\/portal\/wp-content\/uploads\/2023\/02\/photo_5159353035556760410_y-800x450.jpg\" alt=\"\" class=\"wp-image-24721\"\/><\/figure>\n\n\n\n<figure class=\"wp-block-image size-large\"><img loading=\"lazy\" decoding=\"async\" width=\"800\" height=\"450\" data-attachment-id=\"24724\" data-permalink=\"https:\/\/www.paudalho.pe.gov.br\/portal\/1o-dia-do-carnaval-de-paudalho-e-marcado-pelo-banho-de-frevo-infantil-atracoes-culturais-desfiles-e-shows-de-alceu-valenca-e-nadia-maia\/photo_5159353035556760411_y\/\" data-orig-file=\"https:\/\/www.paudalho.pe.gov.br\/portal\/wp-content\/uploads\/2023\/02\/photo_5159353035556760411_y.jpg\" data-orig-size=\"1280,853\" data-comments-opened=\"1\" data-image-meta=\"{&quot;aperture&quot;:&quot;0&quot;,&quot;credit&quot;:&quot;&quot;,&quot;camera&quot;:&quot;&quot;,&quot;caption&quot;:&quot;&quot;,&quot;created_timestamp&quot;:&quot;0&quot;,&quot;copyright&quot;:&quot;&quot;,&quot;focal_length&quot;:&quot;0&quot;,&quot;iso&quot;:&quot;0&quot;,&quot;shutter_speed&quot;:&quot;0&quot;,&quot;title&quot;:&quot;&quot;,&quot;orientation&quot;:&quot;0&quot;}\" data-image-title=\"photo_5159353035556760411_y\" data-image-description=\"\" data-image-caption=\"\" data-medium-file=\"https:\/\/www.paudalho.pe.gov.br\/portal\/wp-content\/uploads\/2023\/02\/photo_5159353035556760411_y-350x230.jpg\" data-large-file=\"https:\/\/www.paudalho.pe.gov.br\/portal\/wp-content\/uploads\/2023\/02\/photo_5159353035556760411_y-800x450.jpg\" data-id=\"24724\" src=\"https:\/\/www.paudalho.pe.gov.br\/portal\/wp-content\/uploads\/2023\/02\/photo_5159353035556760411_y-800x450.jpg\" alt=\"\" class=\"wp-image-24724\"\/><\/figure>\n\n\n\n<figure class=\"wp-block-image size-large\"><img loading=\"lazy\" decoding=\"async\" width=\"800\" height=\"450\" data-attachment-id=\"24729\" data-permalink=\"https:\/\/www.paudalho.pe.gov.br\/portal\/1o-dia-do-carnaval-de-paudalho-e-marcado-pelo-banho-de-frevo-infantil-atracoes-culturais-desfiles-e-shows-de-alceu-valenca-e-nadia-maia\/photo_5159353035556760412_y\/\" data-orig-file=\"https:\/\/www.paudalho.pe.gov.br\/portal\/wp-content\/uploads\/2023\/02\/photo_5159353035556760412_y.jpg\" data-orig-size=\"1280,853\" data-comments-opened=\"1\" data-image-meta=\"{&quot;aperture&quot;:&quot;0&quot;,&quot;credit&quot;:&quot;&quot;,&quot;camera&quot;:&quot;&quot;,&quot;caption&quot;:&quot;&quot;,&quot;created_timestamp&quot;:&quot;0&quot;,&quot;copyright&quot;:&quot;&quot;,&quot;focal_length&quot;:&quot;0&quot;,&quot;iso&quot;:&quot;0&quot;,&quot;shutter_speed&quot;:&quot;0&quot;,&quot;title&quot;:&quot;&quot;,&quot;orientation&quot;:&quot;0&quot;}\" data-image-title=\"photo_5159353035556760412_y\" data-image-description=\"\" data-image-caption=\"\" data-medium-file=\"https:\/\/www.paudalho.pe.gov.br\/portal\/wp-content\/uploads\/2023\/02\/photo_5159353035556760412_y-350x230.jpg\" data-large-file=\"https:\/\/www.paudalho.pe.gov.br\/portal\/wp-content\/uploads\/2023\/02\/photo_5159353035556760412_y-800x450.jpg\" data-id=\"24729\" src=\"https:\/\/www.paudalho.pe.gov.br\/portal\/wp-content\/uploads\/2023\/02\/photo_5159353035556760412_y-800x450.jpg\" alt=\"\" class=\"wp-image-24729\"\/><\/figure>\n\n\n\n<figure class=\"wp-block-image size-large\"><img loading=\"lazy\" decoding=\"async\" width=\"800\" height=\"450\" data-attachment-id=\"24735\" data-permalink=\"https:\/\/www.paudalho.pe.gov.br\/portal\/1o-dia-do-carnaval-de-paudalho-e-marcado-pelo-banho-de-frevo-infantil-atracoes-culturais-desfiles-e-shows-de-alceu-valenca-e-nadia-maia\/photo_5159353035556760416_y\/\" data-orig-file=\"https:\/\/www.paudalho.pe.gov.br\/portal\/wp-content\/uploads\/2023\/02\/photo_5159353035556760416_y.jpg\" data-orig-size=\"1280,853\" data-comments-opened=\"1\" data-image-meta=\"{&quot;aperture&quot;:&quot;0&quot;,&quot;credit&quot;:&quot;&quot;,&quot;camera&quot;:&quot;&quot;,&quot;caption&quot;:&quot;&quot;,&quot;created_timestamp&quot;:&quot;0&quot;,&quot;copyright&quot;:&quot;&quot;,&quot;focal_length&quot;:&quot;0&quot;,&quot;iso&quot;:&quot;0&quot;,&quot;shutter_speed&quot;:&quot;0&quot;,&quot;title&quot;:&quot;&quot;,&quot;orientation&quot;:&quot;0&quot;}\" data-image-title=\"photo_5159353035556760416_y\" data-image-description=\"\" data-image-caption=\"\" data-medium-file=\"https:\/\/www.paudalho.pe.gov.br\/portal\/wp-content\/uploads\/2023\/02\/photo_5159353035556760416_y-350x230.jpg\" data-large-file=\"https:\/\/www.paudalho.pe.gov.br\/portal\/wp-content\/uploads\/2023\/02\/photo_5159353035556760416_y-800x450.jpg\" data-id=\"24735\" src=\"https:\/\/www.paudalho.pe.gov.br\/portal\/wp-content\/uploads\/2023\/02\/photo_5159353035556760416_y-800x450.jpg\" alt=\"\" class=\"wp-image-24735\"\/><\/figure>\n\n\n\n<figure class=\"wp-block-image size-large\"><img loading=\"lazy\" decoding=\"async\" width=\"800\" height=\"450\" data-attachment-id=\"24733\" data-permalink=\"https:\/\/www.paudalho.pe.gov.br\/portal\/1o-dia-do-carnaval-de-paudalho-e-marcado-pelo-banho-de-frevo-infantil-atracoes-culturais-desfiles-e-shows-de-alceu-valenca-e-nadia-maia\/photo_5159353035556760417_y\/\" data-orig-file=\"https:\/\/www.paudalho.pe.gov.br\/portal\/wp-content\/uploads\/2023\/02\/photo_5159353035556760417_y.jpg\" data-orig-size=\"1280,853\" data-comments-opened=\"1\" data-image-meta=\"{&quot;aperture&quot;:&quot;0&quot;,&quot;credit&quot;:&quot;&quot;,&quot;camera&quot;:&quot;&quot;,&quot;caption&quot;:&quot;&quot;,&quot;created_timestamp&quot;:&quot;0&quot;,&quot;copyright&quot;:&quot;&quot;,&quot;focal_length&quot;:&quot;0&quot;,&quot;iso&quot;:&quot;0&quot;,&quot;shutter_speed&quot;:&quot;0&quot;,&quot;title&quot;:&quot;&quot;,&quot;orientation&quot;:&quot;0&quot;}\" data-image-title=\"photo_5159353035556760417_y\" data-image-description=\"\" data-image-caption=\"\" data-medium-file=\"https:\/\/www.paudalho.pe.gov.br\/portal\/wp-content\/uploads\/2023\/02\/photo_5159353035556760417_y-350x230.jpg\" data-large-file=\"https:\/\/www.paudalho.pe.gov.br\/portal\/wp-content\/uploads\/2023\/02\/photo_5159353035556760417_y-800x450.jpg\" data-id=\"24733\" src=\"https:\/\/www.paudalho.pe.gov.br\/portal\/wp-content\/uploads\/2023\/02\/photo_5159353035556760417_y-800x450.jpg\" alt=\"\" class=\"wp-image-24733\"\/><\/figure>\n\n\n\n<figure class=\"wp-block-image size-large\"><img loading=\"lazy\" decoding=\"async\" width=\"800\" height=\"450\" data-attachment-id=\"24739\" data-permalink=\"https:\/\/www.paudalho.pe.gov.br\/portal\/1o-dia-do-carnaval-de-paudalho-e-marcado-pelo-banho-de-frevo-infantil-atracoes-culturais-desfiles-e-shows-de-alceu-valenca-e-nadia-maia\/photo_5159353035556760419_y\/\" data-orig-file=\"https:\/\/www.paudalho.pe.gov.br\/portal\/wp-content\/uploads\/2023\/02\/photo_5159353035556760419_y.jpg\" data-orig-size=\"1280,853\" data-comments-opened=\"1\" data-image-meta=\"{&quot;aperture&quot;:&quot;0&quot;,&quot;credit&quot;:&quot;&quot;,&quot;camera&quot;:&quot;&quot;,&quot;caption&quot;:&quot;&quot;,&quot;created_timestamp&quot;:&quot;0&quot;,&quot;copyright&quot;:&quot;&quot;,&quot;focal_length&quot;:&quot;0&quot;,&quot;iso&quot;:&quot;0&quot;,&quot;shutter_speed&quot;:&quot;0&quot;,&quot;title&quot;:&quot;&quot;,&quot;orientation&quot;:&quot;0&quot;}\" data-image-title=\"photo_5159353035556760419_y\" data-image-description=\"\" data-image-caption=\"\" data-medium-file=\"https:\/\/www.paudalho.pe.gov.br\/portal\/wp-content\/uploads\/2023\/02\/photo_5159353035556760419_y-350x230.jpg\" data-large-file=\"https:\/\/www.paudalho.pe.gov.br\/portal\/wp-content\/uploads\/2023\/02\/photo_5159353035556760419_y-800x450.jpg\" data-id=\"24739\" src=\"https:\/\/www.paudalho.pe.gov.br\/portal\/wp-content\/uploads\/2023\/02\/photo_5159353035556760419_y-800x450.jpg\" alt=\"\" class=\"wp-image-24739\"\/><\/figure>\n\n\n\n<figure class=\"wp-block-image size-large\"><img loading=\"lazy\" decoding=\"async\" width=\"800\" height=\"450\" data-attachment-id=\"24693\" data-permalink=\"https:\/\/www.paudalho.pe.gov.br\/portal\/1o-dia-do-carnaval-de-paudalho-e-marcado-pelo-banho-de-frevo-infantil-atracoes-culturais-desfiles-e-shows-de-alceu-valenca-e-nadia-maia\/photo_5159353035556760424_y-1\/\" data-orig-file=\"https:\/\/www.paudalho.pe.gov.br\/portal\/wp-content\/uploads\/2023\/02\/photo_5159353035556760424_y-1.jpg\" data-orig-size=\"1280,853\" data-comments-opened=\"1\" data-image-meta=\"{&quot;aperture&quot;:&quot;0&quot;,&quot;credit&quot;:&quot;&quot;,&quot;camera&quot;:&quot;&quot;,&quot;caption&quot;:&quot;&quot;,&quot;created_timestamp&quot;:&quot;0&quot;,&quot;copyright&quot;:&quot;&quot;,&quot;focal_length&quot;:&quot;0&quot;,&quot;iso&quot;:&quot;0&quot;,&quot;shutter_speed&quot;:&quot;0&quot;,&quot;title&quot;:&quot;&quot;,&quot;orientation&quot;:&quot;0&quot;}\" data-image-title=\"photo_5159353035556760424_y-1\" data-image-description=\"\" data-image-caption=\"\" data-medium-file=\"https:\/\/www.paudalho.pe.gov.br\/portal\/wp-content\/uploads\/2023\/02\/photo_5159353035556760424_y-1-350x230.jpg\" data-large-file=\"https:\/\/www.paudalho.pe.gov.br\/portal\/wp-content\/uploads\/2023\/02\/photo_5159353035556760424_y-1-800x450.jpg\" data-id=\"24693\" src=\"https:\/\/www.paudalho.pe.gov.br\/portal\/wp-content\/uploads\/2023\/02\/photo_5159353035556760424_y-1-800x450.jpg\" alt=\"\" class=\"wp-image-24693\"\/><\/figure>\n\n\n\n<figure class=\"wp-block-image size-large\"><img loading=\"lazy\" decoding=\"async\" width=\"800\" height=\"450\" data-attachment-id=\"24725\" data-permalink=\"https:\/\/www.paudalho.pe.gov.br\/portal\/1o-dia-do-carnaval-de-paudalho-e-marcado-pelo-banho-de-frevo-infantil-atracoes-culturais-desfiles-e-shows-de-alceu-valenca-e-nadia-maia\/photo_5159353035556760431_y\/\" data-orig-file=\"https:\/\/www.paudalho.pe.gov.br\/portal\/wp-content\/uploads\/2023\/02\/photo_5159353035556760431_y.jpg\" data-orig-size=\"1280,853\" data-comments-opened=\"1\" data-image-meta=\"{&quot;aperture&quot;:&quot;0&quot;,&quot;credit&quot;:&quot;&quot;,&quot;camera&quot;:&quot;&quot;,&quot;caption&quot;:&quot;&quot;,&quot;created_timestamp&quot;:&quot;0&quot;,&quot;copyright&quot;:&quot;&quot;,&quot;focal_length&quot;:&quot;0&quot;,&quot;iso&quot;:&quot;0&quot;,&quot;shutter_speed&quot;:&quot;0&quot;,&quot;title&quot;:&quot;&quot;,&quot;orientation&quot;:&quot;0&quot;}\" data-image-title=\"photo_5159353035556760431_y\" data-image-description=\"\" data-image-caption=\"\" data-medium-file=\"https:\/\/www.paudalho.pe.gov.br\/portal\/wp-content\/uploads\/2023\/02\/photo_5159353035556760431_y-350x230.jpg\" data-large-file=\"https:\/\/www.paudalho.pe.gov.br\/portal\/wp-content\/uploads\/2023\/02\/photo_5159353035556760431_y-800x450.jpg\" data-id=\"24725\" src=\"https:\/\/www.paudalho.pe.gov.br\/portal\/wp-content\/uploads\/2023\/02\/photo_5159353035556760431_y-800x450.jpg\" alt=\"\" class=\"wp-image-24725\"\/><\/figure>\n\n\n\n<figure class=\"wp-block-image size-large\"><img loading=\"lazy\" decoding=\"async\" width=\"800\" height=\"450\" data-attachment-id=\"24719\" data-permalink=\"https:\/\/www.paudalho.pe.gov.br\/portal\/1o-dia-do-carnaval-de-paudalho-e-marcado-pelo-banho-de-frevo-infantil-atracoes-culturais-desfiles-e-shows-de-alceu-valenca-e-nadia-maia\/photo_5159353035556760432_y\/\" data-orig-file=\"https:\/\/www.paudalho.pe.gov.br\/portal\/wp-content\/uploads\/2023\/02\/photo_5159353035556760432_y.jpg\" data-orig-size=\"1280,853\" data-comments-opened=\"1\" data-image-meta=\"{&quot;aperture&quot;:&quot;0&quot;,&quot;credit&quot;:&quot;&quot;,&quot;camera&quot;:&quot;&quot;,&quot;caption&quot;:&quot;&quot;,&quot;created_timestamp&quot;:&quot;0&quot;,&quot;copyright&quot;:&quot;&quot;,&quot;focal_length&quot;:&quot;0&quot;,&quot;iso&quot;:&quot;0&quot;,&quot;shutter_speed&quot;:&quot;0&quot;,&quot;title&quot;:&quot;&quot;,&quot;orientation&quot;:&quot;0&quot;}\" data-image-title=\"photo_5159353035556760432_y\" data-image-description=\"\" data-image-caption=\"\" data-medium-file=\"https:\/\/www.paudalho.pe.gov.br\/portal\/wp-content\/uploads\/2023\/02\/photo_5159353035556760432_y-350x230.jpg\" data-large-file=\"https:\/\/www.paudalho.pe.gov.br\/portal\/wp-content\/uploads\/2023\/02\/photo_5159353035556760432_y-800x450.jpg\" data-id=\"24719\" src=\"https:\/\/www.paudalho.pe.gov.br\/portal\/wp-content\/uploads\/2023\/02\/photo_5159353035556760432_y-800x450.jpg\" alt=\"\" class=\"wp-image-24719\"\/><\/figure>\n\n\n\n<figure class=\"wp-block-image size-large\"><img loading=\"lazy\" decoding=\"async\" width=\"800\" height=\"450\" data-attachment-id=\"24723\" data-permalink=\"https:\/\/www.paudalho.pe.gov.br\/portal\/1o-dia-do-carnaval-de-paudalho-e-marcado-pelo-banho-de-frevo-infantil-atracoes-culturais-desfiles-e-shows-de-alceu-valenca-e-nadia-maia\/photo_5159353035556760433_y\/\" data-orig-file=\"https:\/\/www.paudalho.pe.gov.br\/portal\/wp-content\/uploads\/2023\/02\/photo_5159353035556760433_y.jpg\" data-orig-size=\"1280,853\" data-comments-opened=\"1\" data-image-meta=\"{&quot;aperture&quot;:&quot;0&quot;,&quot;credit&quot;:&quot;&quot;,&quot;camera&quot;:&quot;&quot;,&quot;caption&quot;:&quot;&quot;,&quot;created_timestamp&quot;:&quot;0&quot;,&quot;copyright&quot;:&quot;&quot;,&quot;focal_length&quot;:&quot;0&quot;,&quot;iso&quot;:&quot;0&quot;,&quot;shutter_speed&quot;:&quot;0&quot;,&quot;title&quot;:&quot;&quot;,&quot;orientation&quot;:&quot;0&quot;}\" data-image-title=\"photo_5159353035556760433_y\" data-image-description=\"\" data-image-caption=\"\" data-medium-file=\"https:\/\/www.paudalho.pe.gov.br\/portal\/wp-content\/uploads\/2023\/02\/photo_5159353035556760433_y-350x230.jpg\" data-large-file=\"https:\/\/www.paudalho.pe.gov.br\/portal\/wp-content\/uploads\/2023\/02\/photo_5159353035556760433_y-800x450.jpg\" data-id=\"24723\" src=\"https:\/\/www.paudalho.pe.gov.br\/portal\/wp-content\/uploads\/2023\/02\/photo_5159353035556760433_y-800x450.jpg\" alt=\"\" class=\"wp-image-24723\"\/><\/figure>\n\n\n\n<figure class=\"wp-block-image size-large\"><img loading=\"lazy\" decoding=\"async\" width=\"800\" height=\"450\" data-attachment-id=\"24722\" data-permalink=\"https:\/\/www.paudalho.pe.gov.br\/portal\/1o-dia-do-carnaval-de-paudalho-e-marcado-pelo-banho-de-frevo-infantil-atracoes-culturais-desfiles-e-shows-de-alceu-valenca-e-nadia-maia\/photo_5159353035556760434_y\/\" data-orig-file=\"https:\/\/www.paudalho.pe.gov.br\/portal\/wp-content\/uploads\/2023\/02\/photo_5159353035556760434_y.jpg\" data-orig-size=\"1280,853\" data-comments-opened=\"1\" data-image-meta=\"{&quot;aperture&quot;:&quot;0&quot;,&quot;credit&quot;:&quot;&quot;,&quot;camera&quot;:&quot;&quot;,&quot;caption&quot;:&quot;&quot;,&quot;created_timestamp&quot;:&quot;0&quot;,&quot;copyright&quot;:&quot;&quot;,&quot;focal_length&quot;:&quot;0&quot;,&quot;iso&quot;:&quot;0&quot;,&quot;shutter_speed&quot;:&quot;0&quot;,&quot;title&quot;:&quot;&quot;,&quot;orientation&quot;:&quot;0&quot;}\" data-image-title=\"photo_5159353035556760434_y\" data-image-description=\"\" data-image-caption=\"\" data-medium-file=\"https:\/\/www.paudalho.pe.gov.br\/portal\/wp-content\/uploads\/2023\/02\/photo_5159353035556760434_y-350x230.jpg\" data-large-file=\"https:\/\/www.paudalho.pe.gov.br\/portal\/wp-content\/uploads\/2023\/02\/photo_5159353035556760434_y-800x450.jpg\" data-id=\"24722\" src=\"https:\/\/www.paudalho.pe.gov.br\/portal\/wp-content\/uploads\/2023\/02\/photo_5159353035556760434_y-800x450.jpg\" alt=\"\" class=\"wp-image-24722\"\/><\/figure>\n<\/figure>\n","protected":false},"excerpt":{"rendered":"<p>Desde 2020 sem realizar a tradicional festa de Carnaval devido a pandemia de Covid-19, o primeiro dia da volta do festejo de Paudalho foi um sucesso. Neste domingo (19) foi dado o in\u00edcio das apresenta\u00e7\u00f5es nos dois polos carnavalescos da cidade, com cerca de 100 mil pessoas circulando pelo local. No Polo Principal, localizado no [&hellip;]<\/p>\n","protected":false},"author":11,"featured_media":24742,"comment_status":"open","ping_status":"open","sticky":false,"template":"","format":"standard","meta":{"_jetpack_newsletter_access":"","_jetpack_dont_email_post_to_subs":false,"_jetpack_newsletter_tier_id":0,"_jetpack_memberships_contains_paywalled_content":false,"_jetpack_memberships_contains_paid_content":false,"footnotes":""},"categories":[6,2],"tags":[263,264,1112,261],"class_list":["post-24668","post","type-post","status-publish","format-standard","has-post-thumbnail","hentry","category-cultura","category-destaque","tag-banho-de-frevo","tag-banho-de-frevo-infantil","tag-carnaval-2023","tag-polo-cultural"],"jetpack_featured_media_url":"https:\/\/www.paudalho.pe.gov.br\/portal\/wp-content\/uploads\/2023\/02\/photo_5157101235743075227_y-1.jpg","jetpack_sharing_enabled":true,"jetpack_shortlink":"https:\/\/wp.me\/p98mS2-6pS","_links":{"self":[{"href":"https:\/\/www.paudalho.pe.gov.br\/portal\/wp-json\/wp\/v2\/posts\/24668","targetHints":{"allow":["GET"]}}],"collection":[{"href":"https:\/\/www.paudalho.pe.gov.br\/portal\/wp-json\/wp\/v2\/posts"}],"about":[{"href":"https:\/\/www.paudalho.pe.gov.br\/portal\/wp-json\/wp\/v2\/types\/post"}],"author":[{"embeddable":true,"href":"https:\/\/www.paudalho.pe.gov.br\/portal\/wp-json\/wp\/v2\/users\/11"}],"replies":[{"embeddable":true,"href":"https:\/\/www.paudalho.pe.gov.br\/portal\/wp-json\/wp\/v2\/comments?post=24668"}],"version-history":[{"count":1,"href":"https:\/\/www.paudalho.pe.gov.br\/portal\/wp-json\/wp\/v2\/posts\/24668\/revisions"}],"predecessor-version":[{"id":24743,"href":"https:\/\/www.paudalho.pe.gov.br\/portal\/wp-json\/wp\/v2\/posts\/24668\/revisions\/24743"}],"wp:featuredmedia":[{"embeddable":true,"href":"https:\/\/www.paudalho.pe.gov.br\/portal\/wp-json\/wp\/v2\/media\/24742"}],"wp:attachment":[{"href":"https:\/\/www.paudalho.pe.gov.br\/portal\/wp-json\/wp\/v2\/media?parent=24668"}],"wp:term":[{"taxonomy":"category","embeddable":true,"href":"https:\/\/www.paudalho.pe.gov.br\/portal\/wp-json\/wp\/v2\/categories?post=24668"},{"taxonomy":"post_tag","embeddable":true,"href":"https:\/\/www.paudalho.pe.gov.br\/portal\/wp-json\/wp\/v2\/tags?post=24668"}],"curies":[{"name":"wp","href":"https:\/\/api.w.org\/{rel}","templated":true}]}}