{"id":24641,"date":"2023-02-18T16:52:40","date_gmt":"2023-02-18T19:52:40","guid":{"rendered":"https:\/\/www.paudalho.pe.gov.br\/portal\/?p=24641"},"modified":"2023-02-18T16:52:40","modified_gmt":"2023-02-18T19:52:40","slug":"apoteose-de-abertura-do-carnaval-de-paudalho-reune-o-publico-com-encontro-de-blocos-liricos-e-orquestra-capital-do-frevo","status":"publish","type":"post","link":"https:\/\/www.paudalho.pe.gov.br\/portal\/apoteose-de-abertura-do-carnaval-de-paudalho-reune-o-publico-com-encontro-de-blocos-liricos-e-orquestra-capital-do-frevo\/","title":{"rendered":"<strong>Apoteose de Abertura do Carnaval de Paudalho re\u00fane o p\u00fablico com encontro de blocos l\u00edricos e Orquestra Capital do Frevo<\/strong>"},"content":{"rendered":"\n<p>O Carnaval do munic\u00edpio de Paudalho est\u00e1 oficialmente iniciado. Diferente de anos anteriores, a cidade deu um come\u00e7o antecipado aos festejos, com a realiza\u00e7\u00e3o da Apoteose de Abertura. O evento ocorreu nesta sexta-feira (17), com Encontro de Blocos L\u00edricos e apresenta\u00e7\u00f5es musicais, em uma celebra\u00e7\u00e3o da cultura e tradi\u00e7\u00e3o da Festa de Momo.<\/p>\n\n\n\n<p>A concentra\u00e7\u00e3o dos Blocos L\u00edricos se deu na Pra\u00e7a Joaquim Nabuco, tamb\u00e9m conhecida como Pra\u00e7a do Ros\u00e1rio, \u00e0s 20h. Os Blocos paudalhenses Som de Serenata, Amantes do Luar e Magia L\u00edrica, o Bloco Princesas e Pr\u00edncipes do Servi\u00e7o de Conviv\u00eancia da Secretaria de Desenvolvimento e Assist\u00eancia Social, o Bloco Eu Quero Mais de Olinda e Flabelo do Amor de Jaboat\u00e3o dos Guararapes sa\u00edram desfilando pelas principais ruas do centro da cidade, at\u00e9 chegarem em frente ao palco do Polo Cultural, na Pra\u00e7a Pedro Coutinho, onde os porta-estandartes de cada grupo se reverenciaram em um gesto de respeito e de uni\u00e3o. \u201c<em>N\u00f3s preparamos uma festa linda com muita atra\u00e7\u00e3o cultural, agremia\u00e7\u00f5es, shows, programa\u00e7\u00e3o infantil e muito mais. Entretanto, no in\u00edcio homenageamos o tradicional Carnaval. Feliz demais em dizer que aqui em Paudalho temos a maior Festa de Momo do interior de Pernambuco<\/em>\u201d, destacou o prefeito Marcelo Gouveia.<\/p>\n\n\n\n<figure class=\"wp-block-image size-large\"><img loading=\"lazy\" decoding=\"async\" width=\"800\" height=\"450\" data-attachment-id=\"24643\" data-permalink=\"https:\/\/www.paudalho.pe.gov.br\/portal\/apoteose-de-abertura-do-carnaval-de-paudalho-reune-o-publico-com-encontro-de-blocos-liricos-e-orquestra-capital-do-frevo\/apoteose-de-abertura-carnavao-paudalho90_y\/\" data-orig-file=\"https:\/\/www.paudalho.pe.gov.br\/portal\/wp-content\/uploads\/2023\/02\/Apoteose-de-Abertura-Carnavao-Paudalho90_y.jpg\" data-orig-size=\"1280,853\" data-comments-opened=\"1\" data-image-meta=\"{&quot;aperture&quot;:&quot;0&quot;,&quot;credit&quot;:&quot;&quot;,&quot;camera&quot;:&quot;&quot;,&quot;caption&quot;:&quot;&quot;,&quot;created_timestamp&quot;:&quot;0&quot;,&quot;copyright&quot;:&quot;&quot;,&quot;focal_length&quot;:&quot;0&quot;,&quot;iso&quot;:&quot;0&quot;,&quot;shutter_speed&quot;:&quot;0&quot;,&quot;title&quot;:&quot;&quot;,&quot;orientation&quot;:&quot;0&quot;}\" data-image-title=\"Apoteose-de-Abertura-Carnavao-Paudalho90_y\" data-image-description=\"\" data-image-caption=\"\" data-medium-file=\"https:\/\/www.paudalho.pe.gov.br\/portal\/wp-content\/uploads\/2023\/02\/Apoteose-de-Abertura-Carnavao-Paudalho90_y-350x230.jpg\" data-large-file=\"https:\/\/www.paudalho.pe.gov.br\/portal\/wp-content\/uploads\/2023\/02\/Apoteose-de-Abertura-Carnavao-Paudalho90_y-800x450.jpg\" src=\"https:\/\/www.paudalho.pe.gov.br\/portal\/wp-content\/uploads\/2023\/02\/Apoteose-de-Abertura-Carnavao-Paudalho90_y-800x450.jpg\" alt=\"\" class=\"wp-image-24643\"\/><figcaption class=\"wp-element-caption\">Josu\u00e9 Filho \/ PMP<\/figcaption><\/figure>\n\n\n\n<p>Joana Maria, 77 anos, presidente do Bloco Flabelo do Amor,\u00a0 estava participando pela primeira vez do encontro, e mencionou a felicidade em estar presente. &#8220;<em>Eu gostei muito. As pessoas de Paudalho s\u00e3o muito simp\u00e1ticas, muito calorosas, e eu fui muito bem recebida. \u00c9 muito importante ter esse encontro, porque j\u00e1 fazem anos que a gente n\u00e3o tem essa felicidade de estar reunidos, nos abra\u00e7ando. Foi muito bom!<\/em>&#8220;, comentou.<\/p>\n\n\n\n<figure class=\"wp-block-image size-large\"><img loading=\"lazy\" decoding=\"async\" width=\"800\" height=\"450\" data-attachment-id=\"24644\" data-permalink=\"https:\/\/www.paudalho.pe.gov.br\/portal\/apoteose-de-abertura-do-carnaval-de-paudalho-reune-o-publico-com-encontro-de-blocos-liricos-e-orquestra-capital-do-frevo\/apoteose-de-abertura-carnavao-paudalho48_y\/\" data-orig-file=\"https:\/\/www.paudalho.pe.gov.br\/portal\/wp-content\/uploads\/2023\/02\/Apoteose-de-Abertura-Carnavao-Paudalho48_y.jpg\" data-orig-size=\"1280,853\" data-comments-opened=\"1\" data-image-meta=\"{&quot;aperture&quot;:&quot;0&quot;,&quot;credit&quot;:&quot;&quot;,&quot;camera&quot;:&quot;&quot;,&quot;caption&quot;:&quot;&quot;,&quot;created_timestamp&quot;:&quot;0&quot;,&quot;copyright&quot;:&quot;&quot;,&quot;focal_length&quot;:&quot;0&quot;,&quot;iso&quot;:&quot;0&quot;,&quot;shutter_speed&quot;:&quot;0&quot;,&quot;title&quot;:&quot;&quot;,&quot;orientation&quot;:&quot;0&quot;}\" data-image-title=\"Apoteose-de-Abertura-Carnavao-Paudalho48_y\" data-image-description=\"\" data-image-caption=\"\" data-medium-file=\"https:\/\/www.paudalho.pe.gov.br\/portal\/wp-content\/uploads\/2023\/02\/Apoteose-de-Abertura-Carnavao-Paudalho48_y-350x230.jpg\" data-large-file=\"https:\/\/www.paudalho.pe.gov.br\/portal\/wp-content\/uploads\/2023\/02\/Apoteose-de-Abertura-Carnavao-Paudalho48_y-800x450.jpg\" src=\"https:\/\/www.paudalho.pe.gov.br\/portal\/wp-content\/uploads\/2023\/02\/Apoteose-de-Abertura-Carnavao-Paudalho48_y-800x450.jpg\" alt=\"\" class=\"wp-image-24644\"\/><figcaption class=\"wp-element-caption\">Josu\u00e9 Filho \/ PMP<\/figcaption><\/figure>\n\n\n\n<p>Ap\u00f3s a chegada ao Polo Cultural, a noite ainda seguiu embalada por muito frevo e ciranda, com as apresenta\u00e7\u00f5es de blocos e da Orquestra Capital do Frevo. As atra\u00e7\u00f5es trouxeram um repert\u00f3rio com m\u00fasicas de sucesso, tradicionais do Carnaval, que fizeram o p\u00fablico formado por todas as idades, g\u00eaneros, cores e classes passarem a noite na folia.<\/p>\n\n\n\n<p>A paudalhense nascida e criada no munic\u00edpio, Elizabete, de 80 anos, n\u00e3o p\u00f4de deixar de comentar o quanto estava amando o evento. &#8220;<em>Eu adoro o Carnaval, e este ano est\u00e1 sendo maravilhoso. O desfile est\u00e1 lindo, muito bonito. Eu gostei da m\u00fasica, das fantasias, de tudo.<\/em>&#8220;<\/p>\n\n\n\n<figure class=\"wp-block-image size-large\"><img loading=\"lazy\" decoding=\"async\" width=\"800\" height=\"450\" data-attachment-id=\"24645\" data-permalink=\"https:\/\/www.paudalho.pe.gov.br\/portal\/apoteose-de-abertura-do-carnaval-de-paudalho-reune-o-publico-com-encontro-de-blocos-liricos-e-orquestra-capital-do-frevo\/apoteose-de-abertura-carnavao-paudalho63_y\/\" data-orig-file=\"https:\/\/www.paudalho.pe.gov.br\/portal\/wp-content\/uploads\/2023\/02\/Apoteose-de-Abertura-Carnavao-Paudalho63_y.jpg\" data-orig-size=\"1280,853\" data-comments-opened=\"1\" data-image-meta=\"{&quot;aperture&quot;:&quot;0&quot;,&quot;credit&quot;:&quot;&quot;,&quot;camera&quot;:&quot;&quot;,&quot;caption&quot;:&quot;&quot;,&quot;created_timestamp&quot;:&quot;0&quot;,&quot;copyright&quot;:&quot;&quot;,&quot;focal_length&quot;:&quot;0&quot;,&quot;iso&quot;:&quot;0&quot;,&quot;shutter_speed&quot;:&quot;0&quot;,&quot;title&quot;:&quot;&quot;,&quot;orientation&quot;:&quot;0&quot;}\" data-image-title=\"Apoteose-de-Abertura-Carnavao-Paudalho63_y\" data-image-description=\"\" data-image-caption=\"\" data-medium-file=\"https:\/\/www.paudalho.pe.gov.br\/portal\/wp-content\/uploads\/2023\/02\/Apoteose-de-Abertura-Carnavao-Paudalho63_y-350x230.jpg\" data-large-file=\"https:\/\/www.paudalho.pe.gov.br\/portal\/wp-content\/uploads\/2023\/02\/Apoteose-de-Abertura-Carnavao-Paudalho63_y-800x450.jpg\" src=\"https:\/\/www.paudalho.pe.gov.br\/portal\/wp-content\/uploads\/2023\/02\/Apoteose-de-Abertura-Carnavao-Paudalho63_y-800x450.jpg\" alt=\"\" class=\"wp-image-24645\"\/><figcaption class=\"wp-element-caption\">Josu\u00e9 Filho \/ PMP<\/figcaption><\/figure>\n\n\n\n<p>E este \u00e9 apenas o come\u00e7o do Carnaval de Paudalho. A partir de domingo iniciam as apresenta\u00e7\u00f5es nos dois polos carnavalescos. Para conferir a programa\u00e7\u00e3o completa, acesse o link: <a href=\"https:\/\/www.paudalho.pe.gov.br\/portal\/em-paudalho-carnaval-tem-atracoes-culturais-programacao-infantil-e-shows-com-elba-ramalho-alceu-valenca-priscila-senna-os-neiffs-e-troia\/\">PROGRAMA\u00c7\u00c3O DO CARNAVAL DE PAUDALHO 2023<\/a><\/p>\n\n\n\n<figure class=\"wp-block-gallery has-nested-images columns-4 is-cropped wp-block-gallery-1 is-layout-flex wp-block-gallery-is-layout-flex\">\n<figure class=\"wp-block-image size-large\"><img loading=\"lazy\" decoding=\"async\" width=\"800\" height=\"450\" data-attachment-id=\"24646\" data-permalink=\"https:\/\/www.paudalho.pe.gov.br\/portal\/apoteose-de-abertura-do-carnaval-de-paudalho-reune-o-publico-com-encontro-de-blocos-liricos-e-orquestra-capital-do-frevo\/apoteose-de-abertura-carnaval-paudalho-300_y\/\" data-orig-file=\"https:\/\/www.paudalho.pe.gov.br\/portal\/wp-content\/uploads\/2023\/02\/Apoteose-de-Abertura-Carnaval-Paudalho-300_y.jpg\" data-orig-size=\"1280,853\" data-comments-opened=\"1\" data-image-meta=\"{&quot;aperture&quot;:&quot;0&quot;,&quot;credit&quot;:&quot;&quot;,&quot;camera&quot;:&quot;&quot;,&quot;caption&quot;:&quot;&quot;,&quot;created_timestamp&quot;:&quot;0&quot;,&quot;copyright&quot;:&quot;&quot;,&quot;focal_length&quot;:&quot;0&quot;,&quot;iso&quot;:&quot;0&quot;,&quot;shutter_speed&quot;:&quot;0&quot;,&quot;title&quot;:&quot;&quot;,&quot;orientation&quot;:&quot;0&quot;}\" data-image-title=\"Apoteose-de-Abertura-Carnaval-Paudalho-300_y\" data-image-description=\"\" data-image-caption=\"\" data-medium-file=\"https:\/\/www.paudalho.pe.gov.br\/portal\/wp-content\/uploads\/2023\/02\/Apoteose-de-Abertura-Carnaval-Paudalho-300_y-350x230.jpg\" data-large-file=\"https:\/\/www.paudalho.pe.gov.br\/portal\/wp-content\/uploads\/2023\/02\/Apoteose-de-Abertura-Carnaval-Paudalho-300_y-800x450.jpg\" data-id=\"24646\" src=\"https:\/\/www.paudalho.pe.gov.br\/portal\/wp-content\/uploads\/2023\/02\/Apoteose-de-Abertura-Carnaval-Paudalho-300_y-800x450.jpg\" alt=\"\" class=\"wp-image-24646\"\/><\/figure>\n\n\n\n<figure class=\"wp-block-image size-large\"><img loading=\"lazy\" decoding=\"async\" width=\"800\" height=\"450\" data-attachment-id=\"24664\" data-permalink=\"https:\/\/www.paudalho.pe.gov.br\/portal\/apoteose-de-abertura-do-carnaval-de-paudalho-reune-o-publico-com-encontro-de-blocos-liricos-e-orquestra-capital-do-frevo\/apoteose-de-abertura-carnaval-paudalho\/\" data-orig-file=\"https:\/\/www.paudalho.pe.gov.br\/portal\/wp-content\/uploads\/2023\/02\/Apoteose-de-Abertura-Carnaval-Paudalho.jpg\" data-orig-size=\"853,1280\" data-comments-opened=\"1\" data-image-meta=\"{&quot;aperture&quot;:&quot;0&quot;,&quot;credit&quot;:&quot;&quot;,&quot;camera&quot;:&quot;&quot;,&quot;caption&quot;:&quot;&quot;,&quot;created_timestamp&quot;:&quot;0&quot;,&quot;copyright&quot;:&quot;&quot;,&quot;focal_length&quot;:&quot;0&quot;,&quot;iso&quot;:&quot;0&quot;,&quot;shutter_speed&quot;:&quot;0&quot;,&quot;title&quot;:&quot;&quot;,&quot;orientation&quot;:&quot;0&quot;}\" data-image-title=\"Apoteose-de-Abertura-Carnaval-Paudalho\" data-image-description=\"\" data-image-caption=\"\" data-medium-file=\"https:\/\/www.paudalho.pe.gov.br\/portal\/wp-content\/uploads\/2023\/02\/Apoteose-de-Abertura-Carnaval-Paudalho-350x230.jpg\" data-large-file=\"https:\/\/www.paudalho.pe.gov.br\/portal\/wp-content\/uploads\/2023\/02\/Apoteose-de-Abertura-Carnaval-Paudalho-800x450.jpg\" data-id=\"24664\" src=\"https:\/\/www.paudalho.pe.gov.br\/portal\/wp-content\/uploads\/2023\/02\/Apoteose-de-Abertura-Carnaval-Paudalho-800x450.jpg\" alt=\"\" class=\"wp-image-24664\"\/><\/figure>\n\n\n\n<figure class=\"wp-block-image size-large\"><img loading=\"lazy\" decoding=\"async\" width=\"800\" height=\"450\" data-attachment-id=\"24649\" data-permalink=\"https:\/\/www.paudalho.pe.gov.br\/portal\/apoteose-de-abertura-do-carnaval-de-paudalho-reune-o-publico-com-encontro-de-blocos-liricos-e-orquestra-capital-do-frevo\/apoteose-de-abertura-carnavao-paudalho56_y\/\" data-orig-file=\"https:\/\/www.paudalho.pe.gov.br\/portal\/wp-content\/uploads\/2023\/02\/Apoteose-de-Abertura-Carnavao-Paudalho56_y.jpg\" data-orig-size=\"1280,853\" data-comments-opened=\"1\" data-image-meta=\"{&quot;aperture&quot;:&quot;0&quot;,&quot;credit&quot;:&quot;&quot;,&quot;camera&quot;:&quot;&quot;,&quot;caption&quot;:&quot;&quot;,&quot;created_timestamp&quot;:&quot;0&quot;,&quot;copyright&quot;:&quot;&quot;,&quot;focal_length&quot;:&quot;0&quot;,&quot;iso&quot;:&quot;0&quot;,&quot;shutter_speed&quot;:&quot;0&quot;,&quot;title&quot;:&quot;&quot;,&quot;orientation&quot;:&quot;0&quot;}\" data-image-title=\"Apoteose-de-Abertura-Carnavao-Paudalho56_y\" data-image-description=\"\" data-image-caption=\"\" data-medium-file=\"https:\/\/www.paudalho.pe.gov.br\/portal\/wp-content\/uploads\/2023\/02\/Apoteose-de-Abertura-Carnavao-Paudalho56_y-350x230.jpg\" data-large-file=\"https:\/\/www.paudalho.pe.gov.br\/portal\/wp-content\/uploads\/2023\/02\/Apoteose-de-Abertura-Carnavao-Paudalho56_y-800x450.jpg\" data-id=\"24649\" src=\"https:\/\/www.paudalho.pe.gov.br\/portal\/wp-content\/uploads\/2023\/02\/Apoteose-de-Abertura-Carnavao-Paudalho56_y-800x450.jpg\" alt=\"\" class=\"wp-image-24649\"\/><\/figure>\n\n\n\n<figure class=\"wp-block-image size-large\"><img loading=\"lazy\" decoding=\"async\" width=\"800\" height=\"450\" data-attachment-id=\"24653\" data-permalink=\"https:\/\/www.paudalho.pe.gov.br\/portal\/apoteose-de-abertura-do-carnaval-de-paudalho-reune-o-publico-com-encontro-de-blocos-liricos-e-orquestra-capital-do-frevo\/apoteose-de-abertura-carnavao-paudalho58_y\/\" data-orig-file=\"https:\/\/www.paudalho.pe.gov.br\/portal\/wp-content\/uploads\/2023\/02\/Apoteose-de-Abertura-Carnavao-Paudalho58_y.jpg\" data-orig-size=\"1280,823\" data-comments-opened=\"1\" data-image-meta=\"{&quot;aperture&quot;:&quot;0&quot;,&quot;credit&quot;:&quot;&quot;,&quot;camera&quot;:&quot;&quot;,&quot;caption&quot;:&quot;&quot;,&quot;created_timestamp&quot;:&quot;0&quot;,&quot;copyright&quot;:&quot;&quot;,&quot;focal_length&quot;:&quot;0&quot;,&quot;iso&quot;:&quot;0&quot;,&quot;shutter_speed&quot;:&quot;0&quot;,&quot;title&quot;:&quot;&quot;,&quot;orientation&quot;:&quot;0&quot;}\" data-image-title=\"Apoteose-de-Abertura-Carnavao-Paudalho58_y\" data-image-description=\"\" data-image-caption=\"\" data-medium-file=\"https:\/\/www.paudalho.pe.gov.br\/portal\/wp-content\/uploads\/2023\/02\/Apoteose-de-Abertura-Carnavao-Paudalho58_y-350x230.jpg\" data-large-file=\"https:\/\/www.paudalho.pe.gov.br\/portal\/wp-content\/uploads\/2023\/02\/Apoteose-de-Abertura-Carnavao-Paudalho58_y-800x450.jpg\" data-id=\"24653\" src=\"https:\/\/www.paudalho.pe.gov.br\/portal\/wp-content\/uploads\/2023\/02\/Apoteose-de-Abertura-Carnavao-Paudalho58_y-800x450.jpg\" alt=\"\" class=\"wp-image-24653\"\/><\/figure>\n\n\n\n<figure class=\"wp-block-image size-large\"><img loading=\"lazy\" decoding=\"async\" width=\"800\" height=\"450\" data-attachment-id=\"24656\" data-permalink=\"https:\/\/www.paudalho.pe.gov.br\/portal\/apoteose-de-abertura-do-carnaval-de-paudalho-reune-o-publico-com-encontro-de-blocos-liricos-e-orquestra-capital-do-frevo\/apoteose-de-abertura-carnavao-paudalho64_y\/\" data-orig-file=\"https:\/\/www.paudalho.pe.gov.br\/portal\/wp-content\/uploads\/2023\/02\/Apoteose-de-Abertura-Carnavao-Paudalho64_y.jpg\" data-orig-size=\"853,1280\" data-comments-opened=\"1\" data-image-meta=\"{&quot;aperture&quot;:&quot;0&quot;,&quot;credit&quot;:&quot;&quot;,&quot;camera&quot;:&quot;&quot;,&quot;caption&quot;:&quot;&quot;,&quot;created_timestamp&quot;:&quot;0&quot;,&quot;copyright&quot;:&quot;&quot;,&quot;focal_length&quot;:&quot;0&quot;,&quot;iso&quot;:&quot;0&quot;,&quot;shutter_speed&quot;:&quot;0&quot;,&quot;title&quot;:&quot;&quot;,&quot;orientation&quot;:&quot;0&quot;}\" data-image-title=\"Apoteose-de-Abertura-Carnavao-Paudalho64_y\" data-image-description=\"\" data-image-caption=\"\" data-medium-file=\"https:\/\/www.paudalho.pe.gov.br\/portal\/wp-content\/uploads\/2023\/02\/Apoteose-de-Abertura-Carnavao-Paudalho64_y-350x230.jpg\" data-large-file=\"https:\/\/www.paudalho.pe.gov.br\/portal\/wp-content\/uploads\/2023\/02\/Apoteose-de-Abertura-Carnavao-Paudalho64_y-800x450.jpg\" data-id=\"24656\" src=\"https:\/\/www.paudalho.pe.gov.br\/portal\/wp-content\/uploads\/2023\/02\/Apoteose-de-Abertura-Carnavao-Paudalho64_y-800x450.jpg\" alt=\"\" class=\"wp-image-24656\"\/><\/figure>\n\n\n\n<figure class=\"wp-block-image size-large\"><img loading=\"lazy\" decoding=\"async\" width=\"800\" height=\"450\" data-attachment-id=\"24657\" data-permalink=\"https:\/\/www.paudalho.pe.gov.br\/portal\/apoteose-de-abertura-do-carnaval-de-paudalho-reune-o-publico-com-encontro-de-blocos-liricos-e-orquestra-capital-do-frevo\/apoteose-de-abertura-carnavao-paudalho72_y\/\" data-orig-file=\"https:\/\/www.paudalho.pe.gov.br\/portal\/wp-content\/uploads\/2023\/02\/Apoteose-de-Abertura-Carnavao-Paudalho72_y.jpg\" data-orig-size=\"1280,853\" data-comments-opened=\"1\" data-image-meta=\"{&quot;aperture&quot;:&quot;0&quot;,&quot;credit&quot;:&quot;&quot;,&quot;camera&quot;:&quot;&quot;,&quot;caption&quot;:&quot;&quot;,&quot;created_timestamp&quot;:&quot;0&quot;,&quot;copyright&quot;:&quot;&quot;,&quot;focal_length&quot;:&quot;0&quot;,&quot;iso&quot;:&quot;0&quot;,&quot;shutter_speed&quot;:&quot;0&quot;,&quot;title&quot;:&quot;&quot;,&quot;orientation&quot;:&quot;0&quot;}\" data-image-title=\"Apoteose-de-Abertura-Carnavao-Paudalho72_y\" data-image-description=\"\" data-image-caption=\"\" data-medium-file=\"https:\/\/www.paudalho.pe.gov.br\/portal\/wp-content\/uploads\/2023\/02\/Apoteose-de-Abertura-Carnavao-Paudalho72_y-350x230.jpg\" data-large-file=\"https:\/\/www.paudalho.pe.gov.br\/portal\/wp-content\/uploads\/2023\/02\/Apoteose-de-Abertura-Carnavao-Paudalho72_y-800x450.jpg\" data-id=\"24657\" src=\"https:\/\/www.paudalho.pe.gov.br\/portal\/wp-content\/uploads\/2023\/02\/Apoteose-de-Abertura-Carnavao-Paudalho72_y-800x450.jpg\" alt=\"\" class=\"wp-image-24657\"\/><\/figure>\n\n\n\n<figure class=\"wp-block-image size-large\"><img loading=\"lazy\" decoding=\"async\" width=\"800\" height=\"450\" data-attachment-id=\"24652\" data-permalink=\"https:\/\/www.paudalho.pe.gov.br\/portal\/apoteose-de-abertura-do-carnaval-de-paudalho-reune-o-publico-com-encontro-de-blocos-liricos-e-orquestra-capital-do-frevo\/apoteose-de-abertura-carnavao-paudalho74_y\/\" data-orig-file=\"https:\/\/www.paudalho.pe.gov.br\/portal\/wp-content\/uploads\/2023\/02\/Apoteose-de-Abertura-Carnavao-Paudalho74_y.jpg\" data-orig-size=\"1280,853\" data-comments-opened=\"1\" data-image-meta=\"{&quot;aperture&quot;:&quot;0&quot;,&quot;credit&quot;:&quot;&quot;,&quot;camera&quot;:&quot;&quot;,&quot;caption&quot;:&quot;&quot;,&quot;created_timestamp&quot;:&quot;0&quot;,&quot;copyright&quot;:&quot;&quot;,&quot;focal_length&quot;:&quot;0&quot;,&quot;iso&quot;:&quot;0&quot;,&quot;shutter_speed&quot;:&quot;0&quot;,&quot;title&quot;:&quot;&quot;,&quot;orientation&quot;:&quot;0&quot;}\" data-image-title=\"Apoteose-de-Abertura-Carnavao-Paudalho74_y\" data-image-description=\"\" data-image-caption=\"\" data-medium-file=\"https:\/\/www.paudalho.pe.gov.br\/portal\/wp-content\/uploads\/2023\/02\/Apoteose-de-Abertura-Carnavao-Paudalho74_y-350x230.jpg\" data-large-file=\"https:\/\/www.paudalho.pe.gov.br\/portal\/wp-content\/uploads\/2023\/02\/Apoteose-de-Abertura-Carnavao-Paudalho74_y-800x450.jpg\" data-id=\"24652\" src=\"https:\/\/www.paudalho.pe.gov.br\/portal\/wp-content\/uploads\/2023\/02\/Apoteose-de-Abertura-Carnavao-Paudalho74_y-800x450.jpg\" alt=\"\" class=\"wp-image-24652\"\/><\/figure>\n\n\n\n<figure class=\"wp-block-image size-large\"><img loading=\"lazy\" decoding=\"async\" width=\"800\" height=\"450\" data-attachment-id=\"24658\" data-permalink=\"https:\/\/www.paudalho.pe.gov.br\/portal\/apoteose-de-abertura-do-carnaval-de-paudalho-reune-o-publico-com-encontro-de-blocos-liricos-e-orquestra-capital-do-frevo\/apoteose-de-abertura-carnavao-paudalho75_y\/\" data-orig-file=\"https:\/\/www.paudalho.pe.gov.br\/portal\/wp-content\/uploads\/2023\/02\/Apoteose-de-Abertura-Carnavao-Paudalho75_y.jpg\" data-orig-size=\"1280,853\" data-comments-opened=\"1\" data-image-meta=\"{&quot;aperture&quot;:&quot;0&quot;,&quot;credit&quot;:&quot;&quot;,&quot;camera&quot;:&quot;&quot;,&quot;caption&quot;:&quot;&quot;,&quot;created_timestamp&quot;:&quot;0&quot;,&quot;copyright&quot;:&quot;&quot;,&quot;focal_length&quot;:&quot;0&quot;,&quot;iso&quot;:&quot;0&quot;,&quot;shutter_speed&quot;:&quot;0&quot;,&quot;title&quot;:&quot;&quot;,&quot;orientation&quot;:&quot;0&quot;}\" data-image-title=\"Apoteose-de-Abertura-Carnavao-Paudalho75_y\" data-image-description=\"\" data-image-caption=\"\" data-medium-file=\"https:\/\/www.paudalho.pe.gov.br\/portal\/wp-content\/uploads\/2023\/02\/Apoteose-de-Abertura-Carnavao-Paudalho75_y-350x230.jpg\" data-large-file=\"https:\/\/www.paudalho.pe.gov.br\/portal\/wp-content\/uploads\/2023\/02\/Apoteose-de-Abertura-Carnavao-Paudalho75_y-800x450.jpg\" data-id=\"24658\" src=\"https:\/\/www.paudalho.pe.gov.br\/portal\/wp-content\/uploads\/2023\/02\/Apoteose-de-Abertura-Carnavao-Paudalho75_y-800x450.jpg\" alt=\"\" class=\"wp-image-24658\"\/><\/figure>\n\n\n\n<figure class=\"wp-block-image size-large\"><img loading=\"lazy\" decoding=\"async\" width=\"800\" height=\"450\" data-attachment-id=\"24651\" data-permalink=\"https:\/\/www.paudalho.pe.gov.br\/portal\/apoteose-de-abertura-do-carnaval-de-paudalho-reune-o-publico-com-encontro-de-blocos-liricos-e-orquestra-capital-do-frevo\/apoteose-de-abertura-carnavao-paudalho76_y\/\" data-orig-file=\"https:\/\/www.paudalho.pe.gov.br\/portal\/wp-content\/uploads\/2023\/02\/Apoteose-de-Abertura-Carnavao-Paudalho76_y.jpg\" data-orig-size=\"1280,853\" data-comments-opened=\"1\" data-image-meta=\"{&quot;aperture&quot;:&quot;0&quot;,&quot;credit&quot;:&quot;&quot;,&quot;camera&quot;:&quot;&quot;,&quot;caption&quot;:&quot;&quot;,&quot;created_timestamp&quot;:&quot;0&quot;,&quot;copyright&quot;:&quot;&quot;,&quot;focal_length&quot;:&quot;0&quot;,&quot;iso&quot;:&quot;0&quot;,&quot;shutter_speed&quot;:&quot;0&quot;,&quot;title&quot;:&quot;&quot;,&quot;orientation&quot;:&quot;0&quot;}\" data-image-title=\"Apoteose-de-Abertura-Carnavao-Paudalho76_y\" data-image-description=\"\" data-image-caption=\"\" data-medium-file=\"https:\/\/www.paudalho.pe.gov.br\/portal\/wp-content\/uploads\/2023\/02\/Apoteose-de-Abertura-Carnavao-Paudalho76_y-350x230.jpg\" data-large-file=\"https:\/\/www.paudalho.pe.gov.br\/portal\/wp-content\/uploads\/2023\/02\/Apoteose-de-Abertura-Carnavao-Paudalho76_y-800x450.jpg\" data-id=\"24651\" src=\"https:\/\/www.paudalho.pe.gov.br\/portal\/wp-content\/uploads\/2023\/02\/Apoteose-de-Abertura-Carnavao-Paudalho76_y-800x450.jpg\" alt=\"\" class=\"wp-image-24651\"\/><\/figure>\n\n\n\n<figure class=\"wp-block-image size-large\"><img loading=\"lazy\" decoding=\"async\" width=\"800\" height=\"450\" data-attachment-id=\"24654\" data-permalink=\"https:\/\/www.paudalho.pe.gov.br\/portal\/apoteose-de-abertura-do-carnaval-de-paudalho-reune-o-publico-com-encontro-de-blocos-liricos-e-orquestra-capital-do-frevo\/apoteose-de-abertura-carnavao-paudalho77_y\/\" data-orig-file=\"https:\/\/www.paudalho.pe.gov.br\/portal\/wp-content\/uploads\/2023\/02\/Apoteose-de-Abertura-Carnavao-Paudalho77_y.jpg\" data-orig-size=\"1280,853\" data-comments-opened=\"1\" data-image-meta=\"{&quot;aperture&quot;:&quot;0&quot;,&quot;credit&quot;:&quot;&quot;,&quot;camera&quot;:&quot;&quot;,&quot;caption&quot;:&quot;&quot;,&quot;created_timestamp&quot;:&quot;0&quot;,&quot;copyright&quot;:&quot;&quot;,&quot;focal_length&quot;:&quot;0&quot;,&quot;iso&quot;:&quot;0&quot;,&quot;shutter_speed&quot;:&quot;0&quot;,&quot;title&quot;:&quot;&quot;,&quot;orientation&quot;:&quot;0&quot;}\" data-image-title=\"Apoteose-de-Abertura-Carnavao-Paudalho77_y\" data-image-description=\"\" data-image-caption=\"\" data-medium-file=\"https:\/\/www.paudalho.pe.gov.br\/portal\/wp-content\/uploads\/2023\/02\/Apoteose-de-Abertura-Carnavao-Paudalho77_y-350x230.jpg\" data-large-file=\"https:\/\/www.paudalho.pe.gov.br\/portal\/wp-content\/uploads\/2023\/02\/Apoteose-de-Abertura-Carnavao-Paudalho77_y-800x450.jpg\" data-id=\"24654\" src=\"https:\/\/www.paudalho.pe.gov.br\/portal\/wp-content\/uploads\/2023\/02\/Apoteose-de-Abertura-Carnavao-Paudalho77_y-800x450.jpg\" alt=\"\" class=\"wp-image-24654\"\/><\/figure>\n\n\n\n<figure class=\"wp-block-image size-large\"><img loading=\"lazy\" decoding=\"async\" width=\"800\" height=\"450\" data-attachment-id=\"24655\" data-permalink=\"https:\/\/www.paudalho.pe.gov.br\/portal\/apoteose-de-abertura-do-carnaval-de-paudalho-reune-o-publico-com-encontro-de-blocos-liricos-e-orquestra-capital-do-frevo\/apoteose-de-abertura-carnavao-paudalho78_y\/\" data-orig-file=\"https:\/\/www.paudalho.pe.gov.br\/portal\/wp-content\/uploads\/2023\/02\/Apoteose-de-Abertura-Carnavao-Paudalho78_y.jpg\" data-orig-size=\"853,1280\" data-comments-opened=\"1\" data-image-meta=\"{&quot;aperture&quot;:&quot;0&quot;,&quot;credit&quot;:&quot;&quot;,&quot;camera&quot;:&quot;&quot;,&quot;caption&quot;:&quot;&quot;,&quot;created_timestamp&quot;:&quot;0&quot;,&quot;copyright&quot;:&quot;&quot;,&quot;focal_length&quot;:&quot;0&quot;,&quot;iso&quot;:&quot;0&quot;,&quot;shutter_speed&quot;:&quot;0&quot;,&quot;title&quot;:&quot;&quot;,&quot;orientation&quot;:&quot;0&quot;}\" data-image-title=\"Apoteose-de-Abertura-Carnavao-Paudalho78_y\" data-image-description=\"\" data-image-caption=\"\" data-medium-file=\"https:\/\/www.paudalho.pe.gov.br\/portal\/wp-content\/uploads\/2023\/02\/Apoteose-de-Abertura-Carnavao-Paudalho78_y-350x230.jpg\" data-large-file=\"https:\/\/www.paudalho.pe.gov.br\/portal\/wp-content\/uploads\/2023\/02\/Apoteose-de-Abertura-Carnavao-Paudalho78_y-800x450.jpg\" data-id=\"24655\" src=\"https:\/\/www.paudalho.pe.gov.br\/portal\/wp-content\/uploads\/2023\/02\/Apoteose-de-Abertura-Carnavao-Paudalho78_y-800x450.jpg\" alt=\"\" class=\"wp-image-24655\"\/><\/figure>\n\n\n\n<figure class=\"wp-block-image size-large\"><img loading=\"lazy\" decoding=\"async\" width=\"800\" height=\"450\" data-attachment-id=\"24662\" data-permalink=\"https:\/\/www.paudalho.pe.gov.br\/portal\/apoteose-de-abertura-do-carnaval-de-paudalho-reune-o-publico-com-encontro-de-blocos-liricos-e-orquestra-capital-do-frevo\/apoteose-de-abertura-carnavao-paudalho82_y\/\" data-orig-file=\"https:\/\/www.paudalho.pe.gov.br\/portal\/wp-content\/uploads\/2023\/02\/Apoteose-de-Abertura-Carnavao-Paudalho82_y.jpg\" data-orig-size=\"1280,853\" data-comments-opened=\"1\" data-image-meta=\"{&quot;aperture&quot;:&quot;0&quot;,&quot;credit&quot;:&quot;&quot;,&quot;camera&quot;:&quot;&quot;,&quot;caption&quot;:&quot;&quot;,&quot;created_timestamp&quot;:&quot;0&quot;,&quot;copyright&quot;:&quot;&quot;,&quot;focal_length&quot;:&quot;0&quot;,&quot;iso&quot;:&quot;0&quot;,&quot;shutter_speed&quot;:&quot;0&quot;,&quot;title&quot;:&quot;&quot;,&quot;orientation&quot;:&quot;0&quot;}\" data-image-title=\"Apoteose-de-Abertura-Carnavao-Paudalho82_y\" data-image-description=\"\" data-image-caption=\"\" data-medium-file=\"https:\/\/www.paudalho.pe.gov.br\/portal\/wp-content\/uploads\/2023\/02\/Apoteose-de-Abertura-Carnavao-Paudalho82_y-350x230.jpg\" data-large-file=\"https:\/\/www.paudalho.pe.gov.br\/portal\/wp-content\/uploads\/2023\/02\/Apoteose-de-Abertura-Carnavao-Paudalho82_y-800x450.jpg\" data-id=\"24662\" src=\"https:\/\/www.paudalho.pe.gov.br\/portal\/wp-content\/uploads\/2023\/02\/Apoteose-de-Abertura-Carnavao-Paudalho82_y-800x450.jpg\" alt=\"\" class=\"wp-image-24662\"\/><\/figure>\n\n\n\n<figure class=\"wp-block-image size-large\"><img loading=\"lazy\" decoding=\"async\" width=\"800\" height=\"450\" data-attachment-id=\"24661\" data-permalink=\"https:\/\/www.paudalho.pe.gov.br\/portal\/apoteose-de-abertura-do-carnaval-de-paudalho-reune-o-publico-com-encontro-de-blocos-liricos-e-orquestra-capital-do-frevo\/apoteose-de-abertura-carnavao-paudalho83_y\/\" data-orig-file=\"https:\/\/www.paudalho.pe.gov.br\/portal\/wp-content\/uploads\/2023\/02\/Apoteose-de-Abertura-Carnavao-Paudalho83_y.jpg\" data-orig-size=\"1280,853\" data-comments-opened=\"1\" data-image-meta=\"{&quot;aperture&quot;:&quot;0&quot;,&quot;credit&quot;:&quot;&quot;,&quot;camera&quot;:&quot;&quot;,&quot;caption&quot;:&quot;&quot;,&quot;created_timestamp&quot;:&quot;0&quot;,&quot;copyright&quot;:&quot;&quot;,&quot;focal_length&quot;:&quot;0&quot;,&quot;iso&quot;:&quot;0&quot;,&quot;shutter_speed&quot;:&quot;0&quot;,&quot;title&quot;:&quot;&quot;,&quot;orientation&quot;:&quot;0&quot;}\" data-image-title=\"Apoteose-de-Abertura-Carnavao-Paudalho83_y\" data-image-description=\"\" data-image-caption=\"\" data-medium-file=\"https:\/\/www.paudalho.pe.gov.br\/portal\/wp-content\/uploads\/2023\/02\/Apoteose-de-Abertura-Carnavao-Paudalho83_y-350x230.jpg\" data-large-file=\"https:\/\/www.paudalho.pe.gov.br\/portal\/wp-content\/uploads\/2023\/02\/Apoteose-de-Abertura-Carnavao-Paudalho83_y-800x450.jpg\" data-id=\"24661\" src=\"https:\/\/www.paudalho.pe.gov.br\/portal\/wp-content\/uploads\/2023\/02\/Apoteose-de-Abertura-Carnavao-Paudalho83_y-800x450.jpg\" alt=\"\" class=\"wp-image-24661\"\/><\/figure>\n\n\n\n<figure class=\"wp-block-image size-large\"><img loading=\"lazy\" decoding=\"async\" width=\"800\" height=\"450\" data-attachment-id=\"24659\" data-permalink=\"https:\/\/www.paudalho.pe.gov.br\/portal\/apoteose-de-abertura-do-carnaval-de-paudalho-reune-o-publico-com-encontro-de-blocos-liricos-e-orquestra-capital-do-frevo\/apoteose-de-abertura-carnavao-paudalho85_y\/\" data-orig-file=\"https:\/\/www.paudalho.pe.gov.br\/portal\/wp-content\/uploads\/2023\/02\/Apoteose-de-Abertura-Carnavao-Paudalho85_y.jpg\" data-orig-size=\"1280,853\" data-comments-opened=\"1\" data-image-meta=\"{&quot;aperture&quot;:&quot;0&quot;,&quot;credit&quot;:&quot;&quot;,&quot;camera&quot;:&quot;&quot;,&quot;caption&quot;:&quot;&quot;,&quot;created_timestamp&quot;:&quot;0&quot;,&quot;copyright&quot;:&quot;&quot;,&quot;focal_length&quot;:&quot;0&quot;,&quot;iso&quot;:&quot;0&quot;,&quot;shutter_speed&quot;:&quot;0&quot;,&quot;title&quot;:&quot;&quot;,&quot;orientation&quot;:&quot;0&quot;}\" data-image-title=\"Apoteose-de-Abertura-Carnavao-Paudalho85_y\" data-image-description=\"\" data-image-caption=\"\" data-medium-file=\"https:\/\/www.paudalho.pe.gov.br\/portal\/wp-content\/uploads\/2023\/02\/Apoteose-de-Abertura-Carnavao-Paudalho85_y-350x230.jpg\" data-large-file=\"https:\/\/www.paudalho.pe.gov.br\/portal\/wp-content\/uploads\/2023\/02\/Apoteose-de-Abertura-Carnavao-Paudalho85_y-800x450.jpg\" data-id=\"24659\" src=\"https:\/\/www.paudalho.pe.gov.br\/portal\/wp-content\/uploads\/2023\/02\/Apoteose-de-Abertura-Carnavao-Paudalho85_y-800x450.jpg\" alt=\"\" class=\"wp-image-24659\"\/><\/figure>\n\n\n\n<figure class=\"wp-block-image size-large\"><img loading=\"lazy\" decoding=\"async\" width=\"800\" height=\"450\" data-attachment-id=\"24660\" data-permalink=\"https:\/\/www.paudalho.pe.gov.br\/portal\/apoteose-de-abertura-do-carnaval-de-paudalho-reune-o-publico-com-encontro-de-blocos-liricos-e-orquestra-capital-do-frevo\/apoteose-de-abertura-carnavao-paudalho90_y-1\/\" data-orig-file=\"https:\/\/www.paudalho.pe.gov.br\/portal\/wp-content\/uploads\/2023\/02\/Apoteose-de-Abertura-Carnavao-Paudalho90_y-1.jpg\" data-orig-size=\"1280,853\" data-comments-opened=\"1\" data-image-meta=\"{&quot;aperture&quot;:&quot;0&quot;,&quot;credit&quot;:&quot;&quot;,&quot;camera&quot;:&quot;&quot;,&quot;caption&quot;:&quot;&quot;,&quot;created_timestamp&quot;:&quot;0&quot;,&quot;copyright&quot;:&quot;&quot;,&quot;focal_length&quot;:&quot;0&quot;,&quot;iso&quot;:&quot;0&quot;,&quot;shutter_speed&quot;:&quot;0&quot;,&quot;title&quot;:&quot;&quot;,&quot;orientation&quot;:&quot;0&quot;}\" data-image-title=\"Apoteose-de-Abertura-Carnavao-Paudalho90_y-1\" data-image-description=\"\" data-image-caption=\"\" data-medium-file=\"https:\/\/www.paudalho.pe.gov.br\/portal\/wp-content\/uploads\/2023\/02\/Apoteose-de-Abertura-Carnavao-Paudalho90_y-1-350x230.jpg\" data-large-file=\"https:\/\/www.paudalho.pe.gov.br\/portal\/wp-content\/uploads\/2023\/02\/Apoteose-de-Abertura-Carnavao-Paudalho90_y-1-800x450.jpg\" data-id=\"24660\" src=\"https:\/\/www.paudalho.pe.gov.br\/portal\/wp-content\/uploads\/2023\/02\/Apoteose-de-Abertura-Carnavao-Paudalho90_y-1-800x450.jpg\" alt=\"\" class=\"wp-image-24660\"\/><\/figure>\n\n\n\n<figure class=\"wp-block-image size-large\"><img loading=\"lazy\" decoding=\"async\" width=\"800\" height=\"450\" data-attachment-id=\"24663\" data-permalink=\"https:\/\/www.paudalho.pe.gov.br\/portal\/apoteose-de-abertura-do-carnaval-de-paudalho-reune-o-publico-com-encontro-de-blocos-liricos-e-orquestra-capital-do-frevo\/apoteose-de-abertura-carnavao-paudalho91_y\/\" data-orig-file=\"https:\/\/www.paudalho.pe.gov.br\/portal\/wp-content\/uploads\/2023\/02\/Apoteose-de-Abertura-Carnavao-Paudalho91_y.jpg\" data-orig-size=\"1280,853\" data-comments-opened=\"1\" data-image-meta=\"{&quot;aperture&quot;:&quot;0&quot;,&quot;credit&quot;:&quot;&quot;,&quot;camera&quot;:&quot;&quot;,&quot;caption&quot;:&quot;&quot;,&quot;created_timestamp&quot;:&quot;0&quot;,&quot;copyright&quot;:&quot;&quot;,&quot;focal_length&quot;:&quot;0&quot;,&quot;iso&quot;:&quot;0&quot;,&quot;shutter_speed&quot;:&quot;0&quot;,&quot;title&quot;:&quot;&quot;,&quot;orientation&quot;:&quot;0&quot;}\" data-image-title=\"Apoteose-de-Abertura-Carnavao-Paudalho91_y\" data-image-description=\"\" data-image-caption=\"\" data-medium-file=\"https:\/\/www.paudalho.pe.gov.br\/portal\/wp-content\/uploads\/2023\/02\/Apoteose-de-Abertura-Carnavao-Paudalho91_y-350x230.jpg\" data-large-file=\"https:\/\/www.paudalho.pe.gov.br\/portal\/wp-content\/uploads\/2023\/02\/Apoteose-de-Abertura-Carnavao-Paudalho91_y-800x450.jpg\" data-id=\"24663\" src=\"https:\/\/www.paudalho.pe.gov.br\/portal\/wp-content\/uploads\/2023\/02\/Apoteose-de-Abertura-Carnavao-Paudalho91_y-800x450.jpg\" alt=\"\" class=\"wp-image-24663\"\/><\/figure>\n<\/figure>\n","protected":false},"excerpt":{"rendered":"<p>O Carnaval do munic\u00edpio de Paudalho est\u00e1 oficialmente iniciado. Diferente de anos anteriores, a cidade deu um come\u00e7o antecipado aos festejos, com a realiza\u00e7\u00e3o da Apoteose de Abertura. O evento ocorreu nesta sexta-feira (17), com Encontro de Blocos L\u00edricos e apresenta\u00e7\u00f5es musicais, em uma celebra\u00e7\u00e3o da cultura e tradi\u00e7\u00e3o da Festa de Momo. A concentra\u00e7\u00e3o [&hellip;]<\/p>\n","protected":false},"author":11,"featured_media":24642,"comment_status":"open","ping_status":"open","sticky":false,"template":"","format":"standard","meta":{"_jetpack_newsletter_access":"","_jetpack_dont_email_post_to_subs":false,"_jetpack_newsletter_tier_id":0,"_jetpack_memberships_contains_paywalled_content":false,"_jetpack_memberships_contains_paid_content":false,"footnotes":""},"categories":[37,6,2,1],"tags":[1122,1112],"class_list":["post-24641","post","type-post","status-publish","format-standard","has-post-thumbnail","hentry","category-carnaval","category-cultura","category-destaque","category-noticias","tag-apoteose-de-abertura","tag-carnaval-2023"],"jetpack_featured_media_url":"https:\/\/www.paudalho.pe.gov.br\/portal\/wp-content\/uploads\/2023\/02\/Apoteose-de-Abertura-Carnavao-Paudalho98_y.jpg","jetpack_sharing_enabled":true,"jetpack_shortlink":"https:\/\/wp.me\/p98mS2-6pr","_links":{"self":[{"href":"https:\/\/www.paudalho.pe.gov.br\/portal\/wp-json\/wp\/v2\/posts\/24641","targetHints":{"allow":["GET"]}}],"collection":[{"href":"https:\/\/www.paudalho.pe.gov.br\/portal\/wp-json\/wp\/v2\/posts"}],"about":[{"href":"https:\/\/www.paudalho.pe.gov.br\/portal\/wp-json\/wp\/v2\/types\/post"}],"author":[{"embeddable":true,"href":"https:\/\/www.paudalho.pe.gov.br\/portal\/wp-json\/wp\/v2\/users\/11"}],"replies":[{"embeddable":true,"href":"https:\/\/www.paudalho.pe.gov.br\/portal\/wp-json\/wp\/v2\/comments?post=24641"}],"version-history":[{"count":1,"href":"https:\/\/www.paudalho.pe.gov.br\/portal\/wp-json\/wp\/v2\/posts\/24641\/revisions"}],"predecessor-version":[{"id":24666,"href":"https:\/\/www.paudalho.pe.gov.br\/portal\/wp-json\/wp\/v2\/posts\/24641\/revisions\/24666"}],"wp:featuredmedia":[{"embeddable":true,"href":"https:\/\/www.paudalho.pe.gov.br\/portal\/wp-json\/wp\/v2\/media\/24642"}],"wp:attachment":[{"href":"https:\/\/www.paudalho.pe.gov.br\/portal\/wp-json\/wp\/v2\/media?parent=24641"}],"wp:term":[{"taxonomy":"category","embeddable":true,"href":"https:\/\/www.paudalho.pe.gov.br\/portal\/wp-json\/wp\/v2\/categories?post=24641"},{"taxonomy":"post_tag","embeddable":true,"href":"https:\/\/www.paudalho.pe.gov.br\/portal\/wp-json\/wp\/v2\/tags?post=24641"}],"curies":[{"name":"wp","href":"https:\/\/api.w.org\/{rel}","templated":true}]}}