{"id":2463,"date":"2018-01-31T12:19:08","date_gmt":"2018-01-31T15:19:08","guid":{"rendered":"http:\/\/www.paudalho.pe.gov.br\/portal\/?p=2463"},"modified":"2018-01-31T12:19:08","modified_gmt":"2018-01-31T15:19:08","slug":"janeiro-roxo-ubs-primavera-ii-realiza-acoes-contra-a-hanseniase","status":"publish","type":"post","link":"https:\/\/www.paudalho.pe.gov.br\/portal\/janeiro-roxo-ubs-primavera-ii-realiza-acoes-contra-a-hanseniase\/","title":{"rendered":"Janeiro Roxo: UBS Primavera II realiza a\u00e7\u00f5es contra a hansen\u00edase"},"content":{"rendered":"<p>A campanha &#8220;Janeiro Roxo &#8211; m\u00eas de conscientiza\u00e7\u00e3o sobre a hansen\u00edase&#8221; \u00e9 o movimento que foi oficializado pelo Minist\u00e9rio da Sa\u00fade em 2016 e tem o objetivo de promover o combate \u00e0 doen\u00e7a. Segundo dados da Sociedade Brasileira de Hansenologia, o Brasil \u00e9 o segundo pa\u00eds com mais casos da doen\u00e7a, ficando apenas atr\u00e1s da \u00cdndia. E a Secretaria de Sa\u00fade do Paudalho por meio da Unidade B\u00e1sica de Sa\u00fade do bairro da Primavera II realizou, nesta quarta-feira (11), a\u00e7\u00f5es voltadas \u00e0 campanha. Na programa\u00e7\u00e3o houve uma palestra com a enfermeira Fernanda Vasconcelos e ainda um caf\u00e9 da manh\u00e3 oferecido pela unidade.<\/p>\n<p><img loading=\"lazy\" decoding=\"async\" data-attachment-id=\"2465\" data-permalink=\"https:\/\/www.paudalho.pe.gov.br\/portal\/janeiro-roxo-ubs-primavera-ii-realiza-acoes-contra-a-hanseniase\/4b91bf42-298a-4444-a36e-80817bed32e8\/\" data-orig-file=\"https:\/\/www.paudalho.pe.gov.br\/portal\/wp-content\/uploads\/2018\/01\/4b91bf42-298a-4444-a36e-80817bed32e8.jpg\" data-orig-size=\"960,1280\" data-comments-opened=\"1\" data-image-meta=\"{&quot;aperture&quot;:&quot;0&quot;,&quot;credit&quot;:&quot;&quot;,&quot;camera&quot;:&quot;&quot;,&quot;caption&quot;:&quot;&quot;,&quot;created_timestamp&quot;:&quot;0&quot;,&quot;copyright&quot;:&quot;&quot;,&quot;focal_length&quot;:&quot;0&quot;,&quot;iso&quot;:&quot;0&quot;,&quot;shutter_speed&quot;:&quot;0&quot;,&quot;title&quot;:&quot;&quot;,&quot;orientation&quot;:&quot;0&quot;}\" data-image-title=\"4b91bf42-298a-4444-a36e-80817bed32e8\" data-image-description=\"\" data-image-caption=\"\" data-medium-file=\"https:\/\/www.paudalho.pe.gov.br\/portal\/wp-content\/uploads\/2018\/01\/4b91bf42-298a-4444-a36e-80817bed32e8-350x230.jpg\" data-large-file=\"https:\/\/www.paudalho.pe.gov.br\/portal\/wp-content\/uploads\/2018\/01\/4b91bf42-298a-4444-a36e-80817bed32e8-800x450.jpg\" class=\"alignnone  wp-image-2465\" src=\"http:\/\/www.paudalho.pe.gov.br\/portal\/wp-content\/uploads\/2018\/01\/4b91bf42-298a-4444-a36e-80817bed32e8-350x230.jpg\" alt=\"\" width=\"506\" height=\"332\" \/><\/p>\n<p><img loading=\"lazy\" decoding=\"async\" data-attachment-id=\"2464\" data-permalink=\"https:\/\/www.paudalho.pe.gov.br\/portal\/janeiro-roxo-ubs-primavera-ii-realiza-acoes-contra-a-hanseniase\/fc90b33d-bf60-415b-bc90-c87b00de143e\/\" data-orig-file=\"https:\/\/www.paudalho.pe.gov.br\/portal\/wp-content\/uploads\/2018\/01\/fc90b33d-bf60-415b-bc90-c87b00de143e.jpg\" data-orig-size=\"1280,962\" data-comments-opened=\"1\" data-image-meta=\"{&quot;aperture&quot;:&quot;0&quot;,&quot;credit&quot;:&quot;&quot;,&quot;camera&quot;:&quot;&quot;,&quot;caption&quot;:&quot;&quot;,&quot;created_timestamp&quot;:&quot;0&quot;,&quot;copyright&quot;:&quot;&quot;,&quot;focal_length&quot;:&quot;0&quot;,&quot;iso&quot;:&quot;0&quot;,&quot;shutter_speed&quot;:&quot;0&quot;,&quot;title&quot;:&quot;&quot;,&quot;orientation&quot;:&quot;0&quot;}\" data-image-title=\"fc90b33d-bf60-415b-bc90-c87b00de143e\" data-image-description=\"\" data-image-caption=\"\" data-medium-file=\"https:\/\/www.paudalho.pe.gov.br\/portal\/wp-content\/uploads\/2018\/01\/fc90b33d-bf60-415b-bc90-c87b00de143e-350x230.jpg\" data-large-file=\"https:\/\/www.paudalho.pe.gov.br\/portal\/wp-content\/uploads\/2018\/01\/fc90b33d-bf60-415b-bc90-c87b00de143e-800x450.jpg\" class=\"alignnone  wp-image-2464\" src=\"http:\/\/www.paudalho.pe.gov.br\/portal\/wp-content\/uploads\/2018\/01\/fc90b33d-bf60-415b-bc90-c87b00de143e-350x230.jpg\" alt=\"\" width=\"507\" height=\"333\" \/><\/p>\n<h2><strong>\u00a0<\/strong><strong>O que \u00e9 hansen\u00edase?<\/strong><\/h2>\n<p>\u00c9 uma doen\u00e7a infecciosa e contagiosa, que causa manchas esbranqui\u00e7adas ou avermelhadas na pele. A pele tamb\u00e9m pode ter altera\u00e7\u00e3o da sensibilidade e o paciente n\u00e3o sente (ou tem sensibilidade diminu\u00edda) calor, frio, dor e mesmo o toque. \u00c9 comum ter sensa\u00e7\u00e3o de formigamento, fisgadas ou dorm\u00eancia nas extremidades (p\u00e9s, m\u00e3os) e em algumas \u00e1reas pode haver diminui\u00e7\u00e3o do suor e de pelos. A hansen\u00edase tem cura. Quanto mais cedo for o diagnostico, mais r\u00e1pida ser\u00e1 a recupera\u00e7\u00e3o. A Rede Municipal de Sa\u00fade disp\u00f5e de estrutura para o tratamento. Qualquer d\u00favida, os mun\u00edcipes devem se dirigir ao posto de sa\u00fade mais pr\u00f3ximo de sua resid\u00eancia.<\/p>\n<p>&nbsp;<\/p>\n<p>Com informa\u00e7\u00f5es do site da Sociedade Brasileira de Hansenologia.<\/p>\n<p>&nbsp;<\/p>\n","protected":false},"excerpt":{"rendered":"<p>A campanha &#8220;Janeiro Roxo &#8211; m\u00eas de conscientiza\u00e7\u00e3o sobre a hansen\u00edase&#8221; \u00e9 o movimento que foi oficializado pelo Minist\u00e9rio da Sa\u00fade em 2016 e tem o objetivo de promover o combate \u00e0 doen\u00e7a. Segundo dados da Sociedade Brasileira de Hansenologia, o Brasil \u00e9 o segundo pa\u00eds com mais casos da doen\u00e7a, ficando apenas atr\u00e1s da [&hellip;]<\/p>\n","protected":false},"author":4,"featured_media":2466,"comment_status":"open","ping_status":"open","sticky":false,"template":"","format":"standard","meta":{"_jetpack_newsletter_access":"","_jetpack_dont_email_post_to_subs":false,"_jetpack_newsletter_tier_id":0,"_jetpack_memberships_contains_paywalled_content":false,"_jetpack_memberships_contains_paid_content":false,"footnotes":""},"categories":[2,3],"tags":[255,254,16],"class_list":["post-2463","post","type-post","status-publish","format-standard","has-post-thumbnail","hentry","category-destaque","category-saude","tag-hanseniase","tag-janeiro-roxo","tag-saude"],"jetpack_featured_media_url":"https:\/\/www.paudalho.pe.gov.br\/portal\/wp-content\/uploads\/2018\/01\/janeiro-roxo.png","jetpack_sharing_enabled":true,"jetpack_shortlink":"https:\/\/wp.me\/p98mS2-DJ","_links":{"self":[{"href":"https:\/\/www.paudalho.pe.gov.br\/portal\/wp-json\/wp\/v2\/posts\/2463","targetHints":{"allow":["GET"]}}],"collection":[{"href":"https:\/\/www.paudalho.pe.gov.br\/portal\/wp-json\/wp\/v2\/posts"}],"about":[{"href":"https:\/\/www.paudalho.pe.gov.br\/portal\/wp-json\/wp\/v2\/types\/post"}],"author":[{"embeddable":true,"href":"https:\/\/www.paudalho.pe.gov.br\/portal\/wp-json\/wp\/v2\/users\/4"}],"replies":[{"embeddable":true,"href":"https:\/\/www.paudalho.pe.gov.br\/portal\/wp-json\/wp\/v2\/comments?post=2463"}],"version-history":[{"count":1,"href":"https:\/\/www.paudalho.pe.gov.br\/portal\/wp-json\/wp\/v2\/posts\/2463\/revisions"}],"predecessor-version":[{"id":2467,"href":"https:\/\/www.paudalho.pe.gov.br\/portal\/wp-json\/wp\/v2\/posts\/2463\/revisions\/2467"}],"wp:featuredmedia":[{"embeddable":true,"href":"https:\/\/www.paudalho.pe.gov.br\/portal\/wp-json\/wp\/v2\/media\/2466"}],"wp:attachment":[{"href":"https:\/\/www.paudalho.pe.gov.br\/portal\/wp-json\/wp\/v2\/media?parent=2463"}],"wp:term":[{"taxonomy":"category","embeddable":true,"href":"https:\/\/www.paudalho.pe.gov.br\/portal\/wp-json\/wp\/v2\/categories?post=2463"},{"taxonomy":"post_tag","embeddable":true,"href":"https:\/\/www.paudalho.pe.gov.br\/portal\/wp-json\/wp\/v2\/tags?post=2463"}],"curies":[{"name":"wp","href":"https:\/\/api.w.org\/{rel}","templated":true}]}}