{"id":24595,"date":"2023-02-13T23:43:22","date_gmt":"2023-02-14T02:43:22","guid":{"rendered":"https:\/\/www.paudalho.pe.gov.br\/portal\/?p=24595"},"modified":"2025-01-08T00:38:59","modified_gmt":"2025-01-08T03:38:59","slug":"divulgada-lista-final-dos-selecionados-no-edital-de-chamamento-de-apoio-financeiro-para-o-carnaval-2023","status":"publish","type":"post","link":"https:\/\/www.paudalho.pe.gov.br\/portal\/divulgada-lista-final-dos-selecionados-no-edital-de-chamamento-de-apoio-financeiro-para-o-carnaval-2023\/","title":{"rendered":"<strong>Divulgada lista final dos selecionados no Edital de Chamamento de Apoio Financeiro para o Carnaval 2023<\/strong>"},"content":{"rendered":"\n<p>A Prefeitura do Paudalho, por meio da Secretaria de Cultura, Turismo, Lazer e Juventudes, divulgou a lista final dos selecionados no Edital de Chamamento P\u00fablico para Apoio Financeiro ao Ciclo do Carnaval 2023 para Agremia\u00e7\u00f5es Carnavalescas.&nbsp;<\/p>\n\n\n\n<p>Puderam se cadastrar pessoas f\u00edsicas ou jur\u00eddicas, al\u00e9m de Agremia\u00e7\u00f5es Carnavalescas de outros munic\u00edpios.<\/p>\n\n\n\n<p>A sele\u00e7\u00e3o dos projetos esteve a cargo da Comiss\u00e3o Especial integrada por pessoas de reputa\u00e7\u00e3o ilibada e reconhecido conhecimento da mat\u00e9ria em exame, a ser designada pelo Prefeito Marcelo Gouveia.<\/p>\n\n\n\n<p><strong>Confira a lista:<\/strong><\/p>\n\n\n\n<div data-wp-interactive=\"core\/file\" class=\"wp-block-file\"><object data-wp-bind--hidden=\"!state.hasPdfPreview\" hidden class=\"wp-block-file__embed\" data=\"https:\/\/www.paudalho.pe.gov.br\/portal\/wp-content\/uploads\/2023\/02\/Resultado-final-dos-selecionados-no-Edital-de-Chamamento-de-Apoio-Financeiro-para-o-Carnaval-2023-.pdf\" type=\"application\/pdf\" style=\"width:100%;height:600px\" aria-label=\"Incorporado de Resultado-final-dos-selecionados-no-Edital-de-Chamamento-de-Apoio-Financeiro-para-o-Carnaval-2023-.\"><\/object><a id=\"wp-block-file--media-e6deb71e-37a8-4592-ad39-b9561f197e33\" href=\"https:\/\/www.paudalho.pe.gov.br\/portal\/wp-content\/uploads\/2023\/02\/Resultado-final-dos-selecionados-no-Edital-de-Chamamento-de-Apoio-Financeiro-para-o-Carnaval-2023-.pdf\">Resultado-final-dos-selecionados-no-Edital-de-Chamamento-de-Apoio-Financeiro-para-o-Carnaval-2023-<\/a><a href=\"https:\/\/www.paudalho.pe.gov.br\/portal\/wp-content\/uploads\/2023\/02\/Resultado-final-dos-selecionados-no-Edital-de-Chamamento-de-Apoio-Financeiro-para-o-Carnaval-2023-.pdf\" class=\"wp-block-file__button wp-element-button\" download aria-describedby=\"wp-block-file--media-e6deb71e-37a8-4592-ad39-b9561f197e33\">Baixar<\/a><\/div>\n\n\n\n\n\n\n<figure class=\"wp-block-post-featured-image\"><img loading=\"lazy\" decoding=\"async\" width=\"1280\" height=\"853\" src=\"https:\/\/www.paudalho.pe.gov.br\/portal\/wp-content\/uploads\/2023\/02\/98D9238E-7380-4374-BA85-7A746B4BE787.jpeg\" class=\"attachment-post-thumbnail size-post-thumbnail wp-post-image\" alt=\"\" style=\"object-fit:cover;\" srcset=\"https:\/\/www.paudalho.pe.gov.br\/portal\/wp-content\/uploads\/2023\/02\/98D9238E-7380-4374-BA85-7A746B4BE787.jpeg 1280w, https:\/\/www.paudalho.pe.gov.br\/portal\/wp-content\/uploads\/2023\/02\/98D9238E-7380-4374-BA85-7A746B4BE787-768x512.jpeg 768w\" sizes=\"auto, (max-width: 1280px) 100vw, 1280px\" data-attachment-id=\"24598\" data-permalink=\"https:\/\/www.paudalho.pe.gov.br\/portal\/divulgada-lista-final-dos-selecionados-no-edital-de-chamamento-de-apoio-financeiro-para-o-carnaval-2023\/98d9238e-7380-4374-ba85-7a746b4be787\/\" data-orig-file=\"https:\/\/www.paudalho.pe.gov.br\/portal\/wp-content\/uploads\/2023\/02\/98D9238E-7380-4374-BA85-7A746B4BE787.jpeg\" data-orig-size=\"1280,853\" data-comments-opened=\"1\" data-image-meta=\"{&quot;aperture&quot;:&quot;0&quot;,&quot;credit&quot;:&quot;&quot;,&quot;camera&quot;:&quot;&quot;,&quot;caption&quot;:&quot;&quot;,&quot;created_timestamp&quot;:&quot;0&quot;,&quot;copyright&quot;:&quot;&quot;,&quot;focal_length&quot;:&quot;0&quot;,&quot;iso&quot;:&quot;0&quot;,&quot;shutter_speed&quot;:&quot;0&quot;,&quot;title&quot;:&quot;&quot;,&quot;orientation&quot;:&quot;0&quot;}\" data-image-title=\"98D9238E-7380-4374-BA85-7A746B4BE787\" data-image-description=\"\" data-image-caption=\"\" data-medium-file=\"https:\/\/www.paudalho.pe.gov.br\/portal\/wp-content\/uploads\/2023\/02\/98D9238E-7380-4374-BA85-7A746B4BE787-350x230.jpeg\" data-large-file=\"https:\/\/www.paudalho.pe.gov.br\/portal\/wp-content\/uploads\/2023\/02\/98D9238E-7380-4374-BA85-7A746B4BE787-800x450.jpeg\" \/><\/figure>","protected":false},"excerpt":{"rendered":"<p>A Prefeitura do Paudalho, por meio da Secretaria de Cultura, Turismo, Lazer e Juventudes, divulgou a lista final dos selecionados no Edital de Chamamento P\u00fablico para Apoio Financeiro ao Ciclo do Carnaval 2023 para Agremia\u00e7\u00f5es Carnavalescas.&nbsp; Puderam se cadastrar pessoas f\u00edsicas ou jur\u00eddicas, al\u00e9m de Agremia\u00e7\u00f5es Carnavalescas de outros munic\u00edpios. A sele\u00e7\u00e3o dos projetos esteve [&hellip;]<\/p>\n","protected":false},"author":4,"featured_media":24598,"comment_status":"open","ping_status":"open","sticky":false,"template":"","format":"standard","meta":{"_jetpack_newsletter_access":"","_jetpack_dont_email_post_to_subs":false,"_jetpack_newsletter_tier_id":0,"_jetpack_memberships_contains_paywalled_content":false,"_jetpack_memberships_contains_paid_content":false,"footnotes":""},"categories":[2,1],"tags":[1112,68,419],"class_list":["post-24595","post","type-post","status-publish","format-standard","has-post-thumbnail","hentry","category-destaque","category-noticias","tag-carnaval-2023","tag-cultura","tag-destaque"],"jetpack_featured_media_url":"https:\/\/www.paudalho.pe.gov.br\/portal\/wp-content\/uploads\/2023\/02\/98D9238E-7380-4374-BA85-7A746B4BE787.jpeg","jetpack_sharing_enabled":true,"jetpack_shortlink":"https:\/\/wp.me\/p98mS2-6oH","_links":{"self":[{"href":"https:\/\/www.paudalho.pe.gov.br\/portal\/wp-json\/wp\/v2\/posts\/24595","targetHints":{"allow":["GET"]}}],"collection":[{"href":"https:\/\/www.paudalho.pe.gov.br\/portal\/wp-json\/wp\/v2\/posts"}],"about":[{"href":"https:\/\/www.paudalho.pe.gov.br\/portal\/wp-json\/wp\/v2\/types\/post"}],"author":[{"embeddable":true,"href":"https:\/\/www.paudalho.pe.gov.br\/portal\/wp-json\/wp\/v2\/users\/4"}],"replies":[{"embeddable":true,"href":"https:\/\/www.paudalho.pe.gov.br\/portal\/wp-json\/wp\/v2\/comments?post=24595"}],"version-history":[{"count":3,"href":"https:\/\/www.paudalho.pe.gov.br\/portal\/wp-json\/wp\/v2\/posts\/24595\/revisions"}],"predecessor-version":[{"id":24600,"href":"https:\/\/www.paudalho.pe.gov.br\/portal\/wp-json\/wp\/v2\/posts\/24595\/revisions\/24600"}],"wp:featuredmedia":[{"embeddable":true,"href":"https:\/\/www.paudalho.pe.gov.br\/portal\/wp-json\/wp\/v2\/media\/24598"}],"wp:attachment":[{"href":"https:\/\/www.paudalho.pe.gov.br\/portal\/wp-json\/wp\/v2\/media?parent=24595"}],"wp:term":[{"taxonomy":"category","embeddable":true,"href":"https:\/\/www.paudalho.pe.gov.br\/portal\/wp-json\/wp\/v2\/categories?post=24595"},{"taxonomy":"post_tag","embeddable":true,"href":"https:\/\/www.paudalho.pe.gov.br\/portal\/wp-json\/wp\/v2\/tags?post=24595"}],"curies":[{"name":"wp","href":"https:\/\/api.w.org\/{rel}","templated":true}]}}