{"id":24588,"date":"2023-02-11T09:59:40","date_gmt":"2023-02-11T12:59:40","guid":{"rendered":"https:\/\/www.paudalho.pe.gov.br\/portal\/?p=24588"},"modified":"2025-01-08T00:38:59","modified_gmt":"2025-01-08T03:38:59","slug":"prefeitura-do-paudalho-apresenta-carnaval-2023-em-coletiva-de-imprensa-nesta-quarta-feira-15","status":"publish","type":"post","link":"https:\/\/www.paudalho.pe.gov.br\/portal\/prefeitura-do-paudalho-apresenta-carnaval-2023-em-coletiva-de-imprensa-nesta-quarta-feira-15\/","title":{"rendered":"<strong>Prefeitura do Paudalho apresenta Carnaval 2023 em coletiva de imprensa nesta quarta-feira (15)<\/strong>"},"content":{"rendered":"\n<p>Ap\u00f3s dois anos sem Carnaval em decorr\u00eancia da pandemia de Covid-19, o munic\u00edpio de Paudalho, na Zona da Mata Norte, volta com tudo para o ciclo de eventos da festa mais tradicional de Pernambuco. Para comunicar todas as novidades que agraciar\u00e3o o festejo de 2023, a Prefeitura do Paudalho ir\u00e1 realizar nesta quarta-feira (15) uma Coletiva de Imprensa no Hall do edif\u00edcio da Prefeitura, situado no Centro da cidade, \u00e0s 15h.<\/p>\n\n\n\n<p>No evento ser\u00e1 feita a divulga\u00e7\u00e3o da programa\u00e7\u00e3o oficial dos dias de festa e ser\u00e1 revelada pela primeira vez a identidade visual da celebra\u00e7\u00e3o para os ve\u00edculos de imprensa. Al\u00e9m disso, ser\u00e1 explicado o planejamento realizado por todas as Secretarias Municipais para receber os visitantes. Durante a Coletiva, o prefeito Marcelo Gouveia tamb\u00e9m ir\u00e1 homenagear os fomentadores culturais que marcaram seus nomes na hist\u00f3ria da cidade e que faleceram durante a pandemia. No momento ainda haver\u00e1 o cadastramento dos ve\u00edculos para participarem do Carnaval no munic\u00edpio.&nbsp;<\/p>\n\n\n\n<p>Considerado o maior e melhor Carnaval do Interior de Pernambuco, a celebra\u00e7\u00e3o de Paudalho j\u00e1 \u00e9 tradi\u00e7\u00e3o, reunindo milhares de foli\u00f5es tanto do estado, quanto de todo o pa\u00eds. A festa promete uma programa\u00e7\u00e3o democr\u00e1tica com atra\u00e7\u00f5es culturais, musicais e espa\u00e7o para a crian\u00e7ada.\u00a0<\/p>\n\n\n\n<p><strong>SERVI\u00c7O<\/strong><\/p>\n\n\n\n<p>Coletiva de Imprensa &#8211; Carnaval de Paudalho 2023<\/p>\n\n\n\n<p>Data: Quarta-feira (15 de fevereiro)<\/p>\n\n\n\n<p>Hor\u00e1rio: 15h<\/p>\n\n\n\n<p>Local: Hall do Pr\u00e9dio da Prefeitura do Paudalho, Avenida R. Raul Bandeira, n\u00ba 21, Centro da cidade.<\/p>\n","protected":false},"excerpt":{"rendered":"<p>Ap\u00f3s dois anos sem Carnaval em decorr\u00eancia da pandemia de Covid-19, o munic\u00edpio de Paudalho, na Zona da Mata Norte, volta com tudo para o ciclo de eventos da festa mais tradicional de Pernambuco. Para comunicar todas as novidades que agraciar\u00e3o o festejo de 2023, a Prefeitura do Paudalho ir\u00e1 realizar nesta quarta-feira (15) uma [&hellip;]<\/p>\n","protected":false},"author":11,"featured_media":24589,"comment_status":"open","ping_status":"open","sticky":false,"template":"","format":"standard","meta":{"_jetpack_newsletter_access":"","_jetpack_dont_email_post_to_subs":false,"_jetpack_newsletter_tier_id":0,"_jetpack_memberships_contains_paywalled_content":false,"_jetpack_memberships_contains_paid_content":false,"footnotes":""},"categories":[37,2,1],"tags":[38,1112,1116],"class_list":["post-24588","post","type-post","status-publish","format-standard","has-post-thumbnail","hentry","category-carnaval","category-destaque","category-noticias","tag-carnaval","tag-carnaval-2023","tag-coletiva-de-imprensa"],"jetpack_featured_media_url":"https:\/\/www.paudalho.pe.gov.br\/portal\/wp-content\/uploads\/2023\/02\/CARNAVAL-DE-PAUDALHO-scaled.jpg","jetpack_sharing_enabled":true,"jetpack_shortlink":"https:\/\/wp.me\/p98mS2-6oA","_links":{"self":[{"href":"https:\/\/www.paudalho.pe.gov.br\/portal\/wp-json\/wp\/v2\/posts\/24588","targetHints":{"allow":["GET"]}}],"collection":[{"href":"https:\/\/www.paudalho.pe.gov.br\/portal\/wp-json\/wp\/v2\/posts"}],"about":[{"href":"https:\/\/www.paudalho.pe.gov.br\/portal\/wp-json\/wp\/v2\/types\/post"}],"author":[{"embeddable":true,"href":"https:\/\/www.paudalho.pe.gov.br\/portal\/wp-json\/wp\/v2\/users\/11"}],"replies":[{"embeddable":true,"href":"https:\/\/www.paudalho.pe.gov.br\/portal\/wp-json\/wp\/v2\/comments?post=24588"}],"version-history":[{"count":2,"href":"https:\/\/www.paudalho.pe.gov.br\/portal\/wp-json\/wp\/v2\/posts\/24588\/revisions"}],"predecessor-version":[{"id":24591,"href":"https:\/\/www.paudalho.pe.gov.br\/portal\/wp-json\/wp\/v2\/posts\/24588\/revisions\/24591"}],"wp:featuredmedia":[{"embeddable":true,"href":"https:\/\/www.paudalho.pe.gov.br\/portal\/wp-json\/wp\/v2\/media\/24589"}],"wp:attachment":[{"href":"https:\/\/www.paudalho.pe.gov.br\/portal\/wp-json\/wp\/v2\/media?parent=24588"}],"wp:term":[{"taxonomy":"category","embeddable":true,"href":"https:\/\/www.paudalho.pe.gov.br\/portal\/wp-json\/wp\/v2\/categories?post=24588"},{"taxonomy":"post_tag","embeddable":true,"href":"https:\/\/www.paudalho.pe.gov.br\/portal\/wp-json\/wp\/v2\/tags?post=24588"}],"curies":[{"name":"wp","href":"https:\/\/api.w.org\/{rel}","templated":true}]}}