{"id":24579,"date":"2023-02-09T12:32:28","date_gmt":"2023-02-09T15:32:28","guid":{"rendered":"https:\/\/www.paudalho.pe.gov.br\/portal\/?p=24579"},"modified":"2025-01-08T00:38:59","modified_gmt":"2025-01-08T03:38:59","slug":"prefeitura-do-paudalho-divulga-programacao-da-73a-festa-de-nossa-senhora-do-desterro","status":"publish","type":"post","link":"https:\/\/www.paudalho.pe.gov.br\/portal\/prefeitura-do-paudalho-divulga-programacao-da-73a-festa-de-nossa-senhora-do-desterro\/","title":{"rendered":"Prefeitura do Paudalho divulga programa\u00e7\u00e3o da 73\u00aa Festa de Nossa Senhora do Desterro"},"content":{"rendered":"\n<p>No munic\u00edpio de Paudalho, na Zona da Mata Norte, entre as festividades de S\u00e3o Sebasti\u00e3o e do Carnaval, a popula\u00e7\u00e3o n\u00e3o fica parada. Em 2023, a tradicional Festa de Nossa Senhora do Desterro chega a sua 73\u00aa edi\u00e7\u00e3o, e nesta quarta-feira (8), a Prefeitura do Paudalho, atrav\u00e9s da Secretaria de Cultura, Turismo, Lazer e Juventudes, divulgou a programa\u00e7\u00e3o do evento, que ocorre da sexta-feira (10) at\u00e9 o domingo (12).<\/p>\n\n\n\n<p>Durante todo o fim de semana, os moradores da comunidade do Desterro, na Zona Rural da cidade, ir\u00e3o receber artistas locais e de toda a regi\u00e3o, com atra\u00e7\u00f5es culturais e religiosas. Os festejos come\u00e7am na sexta-feira com shows de Gabi Ferreira, Elvis e Fogo do Amor. No s\u00e1bado (11) tem apresenta\u00e7\u00f5es de Lau Santos e Givaldo Show, Renato Pires e Eduarda Alves. E encerrando as comemora\u00e7\u00f5es, no domingo tem a ciranda do Mestre Anderson e a Ciranda Raiz da Mata Norte e a apresenta\u00e7\u00e3o religiosa do DJ Roony Moura.<\/p>\n\n\n\n<p><\/p>\n\n\n\n<p><strong>73\u00aa Festa de Nossa Senhora do Desterro<\/strong><br>Local: Comunidade do Desterro, Paudalho<br>Programa\u00e7\u00e3o:<br>Sexta-feira, 10 de fevereiro, a partir das 20h<br>\u2022 Gabi Ferreira<br>\u2022 Elvis<br>\u2022 Fogo do Amor<\/p>\n\n\n\n<p>S\u00e1bado, 11 de fevereiro, a partir das 20h<br>\u2022 Lau Santos e Givaldo Show<br>\u2022 Renato Pires<br>\u2022 Eduarda Alves<\/p>\n\n\n\n<p>Domingo, 12 de fevereiro, a partir das 20h<br>\u2022 Mestre Anderson e a Ciranda Raiz da Mata Norte<br>\u2022 DJ Roony Moura<\/p>\n","protected":false},"excerpt":{"rendered":"<p>No munic\u00edpio de Paudalho, na Zona da Mata Norte, entre as festividades de S\u00e3o Sebasti\u00e3o e do Carnaval, a popula\u00e7\u00e3o n\u00e3o fica parada. Em 2023, a tradicional Festa de Nossa Senhora do Desterro chega a sua 73\u00aa edi\u00e7\u00e3o, e nesta quarta-feira (8), a Prefeitura do Paudalho, atrav\u00e9s da Secretaria de Cultura, Turismo, Lazer e Juventudes, [&hellip;]<\/p>\n","protected":false},"author":11,"featured_media":24580,"comment_status":"open","ping_status":"open","sticky":false,"template":"","format":"standard","meta":{"_jetpack_newsletter_access":"","_jetpack_dont_email_post_to_subs":false,"_jetpack_newsletter_tier_id":0,"_jetpack_memberships_contains_paywalled_content":false,"_jetpack_memberships_contains_paid_content":false,"footnotes":""},"categories":[6,2],"tags":[1114,68,1115,604],"class_list":["post-24579","post","type-post","status-publish","format-standard","has-post-thumbnail","hentry","category-cultura","category-destaque","tag-73a-festa-de-nossa-senhora-do-desterro","tag-cultura","tag-desterro","tag-festa-de-nossa-senhora-do-desterro"],"jetpack_featured_media_url":"https:\/\/www.paudalho.pe.gov.br\/portal\/wp-content\/uploads\/2023\/02\/desterro.jpg","jetpack_sharing_enabled":true,"jetpack_shortlink":"https:\/\/wp.me\/p98mS2-6or","_links":{"self":[{"href":"https:\/\/www.paudalho.pe.gov.br\/portal\/wp-json\/wp\/v2\/posts\/24579","targetHints":{"allow":["GET"]}}],"collection":[{"href":"https:\/\/www.paudalho.pe.gov.br\/portal\/wp-json\/wp\/v2\/posts"}],"about":[{"href":"https:\/\/www.paudalho.pe.gov.br\/portal\/wp-json\/wp\/v2\/types\/post"}],"author":[{"embeddable":true,"href":"https:\/\/www.paudalho.pe.gov.br\/portal\/wp-json\/wp\/v2\/users\/11"}],"replies":[{"embeddable":true,"href":"https:\/\/www.paudalho.pe.gov.br\/portal\/wp-json\/wp\/v2\/comments?post=24579"}],"version-history":[{"count":2,"href":"https:\/\/www.paudalho.pe.gov.br\/portal\/wp-json\/wp\/v2\/posts\/24579\/revisions"}],"predecessor-version":[{"id":24582,"href":"https:\/\/www.paudalho.pe.gov.br\/portal\/wp-json\/wp\/v2\/posts\/24579\/revisions\/24582"}],"wp:featuredmedia":[{"embeddable":true,"href":"https:\/\/www.paudalho.pe.gov.br\/portal\/wp-json\/wp\/v2\/media\/24580"}],"wp:attachment":[{"href":"https:\/\/www.paudalho.pe.gov.br\/portal\/wp-json\/wp\/v2\/media?parent=24579"}],"wp:term":[{"taxonomy":"category","embeddable":true,"href":"https:\/\/www.paudalho.pe.gov.br\/portal\/wp-json\/wp\/v2\/categories?post=24579"},{"taxonomy":"post_tag","embeddable":true,"href":"https:\/\/www.paudalho.pe.gov.br\/portal\/wp-json\/wp\/v2\/tags?post=24579"}],"curies":[{"name":"wp","href":"https:\/\/api.w.org\/{rel}","templated":true}]}}