{"id":24574,"date":"2023-02-08T22:01:58","date_gmt":"2023-02-09T01:01:58","guid":{"rendered":"https:\/\/www.paudalho.pe.gov.br\/portal\/?p=24574"},"modified":"2025-01-08T00:38:59","modified_gmt":"2025-01-08T03:38:59","slug":"divulgada-lista-dos-selecionados-no-edital-de-chamamento-de-apoio-financeiro-para-o-carnaval-2023","status":"publish","type":"post","link":"https:\/\/www.paudalho.pe.gov.br\/portal\/divulgada-lista-dos-selecionados-no-edital-de-chamamento-de-apoio-financeiro-para-o-carnaval-2023\/","title":{"rendered":"Divulgada lista dos selecionados no Edital de Chamamento de Apoio Financeiro para o Carnaval 2023"},"content":{"rendered":"\n<p>A Prefeitura do Paudalho, por meio da Secretaria de Cultura, Turismo, Lazer e Juventudes, divulgou os selecionados no Edital de Chamamento P\u00fablico para Apoio Financeiro ao Ciclo do Carnaval 2023 para Agremia\u00e7\u00f5es Carnavalescas.<\/p>\n\n\n\n<p>Puderam se cadastrar pessoas f\u00edsicas ou jur\u00eddicas, al\u00e9m de Agremia\u00e7\u00f5es Carnavalescas de outros munic\u00edpios.<\/p>\n\n\n\n<p>A sele\u00e7\u00e3o dos projetos esteve a cargo da Comiss\u00e3o Especial integrada por pessoas de reputa\u00e7\u00e3o ilibada e reconhecido conhecimento da mat\u00e9ria em exame, a ser designada pelo Prefeito Marcelo Gouveia.<\/p>\n\n\n\n<p>Confira a lista:<\/p>\n\n\n\n<div class=\"wp-block-file\"><a id=\"wp-block-file--media-3f094e95-fd9d-4d8c-9a3b-949fa11f090f\" href=\"https:\/\/www.paudalho.pe.gov.br\/portal\/wp-content\/uploads\/2023\/02\/Selecionados-Chamamento-Publico-para-Apoio-Financeiro-Carnaval-2023.pdf\">Selecionados-Chamamento-Publico-para-Apoio-Financeiro-Carnaval-2023<\/a><a href=\"https:\/\/www.paudalho.pe.gov.br\/portal\/wp-content\/uploads\/2023\/02\/Selecionados-Chamamento-Publico-para-Apoio-Financeiro-Carnaval-2023.pdf\" class=\"wp-block-file__button wp-element-button\" download aria-describedby=\"wp-block-file--media-3f094e95-fd9d-4d8c-9a3b-949fa11f090f\">Baixar<\/a><\/div>\n\n\n\n<p>Os proponentes que tiveram seus projetos selecionados est\u00e3o convocados para assinar o <strong>Termo de Compromisso<\/strong> referente ao apoio previsto no edital acima, devendo comparecer no prazo de at\u00e9 cinco dias corridos contados a partir da data de convoca\u00e7\u00e3o. A assinatura deve ocorrer na sede da Secretaria que fica na Pra\u00e7a do Ros\u00e1rio, no Centro da cidade, das 8h \u00e0s 16h.<\/p>\n\n\n\n<p>Confira Errata:<\/p>\n\n\n\n<div class=\"wp-block-file\"><a id=\"wp-block-file--media-01ce0e72-7633-44b0-b08e-4a64a38e6b67\" href=\"https:\/\/www.paudalho.pe.gov.br\/portal\/wp-content\/uploads\/2023\/02\/ERRATA-AO-EDITAL-CHAMAMENTO-PUBLICO-PARA-APOIO-FINANCEIRO-CARNAVAL-2023.pdf\">ERRATA-AO-EDITAL-CHAMAMENTO-PUBLICO-PARA-APOIO-FINANCEIRO-CARNAVAL-2023<\/a><a href=\"https:\/\/www.paudalho.pe.gov.br\/portal\/wp-content\/uploads\/2023\/02\/ERRATA-AO-EDITAL-CHAMAMENTO-PUBLICO-PARA-APOIO-FINANCEIRO-CARNAVAL-2023.pdf\" class=\"wp-block-file__button wp-element-button\" download aria-describedby=\"wp-block-file--media-01ce0e72-7633-44b0-b08e-4a64a38e6b67\">Baixar<\/a><\/div>\n","protected":false},"excerpt":{"rendered":"<p>A Prefeitura do Paudalho, por meio da Secretaria de Cultura, Turismo, Lazer e Juventudes, divulgou os selecionados no Edital de Chamamento P\u00fablico para Apoio Financeiro ao Ciclo do Carnaval 2023 para Agremia\u00e7\u00f5es Carnavalescas. Puderam se cadastrar pessoas f\u00edsicas ou jur\u00eddicas, al\u00e9m de Agremia\u00e7\u00f5es Carnavalescas de outros munic\u00edpios. A sele\u00e7\u00e3o dos projetos esteve a cargo da [&hellip;]<\/p>\n","protected":false},"author":11,"featured_media":24576,"comment_status":"open","ping_status":"open","sticky":false,"template":"","format":"standard","meta":{"_jetpack_newsletter_access":"","_jetpack_dont_email_post_to_subs":false,"_jetpack_newsletter_tier_id":0,"_jetpack_memberships_contains_paywalled_content":false,"_jetpack_memberships_contains_paid_content":false,"footnotes":""},"categories":[37,6,2],"tags":[1113,1112,68,1111],"class_list":["post-24574","post","type-post","status-publish","format-standard","has-post-thumbnail","hentry","category-carnaval","category-cultura","category-destaque","tag-agremiacoes-carnavalescas","tag-carnaval-2023","tag-cultura","tag-edital-de-chamamento-publico-para-apoio-financeiro-ao-ciclo-do-carnaval-2023"],"jetpack_featured_media_url":"https:\/\/www.paudalho.pe.gov.br\/portal\/wp-content\/uploads\/2023\/02\/WhatsApp-Image-2023-02-08-at-21.59.56.jpeg","jetpack_sharing_enabled":true,"jetpack_shortlink":"https:\/\/wp.me\/p98mS2-6om","_links":{"self":[{"href":"https:\/\/www.paudalho.pe.gov.br\/portal\/wp-json\/wp\/v2\/posts\/24574","targetHints":{"allow":["GET"]}}],"collection":[{"href":"https:\/\/www.paudalho.pe.gov.br\/portal\/wp-json\/wp\/v2\/posts"}],"about":[{"href":"https:\/\/www.paudalho.pe.gov.br\/portal\/wp-json\/wp\/v2\/types\/post"}],"author":[{"embeddable":true,"href":"https:\/\/www.paudalho.pe.gov.br\/portal\/wp-json\/wp\/v2\/users\/11"}],"replies":[{"embeddable":true,"href":"https:\/\/www.paudalho.pe.gov.br\/portal\/wp-json\/wp\/v2\/comments?post=24574"}],"version-history":[{"count":4,"href":"https:\/\/www.paudalho.pe.gov.br\/portal\/wp-json\/wp\/v2\/posts\/24574\/revisions"}],"predecessor-version":[{"id":24586,"href":"https:\/\/www.paudalho.pe.gov.br\/portal\/wp-json\/wp\/v2\/posts\/24574\/revisions\/24586"}],"wp:featuredmedia":[{"embeddable":true,"href":"https:\/\/www.paudalho.pe.gov.br\/portal\/wp-json\/wp\/v2\/media\/24576"}],"wp:attachment":[{"href":"https:\/\/www.paudalho.pe.gov.br\/portal\/wp-json\/wp\/v2\/media?parent=24574"}],"wp:term":[{"taxonomy":"category","embeddable":true,"href":"https:\/\/www.paudalho.pe.gov.br\/portal\/wp-json\/wp\/v2\/categories?post=24574"},{"taxonomy":"post_tag","embeddable":true,"href":"https:\/\/www.paudalho.pe.gov.br\/portal\/wp-json\/wp\/v2\/tags?post=24574"}],"curies":[{"name":"wp","href":"https:\/\/api.w.org\/{rel}","templated":true}]}}