{"id":24534,"date":"2023-02-06T12:03:02","date_gmt":"2023-02-06T15:03:02","guid":{"rendered":"https:\/\/www.paudalho.pe.gov.br\/portal\/?p=24534"},"modified":"2025-01-08T00:39:00","modified_gmt":"2025-01-08T03:39:00","slug":"centro-de-terapias-integradas-em-saude-mental-do-paudalho-oferece-atendimento-multiprofissional","status":"publish","type":"post","link":"https:\/\/www.paudalho.pe.gov.br\/portal\/centro-de-terapias-integradas-em-saude-mental-do-paudalho-oferece-atendimento-multiprofissional\/","title":{"rendered":"<strong>Centro de Terapias Integradas em Sa\u00fade Mental do Paudalho oferece atendimento multiprofissional<\/strong>"},"content":{"rendered":"\n<p>No \u00faltimo m\u00eas foi realizada a campanha Janeiro Branco, dedicada aos cuidados com a sa\u00fade mental, e essa \u00e9 uma preocupa\u00e7\u00e3o constante da Prefeitura de Paudalho, na Mata Norte. Como exemplo disso, a Gest\u00e3o Municipal inaugurou em 2022 o Centro de Terapias Integradas em Sa\u00fade Mental (CETISM), que fica situado no Complexo Hospitalar, no popularmente conhecido como Alto do Hospital.<\/p>\n\n\n\n<p>O Servi\u00e7o associado ao Sistema \u00danico de Sa\u00fade (SUS) presta assist\u00eancia a todas as faixas et\u00e1rias e conta com uma inova\u00e7\u00e3o em termos de atendimento, com o uso das terapias integradas. Nele o paciente \u00e9 acompanhado por m\u00faltiplos profissionais de diversas \u00e1reas que dialogam internamente para poder tratar todo o escopo de seu problema. O CETISM n\u00e3o apenas apresenta um ambulat\u00f3rio de sa\u00fade mental, mas um sistema multiprofissional com 15 m\u00e9dicos, que dialoga com a Rede de Sa\u00fade Municipal.&nbsp;<\/p>\n\n\n\n<p>O paciente \u00e9 encaminhado atrav\u00e9s da rede de aten\u00e7\u00e3o b\u00e1sica nas unidades b\u00e1sicas de sa\u00fade e n\u00e3o passa por um sistema de regula\u00e7\u00e3o, por\u00e9m, pela demanda, h\u00e1 uma lista de espera. Pela necessidade, \u00e9 dada prioridade a pacientes com Transtorno do Espectro Autista (TEA) tendo mais de 60 crian\u00e7as sendo acompanhadas atualmente. O Centro oferece plant\u00e3o psicol\u00f3gico, psiquiatras, neurologistas, fonoaudi\u00f3logos, psicopedagogos, entre outros m\u00e9dicos. \u201c<em>N\u00f3s sabemos o qu\u00e3o importante \u00e9 o cuidado com a sa\u00fade mental e por isso inauguramos esse centro. Nosso foco \u00e9 disponibilizar um servi\u00e7o humanizado, que atenda aos nossos usu\u00e1rios em suas necessidades com uma rede de profissionais capacitados<\/em>\u201d, destacou o prefeito Marcelo Gouveia.&nbsp;&nbsp;<\/p>\n\n\n\n<p>O modelo transformador \u00e9 um exemplo para os demais munic\u00edpios. Na \u00faltima semana, a Psic\u00f3loga e Coordenadora de Sa\u00fade Mental de Paudalho, Riva Karla, realizou palestras em Camaragibe, no Grande Recife, para apresentar este modelo de Paudalho e relatar seu sucesso no tratamento da popula\u00e7\u00e3o. \u201c<em>Esse \u00e9 um servi\u00e7o muito avan\u00e7ado para o SUS. \u00c9 algo que tende a ser modelo para outras cidades, porque organizamos um servi\u00e7o que \u00e9 essencial para a popula\u00e7\u00e3o. Al\u00e9m da quest\u00e3o organizadora, que est\u00e1 suprindo uma grande demanda de pacientes, n\u00e3o \u00e9 poss\u00edvel nem valorar a import\u00e2ncia do Centro, n\u00e3o conseguimos nem mensurar. O desafio para 2023 \u00e9 ampliar o acesso, ampliar as terapias e os cuidados, e estamos trabalhando para isso.<\/em>\u201d, comentou a coordenadora.<\/p>\n","protected":false},"excerpt":{"rendered":"<p>No \u00faltimo m\u00eas foi realizada a campanha Janeiro Branco, dedicada aos cuidados com a sa\u00fade mental, e essa \u00e9 uma preocupa\u00e7\u00e3o constante da Prefeitura de Paudalho, na Mata Norte. Como exemplo disso, a Gest\u00e3o Municipal inaugurou em 2022 o Centro de Terapias Integradas em Sa\u00fade Mental (CETISM), que fica situado no Complexo Hospitalar, no popularmente [&hellip;]<\/p>\n","protected":false},"author":11,"featured_media":24536,"comment_status":"open","ping_status":"open","sticky":false,"template":"","format":"standard","meta":{"_jetpack_newsletter_access":"","_jetpack_dont_email_post_to_subs":false,"_jetpack_newsletter_tier_id":0,"_jetpack_memberships_contains_paywalled_content":false,"_jetpack_memberships_contains_paid_content":false,"footnotes":""},"categories":[2,520,1,3],"tags":[1105,1106,249,16,1107],"class_list":["post-24534","post","type-post","status-publish","format-standard","has-post-thumbnail","hentry","category-destaque","category-educacao-2","category-noticias","category-saude","tag-centro-de-terapias-integradas-em-saude-mental","tag-cetism","tag-janeiro-branco","tag-saude","tag-saude-mental"],"jetpack_featured_media_url":"https:\/\/www.paudalho.pe.gov.br\/portal\/wp-content\/uploads\/2023\/02\/CETISM-4-scaled.jpg","jetpack_sharing_enabled":true,"jetpack_shortlink":"https:\/\/wp.me\/p98mS2-6nI","_links":{"self":[{"href":"https:\/\/www.paudalho.pe.gov.br\/portal\/wp-json\/wp\/v2\/posts\/24534","targetHints":{"allow":["GET"]}}],"collection":[{"href":"https:\/\/www.paudalho.pe.gov.br\/portal\/wp-json\/wp\/v2\/posts"}],"about":[{"href":"https:\/\/www.paudalho.pe.gov.br\/portal\/wp-json\/wp\/v2\/types\/post"}],"author":[{"embeddable":true,"href":"https:\/\/www.paudalho.pe.gov.br\/portal\/wp-json\/wp\/v2\/users\/11"}],"replies":[{"embeddable":true,"href":"https:\/\/www.paudalho.pe.gov.br\/portal\/wp-json\/wp\/v2\/comments?post=24534"}],"version-history":[{"count":1,"href":"https:\/\/www.paudalho.pe.gov.br\/portal\/wp-json\/wp\/v2\/posts\/24534\/revisions"}],"predecessor-version":[{"id":24537,"href":"https:\/\/www.paudalho.pe.gov.br\/portal\/wp-json\/wp\/v2\/posts\/24534\/revisions\/24537"}],"wp:featuredmedia":[{"embeddable":true,"href":"https:\/\/www.paudalho.pe.gov.br\/portal\/wp-json\/wp\/v2\/media\/24536"}],"wp:attachment":[{"href":"https:\/\/www.paudalho.pe.gov.br\/portal\/wp-json\/wp\/v2\/media?parent=24534"}],"wp:term":[{"taxonomy":"category","embeddable":true,"href":"https:\/\/www.paudalho.pe.gov.br\/portal\/wp-json\/wp\/v2\/categories?post=24534"},{"taxonomy":"post_tag","embeddable":true,"href":"https:\/\/www.paudalho.pe.gov.br\/portal\/wp-json\/wp\/v2\/tags?post=24534"}],"curies":[{"name":"wp","href":"https:\/\/api.w.org\/{rel}","templated":true}]}}