{"id":24491,"date":"2023-02-02T19:56:29","date_gmt":"2023-02-02T22:56:29","guid":{"rendered":"https:\/\/www.paudalho.pe.gov.br\/portal\/?p=24491"},"modified":"2025-01-08T00:39:00","modified_gmt":"2025-01-08T03:39:00","slug":"prefeitura-do-paudalho-inaugura-creche-e-praca-no-valor-de-cerca-de-r-3-milhoes","status":"publish","type":"post","link":"https:\/\/www.paudalho.pe.gov.br\/portal\/prefeitura-do-paudalho-inaugura-creche-e-praca-no-valor-de-cerca-de-r-3-milhoes\/","title":{"rendered":"<strong>Prefeitura do Paudalho inaugura creche e pra\u00e7a no valor de cerca de R$ 3 milh\u00f5es<\/strong>"},"content":{"rendered":"\n<p>Nesta quinta-feira (2) ocorreu a inaugura\u00e7\u00e3o da Creche Joana Ponciano da Silva e da Pra\u00e7a Jos\u00e9 Jo\u00e3o da Silva, localizadas na comunidade de Bel\u00e9m, em Paudalho, na Mata Norte de Pernambuco. Embalados pela apresenta\u00e7\u00e3o da Orquestra 100% Frevo, a popula\u00e7\u00e3o do bairro esteve presente para conhecer pela primeira vez o espa\u00e7o que conta com uma estrutura grande e moderna que impressionou a popula\u00e7\u00e3o.<\/p>\n\n\n\n<p>Foram investidos nas obras cerca de R$ 3 milh\u00f5es na unidade para meninos e meninas a partir de seis meses. O local tem capacidade para 360 crian\u00e7as, sendo 120 em tempo integral. O equipamento p\u00fablico possui diversas salas de multiuso, cozinha, refeit\u00f3rio, lact\u00e1rios e ber\u00e7\u00e1rios, al\u00e9m de \u00e1rea de playground e p\u00e1tio coberto. A Creche Disp\u00f5e de ber\u00e7\u00e1rio com capacidade para 40 crian\u00e7as e o ber\u00e7\u00e1rio integral para 20. J\u00e1 a Pra\u00e7a Jos\u00e9 Jo\u00e3o da Silva oferece \u00e0 comunidade o ambiente ideal para passear e se divertir. Com \u00e1rea de lazer e brinquedos como balan\u00e7os, escorregadores e gangorras.<\/p>\n\n\n\n<figure class=\"wp-block-image size-large\"><img loading=\"lazy\" decoding=\"async\" width=\"800\" height=\"450\" data-attachment-id=\"24493\" data-permalink=\"https:\/\/www.paudalho.pe.gov.br\/portal\/prefeitura-do-paudalho-inaugura-creche-e-praca-no-valor-de-cerca-de-r-3-milhoes\/inauguracao-creche-paudalho-03\/\" data-orig-file=\"https:\/\/www.paudalho.pe.gov.br\/portal\/wp-content\/uploads\/2023\/02\/Inauguracao-Creche-Paudalho-03.jpg\" data-orig-size=\"1280,853\" data-comments-opened=\"1\" data-image-meta=\"{&quot;aperture&quot;:&quot;0&quot;,&quot;credit&quot;:&quot;&quot;,&quot;camera&quot;:&quot;&quot;,&quot;caption&quot;:&quot;&quot;,&quot;created_timestamp&quot;:&quot;0&quot;,&quot;copyright&quot;:&quot;&quot;,&quot;focal_length&quot;:&quot;0&quot;,&quot;iso&quot;:&quot;0&quot;,&quot;shutter_speed&quot;:&quot;0&quot;,&quot;title&quot;:&quot;&quot;,&quot;orientation&quot;:&quot;0&quot;}\" data-image-title=\"Inauguracao-Creche-Paudalho-03\" data-image-description=\"\" data-image-caption=\"\" data-medium-file=\"https:\/\/www.paudalho.pe.gov.br\/portal\/wp-content\/uploads\/2023\/02\/Inauguracao-Creche-Paudalho-03-350x230.jpg\" data-large-file=\"https:\/\/www.paudalho.pe.gov.br\/portal\/wp-content\/uploads\/2023\/02\/Inauguracao-Creche-Paudalho-03-800x450.jpg\" src=\"https:\/\/www.paudalho.pe.gov.br\/portal\/wp-content\/uploads\/2023\/02\/Inauguracao-Creche-Paudalho-03-800x450.jpg\" alt=\"\" class=\"wp-image-24493\"\/><\/figure>\n\n\n\n<p>\u201c<em>Hoje \u00e9 um dia de festa para a comunidade de Bel\u00e9m, \u00e9 um dia de felicidade. N\u00f3s sabemos da import\u00e2ncia de uma creche, de adaptar nossas crian\u00e7as a terem um ritmo estudantil para que elas entrem na escola j\u00e1 acostumadas a estar com professores e com outros alunos, e \u00e9 muito bom poder proporcionar isso. Mais uma vez a gest\u00e3o do munic\u00edpio de Paudalho mostra que \u00e9 poss\u00edvel dar servi\u00e7os p\u00fablicos de qualidade, que \u00e9 poss\u00edvel dar uma educa\u00e7\u00e3o para o pobre do mesmo n\u00edvel da educa\u00e7\u00e3o de um rico, que n\u00e3o podemos diferenciar. E continuaremos trabalhando para melhorar a vida dos paudalhenses<\/em>\u201d, declarou o prefeito, momentos antes de puxar a fita que abria definitivamente as portas da unidade.<\/p>\n\n\n\n<figure class=\"wp-block-image size-large\"><img loading=\"lazy\" decoding=\"async\" width=\"800\" height=\"450\" data-attachment-id=\"24494\" data-permalink=\"https:\/\/www.paudalho.pe.gov.br\/portal\/prefeitura-do-paudalho-inaugura-creche-e-praca-no-valor-de-cerca-de-r-3-milhoes\/inauguracao-creche-paudalho-01\/\" data-orig-file=\"https:\/\/www.paudalho.pe.gov.br\/portal\/wp-content\/uploads\/2023\/02\/Inauguracao-Creche-Paudalho-01.jpg\" data-orig-size=\"1280,853\" data-comments-opened=\"1\" data-image-meta=\"{&quot;aperture&quot;:&quot;0&quot;,&quot;credit&quot;:&quot;&quot;,&quot;camera&quot;:&quot;&quot;,&quot;caption&quot;:&quot;&quot;,&quot;created_timestamp&quot;:&quot;0&quot;,&quot;copyright&quot;:&quot;&quot;,&quot;focal_length&quot;:&quot;0&quot;,&quot;iso&quot;:&quot;0&quot;,&quot;shutter_speed&quot;:&quot;0&quot;,&quot;title&quot;:&quot;&quot;,&quot;orientation&quot;:&quot;0&quot;}\" data-image-title=\"Inauguracao-Creche-Paudalho-01\" data-image-description=\"\" data-image-caption=\"\" data-medium-file=\"https:\/\/www.paudalho.pe.gov.br\/portal\/wp-content\/uploads\/2023\/02\/Inauguracao-Creche-Paudalho-01-350x230.jpg\" data-large-file=\"https:\/\/www.paudalho.pe.gov.br\/portal\/wp-content\/uploads\/2023\/02\/Inauguracao-Creche-Paudalho-01-800x450.jpg\" src=\"https:\/\/www.paudalho.pe.gov.br\/portal\/wp-content\/uploads\/2023\/02\/Inauguracao-Creche-Paudalho-01-800x450.jpg\" alt=\"\" class=\"wp-image-24494\"\/><\/figure>\n\n\n\n<p><strong>Rea\u00e7\u00e3o das fam\u00edlias<\/strong><\/p>\n\n\n\n<p>Sendo a primeira Creche e a primeira Pra\u00e7a da comunidade de Bel\u00e9m, fam\u00edlias inteiras chegaram cedo para poder fazer parte desse momento hist\u00f3rico da cidade. As m\u00e3es que j\u00e1 matricularam seus filhos na unidade n\u00e3o esconderam a alegria e al\u00edvio de finalmente poderem ter um local seguro para deixar as crian\u00e7as.&nbsp;<\/p>\n\n\n\n<figure class=\"wp-block-image size-large\"><img loading=\"lazy\" decoding=\"async\" width=\"800\" height=\"450\" data-attachment-id=\"24495\" data-permalink=\"https:\/\/www.paudalho.pe.gov.br\/portal\/prefeitura-do-paudalho-inaugura-creche-e-praca-no-valor-de-cerca-de-r-3-milhoes\/inauguracao-creche-paudalho-09\/\" data-orig-file=\"https:\/\/www.paudalho.pe.gov.br\/portal\/wp-content\/uploads\/2023\/02\/Inauguracao-Creche-Paudalho-09.jpg\" data-orig-size=\"1280,853\" data-comments-opened=\"1\" data-image-meta=\"{&quot;aperture&quot;:&quot;0&quot;,&quot;credit&quot;:&quot;&quot;,&quot;camera&quot;:&quot;&quot;,&quot;caption&quot;:&quot;&quot;,&quot;created_timestamp&quot;:&quot;0&quot;,&quot;copyright&quot;:&quot;&quot;,&quot;focal_length&quot;:&quot;0&quot;,&quot;iso&quot;:&quot;0&quot;,&quot;shutter_speed&quot;:&quot;0&quot;,&quot;title&quot;:&quot;&quot;,&quot;orientation&quot;:&quot;0&quot;}\" data-image-title=\"Inauguracao-Creche-Paudalho-09\" data-image-description=\"\" data-image-caption=\"\" data-medium-file=\"https:\/\/www.paudalho.pe.gov.br\/portal\/wp-content\/uploads\/2023\/02\/Inauguracao-Creche-Paudalho-09-350x230.jpg\" data-large-file=\"https:\/\/www.paudalho.pe.gov.br\/portal\/wp-content\/uploads\/2023\/02\/Inauguracao-Creche-Paudalho-09-800x450.jpg\" src=\"https:\/\/www.paudalho.pe.gov.br\/portal\/wp-content\/uploads\/2023\/02\/Inauguracao-Creche-Paudalho-09-800x450.jpg\" alt=\"\" class=\"wp-image-24495\"\/><\/figure>\n\n\n\n<p>Adriana Am\u00e9lia, av\u00f3 do pequeno Dayron David, comentou sobre a import\u00e2ncia da Creche e da confian\u00e7a na qualidade dos profissionais que ir\u00e3o trabalhar nela. \u201c<em>Essa creche vai ser \u00f3tima para Bel\u00e9m, pois aqui precis\u00e1vamos muito desse tipo de servi\u00e7o. Eu disse a minha filha que a creche \u00e9 muito boa, que deveria colocar meu neto, pois eu sabia que s\u00f3 trabalhariam aqui pessoas profissionais, que n\u00e3o colocariam pessoas sem qualifica\u00e7\u00e3o para cuidar dos nossos filhos.<\/em>\u201d<\/p>\n\n\n\n<p>A paudalhense Luana Maria, de 23 anos, esbo\u00e7ou toda a satisfa\u00e7\u00e3o com tudo que viu assim que chegou na Creche. <em>\u201cUma estrutura boa, um ambiente legal, salas em perfeito estado, eu amei muito! O parquinho, a \u00e1rea de lazer das crian\u00e7as, as salas dos bebezinhos, as cadeiras, tudo perfeito!\u201d<\/em>, declarou.<\/p>\n\n\n\n<figure class=\"wp-block-gallery has-nested-images columns-4 is-cropped wp-block-gallery-1 is-layout-flex wp-block-gallery-is-layout-flex\">\n<figure class=\"wp-block-image size-medium\"><img loading=\"lazy\" decoding=\"async\" width=\"350\" height=\"230\" data-attachment-id=\"24497\" data-permalink=\"https:\/\/www.paudalho.pe.gov.br\/portal\/prefeitura-do-paudalho-inaugura-creche-e-praca-no-valor-de-cerca-de-r-3-milhoes\/inauguracao-creche-paudalho-02\/\" data-orig-file=\"https:\/\/www.paudalho.pe.gov.br\/portal\/wp-content\/uploads\/2023\/02\/Inauguracao-Creche-Paudalho-02.jpg\" data-orig-size=\"1280,853\" data-comments-opened=\"1\" data-image-meta=\"{&quot;aperture&quot;:&quot;0&quot;,&quot;credit&quot;:&quot;&quot;,&quot;camera&quot;:&quot;&quot;,&quot;caption&quot;:&quot;&quot;,&quot;created_timestamp&quot;:&quot;0&quot;,&quot;copyright&quot;:&quot;&quot;,&quot;focal_length&quot;:&quot;0&quot;,&quot;iso&quot;:&quot;0&quot;,&quot;shutter_speed&quot;:&quot;0&quot;,&quot;title&quot;:&quot;&quot;,&quot;orientation&quot;:&quot;0&quot;}\" data-image-title=\"Inauguracao-Creche-Paudalho-02\" data-image-description=\"\" data-image-caption=\"\" data-medium-file=\"https:\/\/www.paudalho.pe.gov.br\/portal\/wp-content\/uploads\/2023\/02\/Inauguracao-Creche-Paudalho-02-350x230.jpg\" data-large-file=\"https:\/\/www.paudalho.pe.gov.br\/portal\/wp-content\/uploads\/2023\/02\/Inauguracao-Creche-Paudalho-02-800x450.jpg\" data-id=\"24497\" src=\"https:\/\/www.paudalho.pe.gov.br\/portal\/wp-content\/uploads\/2023\/02\/Inauguracao-Creche-Paudalho-02-350x230.jpg\" alt=\"\" class=\"wp-image-24497\"\/><\/figure>\n\n\n\n<figure class=\"wp-block-image size-medium\"><img loading=\"lazy\" decoding=\"async\" width=\"350\" height=\"230\" data-attachment-id=\"24499\" data-permalink=\"https:\/\/www.paudalho.pe.gov.br\/portal\/prefeitura-do-paudalho-inaugura-creche-e-praca-no-valor-de-cerca-de-r-3-milhoes\/inauguracao-creche-paudalho-04\/\" data-orig-file=\"https:\/\/www.paudalho.pe.gov.br\/portal\/wp-content\/uploads\/2023\/02\/Inauguracao-Creche-Paudalho-04.jpg\" data-orig-size=\"1280,853\" data-comments-opened=\"1\" data-image-meta=\"{&quot;aperture&quot;:&quot;0&quot;,&quot;credit&quot;:&quot;&quot;,&quot;camera&quot;:&quot;&quot;,&quot;caption&quot;:&quot;&quot;,&quot;created_timestamp&quot;:&quot;0&quot;,&quot;copyright&quot;:&quot;&quot;,&quot;focal_length&quot;:&quot;0&quot;,&quot;iso&quot;:&quot;0&quot;,&quot;shutter_speed&quot;:&quot;0&quot;,&quot;title&quot;:&quot;&quot;,&quot;orientation&quot;:&quot;0&quot;}\" data-image-title=\"Inauguracao-Creche-Paudalho-04\" data-image-description=\"\" data-image-caption=\"\" data-medium-file=\"https:\/\/www.paudalho.pe.gov.br\/portal\/wp-content\/uploads\/2023\/02\/Inauguracao-Creche-Paudalho-04-350x230.jpg\" data-large-file=\"https:\/\/www.paudalho.pe.gov.br\/portal\/wp-content\/uploads\/2023\/02\/Inauguracao-Creche-Paudalho-04-800x450.jpg\" data-id=\"24499\" src=\"https:\/\/www.paudalho.pe.gov.br\/portal\/wp-content\/uploads\/2023\/02\/Inauguracao-Creche-Paudalho-04-350x230.jpg\" alt=\"\" class=\"wp-image-24499\"\/><\/figure>\n\n\n\n<figure class=\"wp-block-image size-medium\"><img loading=\"lazy\" decoding=\"async\" width=\"350\" height=\"230\" data-attachment-id=\"24498\" data-permalink=\"https:\/\/www.paudalho.pe.gov.br\/portal\/prefeitura-do-paudalho-inaugura-creche-e-praca-no-valor-de-cerca-de-r-3-milhoes\/inauguracao-creche-paudalho-05\/\" data-orig-file=\"https:\/\/www.paudalho.pe.gov.br\/portal\/wp-content\/uploads\/2023\/02\/Inauguracao-Creche-Paudalho-05.jpg\" data-orig-size=\"1280,853\" data-comments-opened=\"1\" data-image-meta=\"{&quot;aperture&quot;:&quot;0&quot;,&quot;credit&quot;:&quot;&quot;,&quot;camera&quot;:&quot;&quot;,&quot;caption&quot;:&quot;&quot;,&quot;created_timestamp&quot;:&quot;0&quot;,&quot;copyright&quot;:&quot;&quot;,&quot;focal_length&quot;:&quot;0&quot;,&quot;iso&quot;:&quot;0&quot;,&quot;shutter_speed&quot;:&quot;0&quot;,&quot;title&quot;:&quot;&quot;,&quot;orientation&quot;:&quot;0&quot;}\" data-image-title=\"Inauguracao-Creche-Paudalho-05\" data-image-description=\"\" data-image-caption=\"\" data-medium-file=\"https:\/\/www.paudalho.pe.gov.br\/portal\/wp-content\/uploads\/2023\/02\/Inauguracao-Creche-Paudalho-05-350x230.jpg\" data-large-file=\"https:\/\/www.paudalho.pe.gov.br\/portal\/wp-content\/uploads\/2023\/02\/Inauguracao-Creche-Paudalho-05-800x450.jpg\" data-id=\"24498\" src=\"https:\/\/www.paudalho.pe.gov.br\/portal\/wp-content\/uploads\/2023\/02\/Inauguracao-Creche-Paudalho-05-350x230.jpg\" alt=\"\" class=\"wp-image-24498\"\/><\/figure>\n\n\n\n<figure class=\"wp-block-image size-medium\"><img loading=\"lazy\" decoding=\"async\" width=\"350\" height=\"230\" data-attachment-id=\"24503\" data-permalink=\"https:\/\/www.paudalho.pe.gov.br\/portal\/prefeitura-do-paudalho-inaugura-creche-e-praca-no-valor-de-cerca-de-r-3-milhoes\/inauguracao-creche-paudalho-07\/\" data-orig-file=\"https:\/\/www.paudalho.pe.gov.br\/portal\/wp-content\/uploads\/2023\/02\/Inauguracao-Creche-Paudalho-07.jpg\" data-orig-size=\"1280,853\" data-comments-opened=\"1\" data-image-meta=\"{&quot;aperture&quot;:&quot;0&quot;,&quot;credit&quot;:&quot;&quot;,&quot;camera&quot;:&quot;&quot;,&quot;caption&quot;:&quot;&quot;,&quot;created_timestamp&quot;:&quot;0&quot;,&quot;copyright&quot;:&quot;&quot;,&quot;focal_length&quot;:&quot;0&quot;,&quot;iso&quot;:&quot;0&quot;,&quot;shutter_speed&quot;:&quot;0&quot;,&quot;title&quot;:&quot;&quot;,&quot;orientation&quot;:&quot;0&quot;}\" data-image-title=\"Inauguracao-Creche-Paudalho-07\" data-image-description=\"\" data-image-caption=\"\" data-medium-file=\"https:\/\/www.paudalho.pe.gov.br\/portal\/wp-content\/uploads\/2023\/02\/Inauguracao-Creche-Paudalho-07-350x230.jpg\" data-large-file=\"https:\/\/www.paudalho.pe.gov.br\/portal\/wp-content\/uploads\/2023\/02\/Inauguracao-Creche-Paudalho-07-800x450.jpg\" data-id=\"24503\" src=\"https:\/\/www.paudalho.pe.gov.br\/portal\/wp-content\/uploads\/2023\/02\/Inauguracao-Creche-Paudalho-07-350x230.jpg\" alt=\"\" class=\"wp-image-24503\"\/><\/figure>\n\n\n\n<figure class=\"wp-block-image size-medium\"><img loading=\"lazy\" decoding=\"async\" width=\"350\" height=\"230\" data-attachment-id=\"24502\" data-permalink=\"https:\/\/www.paudalho.pe.gov.br\/portal\/prefeitura-do-paudalho-inaugura-creche-e-praca-no-valor-de-cerca-de-r-3-milhoes\/inauguracao-creche-paudalho-08\/\" data-orig-file=\"https:\/\/www.paudalho.pe.gov.br\/portal\/wp-content\/uploads\/2023\/02\/Inauguracao-Creche-Paudalho-08.jpg\" data-orig-size=\"1280,853\" data-comments-opened=\"1\" data-image-meta=\"{&quot;aperture&quot;:&quot;0&quot;,&quot;credit&quot;:&quot;&quot;,&quot;camera&quot;:&quot;&quot;,&quot;caption&quot;:&quot;&quot;,&quot;created_timestamp&quot;:&quot;0&quot;,&quot;copyright&quot;:&quot;&quot;,&quot;focal_length&quot;:&quot;0&quot;,&quot;iso&quot;:&quot;0&quot;,&quot;shutter_speed&quot;:&quot;0&quot;,&quot;title&quot;:&quot;&quot;,&quot;orientation&quot;:&quot;0&quot;}\" data-image-title=\"Inauguracao-Creche-Paudalho-08\" data-image-description=\"\" data-image-caption=\"\" data-medium-file=\"https:\/\/www.paudalho.pe.gov.br\/portal\/wp-content\/uploads\/2023\/02\/Inauguracao-Creche-Paudalho-08-350x230.jpg\" data-large-file=\"https:\/\/www.paudalho.pe.gov.br\/portal\/wp-content\/uploads\/2023\/02\/Inauguracao-Creche-Paudalho-08-800x450.jpg\" data-id=\"24502\" src=\"https:\/\/www.paudalho.pe.gov.br\/portal\/wp-content\/uploads\/2023\/02\/Inauguracao-Creche-Paudalho-08-350x230.jpg\" alt=\"\" class=\"wp-image-24502\"\/><\/figure>\n\n\n\n<figure class=\"wp-block-image size-medium\"><img loading=\"lazy\" decoding=\"async\" width=\"350\" height=\"230\" data-attachment-id=\"24501\" data-permalink=\"https:\/\/www.paudalho.pe.gov.br\/portal\/prefeitura-do-paudalho-inaugura-creche-e-praca-no-valor-de-cerca-de-r-3-milhoes\/inauguracao-creche-paudalho-10\/\" data-orig-file=\"https:\/\/www.paudalho.pe.gov.br\/portal\/wp-content\/uploads\/2023\/02\/Inauguracao-Creche-Paudalho-10.jpg\" data-orig-size=\"1280,853\" data-comments-opened=\"1\" data-image-meta=\"{&quot;aperture&quot;:&quot;0&quot;,&quot;credit&quot;:&quot;&quot;,&quot;camera&quot;:&quot;&quot;,&quot;caption&quot;:&quot;&quot;,&quot;created_timestamp&quot;:&quot;0&quot;,&quot;copyright&quot;:&quot;&quot;,&quot;focal_length&quot;:&quot;0&quot;,&quot;iso&quot;:&quot;0&quot;,&quot;shutter_speed&quot;:&quot;0&quot;,&quot;title&quot;:&quot;&quot;,&quot;orientation&quot;:&quot;0&quot;}\" data-image-title=\"Inauguracao-Creche-Paudalho-10\" data-image-description=\"\" data-image-caption=\"\" data-medium-file=\"https:\/\/www.paudalho.pe.gov.br\/portal\/wp-content\/uploads\/2023\/02\/Inauguracao-Creche-Paudalho-10-350x230.jpg\" data-large-file=\"https:\/\/www.paudalho.pe.gov.br\/portal\/wp-content\/uploads\/2023\/02\/Inauguracao-Creche-Paudalho-10-800x450.jpg\" data-id=\"24501\" src=\"https:\/\/www.paudalho.pe.gov.br\/portal\/wp-content\/uploads\/2023\/02\/Inauguracao-Creche-Paudalho-10-350x230.jpg\" alt=\"\" class=\"wp-image-24501\"\/><\/figure>\n\n\n\n<figure class=\"wp-block-image size-medium\"><img loading=\"lazy\" decoding=\"async\" width=\"350\" height=\"230\" data-attachment-id=\"24506\" data-permalink=\"https:\/\/www.paudalho.pe.gov.br\/portal\/prefeitura-do-paudalho-inaugura-creche-e-praca-no-valor-de-cerca-de-r-3-milhoes\/inauguracao-creche-paudalho-11\/\" data-orig-file=\"https:\/\/www.paudalho.pe.gov.br\/portal\/wp-content\/uploads\/2023\/02\/Inauguracao-Creche-Paudalho-11.jpg\" data-orig-size=\"1280,853\" data-comments-opened=\"1\" data-image-meta=\"{&quot;aperture&quot;:&quot;0&quot;,&quot;credit&quot;:&quot;&quot;,&quot;camera&quot;:&quot;&quot;,&quot;caption&quot;:&quot;&quot;,&quot;created_timestamp&quot;:&quot;0&quot;,&quot;copyright&quot;:&quot;&quot;,&quot;focal_length&quot;:&quot;0&quot;,&quot;iso&quot;:&quot;0&quot;,&quot;shutter_speed&quot;:&quot;0&quot;,&quot;title&quot;:&quot;&quot;,&quot;orientation&quot;:&quot;0&quot;}\" data-image-title=\"Inauguracao-Creche-Paudalho-11\" data-image-description=\"\" data-image-caption=\"\" data-medium-file=\"https:\/\/www.paudalho.pe.gov.br\/portal\/wp-content\/uploads\/2023\/02\/Inauguracao-Creche-Paudalho-11-350x230.jpg\" data-large-file=\"https:\/\/www.paudalho.pe.gov.br\/portal\/wp-content\/uploads\/2023\/02\/Inauguracao-Creche-Paudalho-11-800x450.jpg\" data-id=\"24506\" src=\"https:\/\/www.paudalho.pe.gov.br\/portal\/wp-content\/uploads\/2023\/02\/Inauguracao-Creche-Paudalho-11-350x230.jpg\" alt=\"\" class=\"wp-image-24506\"\/><\/figure>\n\n\n\n<figure class=\"wp-block-image size-medium\"><img loading=\"lazy\" decoding=\"async\" width=\"350\" height=\"230\" data-attachment-id=\"24507\" data-permalink=\"https:\/\/www.paudalho.pe.gov.br\/portal\/prefeitura-do-paudalho-inaugura-creche-e-praca-no-valor-de-cerca-de-r-3-milhoes\/inauguracao-creche-paudalho-12\/\" data-orig-file=\"https:\/\/www.paudalho.pe.gov.br\/portal\/wp-content\/uploads\/2023\/02\/Inauguracao-Creche-Paudalho-12.jpg\" data-orig-size=\"1280,853\" data-comments-opened=\"1\" data-image-meta=\"{&quot;aperture&quot;:&quot;0&quot;,&quot;credit&quot;:&quot;&quot;,&quot;camera&quot;:&quot;&quot;,&quot;caption&quot;:&quot;&quot;,&quot;created_timestamp&quot;:&quot;0&quot;,&quot;copyright&quot;:&quot;&quot;,&quot;focal_length&quot;:&quot;0&quot;,&quot;iso&quot;:&quot;0&quot;,&quot;shutter_speed&quot;:&quot;0&quot;,&quot;title&quot;:&quot;&quot;,&quot;orientation&quot;:&quot;0&quot;}\" data-image-title=\"Inauguracao-Creche-Paudalho-12\" data-image-description=\"\" data-image-caption=\"\" data-medium-file=\"https:\/\/www.paudalho.pe.gov.br\/portal\/wp-content\/uploads\/2023\/02\/Inauguracao-Creche-Paudalho-12-350x230.jpg\" data-large-file=\"https:\/\/www.paudalho.pe.gov.br\/portal\/wp-content\/uploads\/2023\/02\/Inauguracao-Creche-Paudalho-12-800x450.jpg\" data-id=\"24507\" src=\"https:\/\/www.paudalho.pe.gov.br\/portal\/wp-content\/uploads\/2023\/02\/Inauguracao-Creche-Paudalho-12-350x230.jpg\" alt=\"\" class=\"wp-image-24507\"\/><\/figure>\n<\/figure>\n","protected":false},"excerpt":{"rendered":"<p>Nesta quinta-feira (2) ocorreu a inaugura\u00e7\u00e3o da Creche Joana Ponciano da Silva e da Pra\u00e7a Jos\u00e9 Jo\u00e3o da Silva, localizadas na comunidade de Bel\u00e9m, em Paudalho, na Mata Norte de Pernambuco. Embalados pela apresenta\u00e7\u00e3o da Orquestra 100% Frevo, a popula\u00e7\u00e3o do bairro esteve presente para conhecer pela primeira vez o espa\u00e7o que conta com uma [&hellip;]<\/p>\n","protected":false},"author":11,"featured_media":24492,"comment_status":"open","ping_status":"open","sticky":false,"template":"","format":"standard","meta":{"_jetpack_newsletter_access":"","_jetpack_dont_email_post_to_subs":false,"_jetpack_newsletter_tier_id":0,"_jetpack_memberships_contains_paywalled_content":false,"_jetpack_memberships_contains_paid_content":false,"footnotes":""},"categories":[2,520,4,1],"tags":[189,1098,30,1104],"class_list":["post-24491","post","type-post","status-publish","format-standard","has-post-thumbnail","hentry","category-destaque","category-educacao-2","category-educacao","category-noticias","tag-creche","tag-creche-joana-ponciano-da-silva","tag-educacao","tag-praca-jose-joao-da-silva"],"jetpack_featured_media_url":"https:\/\/www.paudalho.pe.gov.br\/portal\/wp-content\/uploads\/2023\/02\/Inauguracao-Creche-Paudalho-06.jpg","jetpack_sharing_enabled":true,"jetpack_shortlink":"https:\/\/wp.me\/p98mS2-6n1","_links":{"self":[{"href":"https:\/\/www.paudalho.pe.gov.br\/portal\/wp-json\/wp\/v2\/posts\/24491","targetHints":{"allow":["GET"]}}],"collection":[{"href":"https:\/\/www.paudalho.pe.gov.br\/portal\/wp-json\/wp\/v2\/posts"}],"about":[{"href":"https:\/\/www.paudalho.pe.gov.br\/portal\/wp-json\/wp\/v2\/types\/post"}],"author":[{"embeddable":true,"href":"https:\/\/www.paudalho.pe.gov.br\/portal\/wp-json\/wp\/v2\/users\/11"}],"replies":[{"embeddable":true,"href":"https:\/\/www.paudalho.pe.gov.br\/portal\/wp-json\/wp\/v2\/comments?post=24491"}],"version-history":[{"count":3,"href":"https:\/\/www.paudalho.pe.gov.br\/portal\/wp-json\/wp\/v2\/posts\/24491\/revisions"}],"predecessor-version":[{"id":24510,"href":"https:\/\/www.paudalho.pe.gov.br\/portal\/wp-json\/wp\/v2\/posts\/24491\/revisions\/24510"}],"wp:featuredmedia":[{"embeddable":true,"href":"https:\/\/www.paudalho.pe.gov.br\/portal\/wp-json\/wp\/v2\/media\/24492"}],"wp:attachment":[{"href":"https:\/\/www.paudalho.pe.gov.br\/portal\/wp-json\/wp\/v2\/media?parent=24491"}],"wp:term":[{"taxonomy":"category","embeddable":true,"href":"https:\/\/www.paudalho.pe.gov.br\/portal\/wp-json\/wp\/v2\/categories?post=24491"},{"taxonomy":"post_tag","embeddable":true,"href":"https:\/\/www.paudalho.pe.gov.br\/portal\/wp-json\/wp\/v2\/tags?post=24491"}],"curies":[{"name":"wp","href":"https:\/\/api.w.org\/{rel}","templated":true}]}}